{"id":179462,"date":"2022-01-14T14:22:46","date_gmt":"2022-01-14T13:22:46","guid":{"rendered":"https:\/\/www.elche.es\/2022\/01\/impuls-al-nou-col%c2%b7legi-els-arrels-a-lentorn-del-martinez-valero-amb-laprovacio-del-projecte-basic\/"},"modified":"2022-01-14T15:14:33","modified_gmt":"2022-01-14T14:14:33","slug":"impuls-al-nou-col%c2%b7legi-els-arrels-a-lentorn-del-martinez-valero-amb-laprovacio-del-projecte-basic","status":"publish","type":"post","link":"https:\/\/www.elche.es\/va\/2022\/01\/impuls-al-nou-col%c2%b7legi-els-arrels-a-lentorn-del-martinez-valero-amb-laprovacio-del-projecte-basic\/","title":{"rendered":"Impuls al nou col\u00b7legi \u2018Les Arrels\u2019 a l&#8217;entorn del Mart\u00ednez Valero amb l&#8217;aprovaci\u00f3 del projecte b\u00e0sic"},"content":{"rendered":"<div class=\"wpb-content-wrapper\"><p>[vc_row el_id=&#8221;SUBTITULAR_NOTICIA&#8221;][vc_column][vc_column_text]<\/p>\n<hr \/>\n<h4>El portaveu de l&#8217;equip de Govern, H\u00e9ctor D\u00edez, explica que aquest centre, una de les actuacions m\u00e9s importants del Pla Edificant, pal\u00b7liar\u00e0 els problemes de falta de places que es dona a la zona est, una de les principals \u00e0rees de creixement de la ciutat<\/h4>\n<hr \/>\n<p>[\/vc_column_text][\/vc_column][\/vc_row][vc_row el_id=&#8221;TEXTO_FIN_NOTICIA&#8221;][vc_column][vc_column_text]La Junta de Govern Local ha procedit hui a l\u2019<strong>aprovaci\u00f3 del projecte b\u00e0sic per a la construcci\u00f3 del nou col\u00b7legi \u2018Les Arrels\u2019 (col\u00b7legi 37)<\/strong>. Aix\u00ed ho ha anunciat hui\u00a0<strong>el portaveu de l\u2019Equip de Govern, H\u00e9ctor D\u00edez<\/strong>, que ha destacat que es tracta d\u2019un important pas per a fer realitat\u00a0<strong>una de les actuacions m\u00e9s importants del Pla Edificant, una iniciativa que est\u00e0 duent a terme la Generalitat Valenciana en col\u00b7laboraci\u00f3 amb l\u2019Ajuntament<\/strong>\u00a0per a la dignificaci\u00f3 i l\u2019ampliaci\u00f3 de les infraestructures educatives a Elx.[\/vc_column_text][\/vc_column][\/vc_row][vc_row source=&#8221;media_library&#8221; image=&#8221;&#8221; img_size=&#8221;full&#8221; external_img_size=&#8221;&#8221; add_caption=&#8221;&#8221; alignment=&#8221;left&#8221; style=&#8221;&#8221; external_style=&#8221;&#8221; border_color=&#8221;grey&#8221; external_border_color=&#8221;grey&#8221; onclick=&#8221;link_image&#8221; img_link_target=&#8221;_self&#8221; el_class=&#8221;fotounicanoticia&#8221; title=&#8221;&#8221; custom_src=&#8221;&#8221; caption=&#8221;&#8221; link=&#8221;&#8221; img_link_large=&#8221;&#8221;][vc_column][vc_single_image image=&#8221;179458&#8243; img_size=&#8221;full&#8221; onclick=&#8221;link_image&#8221; el_class=&#8221;fotounicanoticia&#8221;][\/vc_column][\/vc_row][vc_row][vc_column][vc_column_text]<\/p>\n<div id=\"TEXTO_NOTICIA\" class=\"vc_row wpb_row vc_row-fluid\">\n<div class=\"wpb_column vc_column_container vc_col-sm-12\">\n<div class=\"vc_column-inner\">\n<div class=\"wpb_wrapper\">\n<div class=\"wpb_text_column wpb_content_element \">\n<div class=\"wpb_wrapper\">\n<p>Segons ha explicat D\u00edez, l\u2019empresa adjudicat\u00e0ria ha de presentar en el termini de dos mesos el contracte d\u2019execuci\u00f3 i l\u2019objectiu \u00e9s que\u00a0<strong>comencen les obres de construcci\u00f3 del col\u00b7legi en el present mandat<\/strong>.<\/p>\n<p>\u201cAquest col\u00b7legi vindr\u00e0 a pal\u00b7liar els problemes que actualment tenim a la zona est del nucli urb\u00e0, a l\u2019entorn de l\u2019estadi Mart\u00ednez Valero, i albergar\u00e0 l\u2019alumnat que actualment es troba al col\u00b7legi Carles III\u201d, ha indicat el regidor, que ha afegit que \u201ces tracta de\u00a0<strong>donar resposta a la demanda d\u2019una de les zones de creixement de la ciutat<\/strong>\u201d.<\/p>\n<p>El col\u00b7legi \u2018Els Arrels\u2019 s\u2019al\u00e7ar\u00e0 sobre una parcel\u00b7la de m\u00e9s de<strong>\u00a08.500 metres quadrats al carrer Antonio Agull\u00f3 Valero, al costat de l\u2019hort de \u201cTraval\u00f3n\u201d<\/strong>. El centre albergar\u00e0 prop de 500 alumnes d\u2019infantil i de prim\u00e0ria i l\u2019edifici es construir\u00e0 tenint en compte la seua integraci\u00f3 a l\u2019entorn.<\/p>\n<p>\u201cEs tracta d\u2019una\u00a0<strong>construcci\u00f3 en diferents plantes distribu\u00efdes en tres m\u00f2duls<\/strong>. Un far\u00e0 de serveis generals amb rebedor, aules de prim\u00e0ria i sales d\u2019administraci\u00f3. Un segon m\u00f2dul estar\u00e0 dedicat a les aules d\u2019infantil, lavabos i magatzems i el tercer m\u00f2dul correspon al gimn\u00e0s del centre que, a m\u00e9s, comptar\u00e0 amb pistes poliesportives\u201d, ha explicat el portaveu.<\/p>\n<\/div>\n<\/div>\n<\/div>\n<\/div>\n<\/div>\n<\/div>\n<div class=\"vc_row wpb_row vc_row-fluid\">\n<div class=\"wpb_column vc_column_container vc_col-sm-12\">\n<div class=\"vc_column-inner\">\n<div class=\"wpb_wrapper\">\n<div class=\"wpb_text_column wpb_content_element \">\n<div class=\"wpb_wrapper\">\n<h5>Gratu\u00eftat als Banys \u00c0rabs<\/h5>\n<\/div>\n<\/div>\n<\/div>\n<\/div>\n<\/div>\n<\/div>\n<div id=\"TEXTO_FIN_NOTICIA\" class=\"vc_row wpb_row vc_row-fluid\">\n<div class=\"wpb_column vc_column_container vc_col-sm-12\">\n<div class=\"vc_column-inner\">\n<div class=\"wpb_wrapper\">\n<div class=\"wpb_text_column wpb_content_element \">\n<div class=\"wpb_wrapper\">\n<p>La Junta de Govern ha acordat hui\u00a0<strong>declarar la gratu\u00eftat en l\u2019acc\u00e9s als Banys \u00c0rabs<\/strong>\u00a0amb l\u2019objectiu que tant els il\u00b7licitans i les il\u00b7licitanes com els visitants puguen visitar-los despr\u00e9s de les millores dutes a terme en aquests.<\/p>\n<p>D\u00edez ha recordat que \u201cen els \u00faltims mesos els Banys \u00c0rabs situats al convent de les Clarisses\u00a0<strong>han estat tancats per millores en les aplicacions audiovisuals per a la interpretaci\u00f3 dels banys, aix\u00ed com per treballs de manteniment per a modernitzar<\/strong>\u00a0el que \u00e9s\u00a0<strong>un dels museus m\u00e9s importants de la ciutat<\/strong>. Les obres ja han finalitzat i s\u2019ha reobert al p\u00fablic aquest Nadal amb un important \u00e8xit de visitants i el que ara acordem \u00e9s l\u2019exempci\u00f3 del pagament del preu p\u00fablic de manera temporal\u00a0<strong>fins al 28 de febrer<\/strong>\u201d.<\/p>\n<\/div>\n<\/div>\n<\/div>\n<\/div>\n<\/div>\n<\/div>\n<hr \/>\n<p>&nbsp;<\/p>\n<p>[\/vc_column_text][\/vc_column][\/vc_row][vc_row][vc_column width=&#8221;1\/2&#8243;]<audio class=\"sc_audio\" src=\"https:\/\/soundcloud.com\/ayuntamiento-de-elche\/hector-diez-sobre-asuntos-del-ceip-37-els-arrels?si=a4447d4afc4840478e8b5086df84e99e&#038;utm_source=clipboard&#038;utm_medium=text&#038;utm_campaign=social_sharing\" width=\"\" height=\"\"><\/audio>[\/vc_column][vc_column width=&#8221;1\/2&#8243;]<audio class=\"sc_audio\" src=\"https:\/\/soundcloud.com\/ayuntamiento-de-elche\/hector-diez-sobre-asuntos-de-los-banos-arabes?si=5d7d19685fc54ca4b0b66e38b639ebc5&#038;utm_source=clipboard&#038;utm_medium=text&#038;utm_campaign=social_sharing\" width=\"\" height=\"\"><\/audio>[\/vc_column][\/vc_row]<\/p>\n<\/div>","protected":false},"excerpt":{"rendered":"<p>[vc_row el_id=&#8221;SUBTITULAR_NOTICIA&#8221;][vc_column][vc_column_text] El portaveu de l&#8217;equip de Govern, H\u00e9ctor D\u00edez, explica que aquest centre, una de les actuacions m\u00e9s importants del Pla Edificant, pal\u00b7liar\u00e0 els problemes de falta de places [&hellip;]<\/p>\n","protected":false},"author":131,"featured_media":179457,"comment_status":"closed","ping_status":"closed","sticky":false,"template":"","format":"standard","meta":{"footnotes":""},"categories":[194,391,680,1312],"tags":[],"class_list":["post-179462","post","type-post","status-publish","format-standard","has-post-thumbnail","hentry","category-educacio-va","category-home-va","category-mantenimiento-va","category-noticias-va"],"_links":{"self":[{"href":"https:\/\/www.elche.es\/va\/wp-json\/wp\/v2\/posts\/179462","targetHints":{"allow":["GET"]}}],"collection":[{"href":"https:\/\/www.elche.es\/va\/wp-json\/wp\/v2\/posts"}],"about":[{"href":"https:\/\/www.elche.es\/va\/wp-json\/wp\/v2\/types\/post"}],"author":[{"embeddable":true,"href":"https:\/\/www.elche.es\/va\/wp-json\/wp\/v2\/users\/131"}],"replies":[{"embeddable":true,"href":"https:\/\/www.elche.es\/va\/wp-json\/wp\/v2\/comments?post=179462"}],"version-history":[{"count":0,"href":"https:\/\/www.elche.es\/va\/wp-json\/wp\/v2\/posts\/179462\/revisions"}],"wp:featuredmedia":[{"embeddable":true,"href":"https:\/\/www.elche.es\/va\/wp-json\/wp\/v2\/media\/179457"}],"wp:attachment":[{"href":"https:\/\/www.elche.es\/va\/wp-json\/wp\/v2\/media?parent=179462"}],"wp:term":[{"taxonomy":"category","embeddable":true,"href":"https:\/\/www.elche.es\/va\/wp-json\/wp\/v2\/categories?post=179462"},{"taxonomy":"post_tag","embeddable":true,"href":"https:\/\/www.elche.es\/va\/wp-json\/wp\/v2\/tags?post=179462"}],"curies":[{"name":"wp","href":"https:\/\/api.w.org\/{rel}","templated":true}]}}