{"id":179636,"date":"2022-01-17T15:32:34","date_gmt":"2022-01-17T14:32:34","guid":{"rendered":"https:\/\/www.elche.es\/2022\/01\/promocio-economica-entrega-els-premis-iniciativa-emprenedora-a-projectes-alineats-amb-els-objectius-de-desenvolupament-sostenible\/"},"modified":"2022-01-18T09:58:59","modified_gmt":"2022-01-18T08:58:59","slug":"promocio-economica-entrega-els-premis-iniciativa-emprenedora-a-projectes-alineats-amb-els-objectius-de-desenvolupament-sostenible","status":"publish","type":"post","link":"https:\/\/www.elche.es\/va\/2022\/01\/promocio-economica-entrega-els-premis-iniciativa-emprenedora-a-projectes-alineats-amb-els-objectius-de-desenvolupament-sostenible\/","title":{"rendered":"Promoci\u00f3 Econ\u00f2mica entrega els Premis Iniciativa Emprenedora a projectes alineats amb els Objectius de Desenvolupament Sostenible"},"content":{"rendered":"<div class=\"wpb-content-wrapper\"><p>[vc_row el_id=&#8221;SUBTITULAR_NOTICIA&#8221;][vc_column][vc_column_text]<\/p>\n<hr \/>\n<h4>El regidor de l&#8217;\u00e0rea, Carles Molina, reconeix a la Sala del Consell a les mercantils il\u00b7licitanes Los Muebles de Susana, Podas Elche y Cocolate, corresponent als mesos d&#8217;octubre, novembre i desembre de 2021, respectivament<\/h4>\n<hr \/>\n<p>[\/vc_column_text][\/vc_column][\/vc_row][vc_row el_id=&#8221;TEXTO_NOTICIA&#8221;][vc_column][vc_column_text]El regidor de Promoci\u00f3 Econ\u00f2mica, Carles Molina, ha entregat al migdia a la Sala del Consell els Premis Iniciativa Emprenedora del Mes, corresponent a octubre, novembre i desembre de 2021, a projectes alineats amb els Objectius de Desenvolupament Sostenible (ODS); <strong>a les empreses il\u00b7licitanes Los Muebles de Susana, Podas Elche y Cocolate<\/strong>[\/vc_column_text][\/vc_column][\/vc_row][vc_row type=&#8221;flexslider_slide&#8221; interval=&#8221;5&#8243; source=&#8221;media_library&#8221; images=&#8221;&#8221; img_size=&#8221;full&#8221; external_img_size=&#8221;&#8221; onclick=&#8221;link_image&#8221; custom_links_target=&#8221;_self&#8221; el_class=&#8221;galerianoticia&#8221; title=&#8221;&#8221; custom_srcs=&#8221;&#8221; custom_links=&#8221;&#8221;][vc_column][vc_gallery type=&#8221;flexslider_slide&#8221; interval=&#8221;5&#8243; images=&#8221;179603,179601,179599,179605,179597&#8243; img_size=&#8221;full&#8221; el_class=&#8221;galerianoticia&#8221;][\/vc_column][\/vc_row][vc_row el_id=&#8221;TEXTO_FIN_NOTICIA&#8221;][vc_column][vc_column_text]<strong>Los Muebles de Susana, de Susana Mart\u00ednez, s&#8217;ha al\u00e7at amb el guard\u00f3 d&#8217;octubre gr\u00e0cies a la seua idea d&#8217;economia circular al servei del reciclatge, recuperaci\u00f3 i reutilitzaci\u00f3 de mobles. Podas Elche S.L., de Jer\u00f3nimo D\u00edez, el de novembre per innovar en la poda de palmeres i arbres de gran altura, aix\u00ed com per la maquin\u00e0ria avan\u00e7ada emprada i la seua contribuci\u00f3 mediambiental. I a Cocolate S.C., de Saray Selva i Paloma Planelles, el de desembre per l&#8217;empatia cap als seus clients i enfocament cap a la responsabilitat social de la seua ag\u00e8ncia de publicitat i comunicaci\u00f3 integral especialitzada en els aut\u00f2noms i en les microempreses.<\/strong><\/p>\n<p>\u201cVolem que us arribe el nostre agra\u00efment per la vostra il\u00b7lusi\u00f3, dedicaci\u00f3 i esfor\u00e7 realitzat; estem segurs que seran projectes d&#8217;\u00e8xit, sent exemple d&#8217;innovaci\u00f3, gesti\u00f3, treball i sacrifici\u201d, ha manifestat Molina, que ha destacat que els projectes empresarials reconeguts estan \u201calineats amb els ODS\u201d de l&#8217;Agenda 2030 de l&#8217;ONU. <strong>\u201cAquests guardons valoren aquesta for\u00e7a emprenedora que t\u00e9 la nostra ciutat en diversos sectors\u201d, ha subratllat despr\u00e9s de recalcar el dinamisme del teixit empresarial il\u00b7licit\u00e0<\/strong>.<\/p>\n<p>A m\u00e9s de l&#8217;estatueta, <strong>els premiats rebran 2.500 euros en premis; 1.000 euros en met\u00e0l\u00b7lic per part de l&#8217;Oficina Municipal de la Iniciativa Emprenedora de la Regidoria i la resta en forma d&#8217;avantatges<\/strong> (descomptes en lloguers de despatxos, publicitat en l\u00ednia gratu\u00efta, exempci\u00f3 de quotes associatives durant 12 mesos\u2026) brindades per les entitats col\u00b7laboradores CEEI Elche, JOVEMPA, el Parc Cient\u00edfic de la UMH, AESEC, la Cambra de Comer\u00e7 i Terciario Avanzado.<\/p>\n<h5>Ajudes i assessorament a noves empreses<\/h5>\n<p>El regidor, que ha explicat que els Premis Iniciativa Emprenedora del Mes ara s&#8217;entreguen \u201ctrimestralment per les circumst\u00e0ncies covid\u201d, ha recordat que <strong>l&#8217;Ajuntament compta amb els programes Elx Emprende i Elx Emplea, dotats entre tots dos d&#8217;un pressupost total de 400.000 euros<\/strong>. Gr\u00e0cies a aquestes subvencions, aquells que s&#8217;inicien en l&#8217;emprenedoria o els negocis que desitgen ampliar les seues plantilles poden sol\u00b7licitar fins a 2.400 euros en ajudes, cadascuna, en diverses convocat\u00f2ries.<\/p>\n<p>Des de l&#8217;Oficina Municipal de la Iniciativa Emprenedora, ha continuat Molina, s&#8217;efectua un assessorament integral, per ajudar i acompanyar els emprenedors en el seu proc\u00e9s d&#8217;aprenentatge per aconsellar-los i realitzar els tr\u00e0mits de constituci\u00f3 i alta amb el Punt d&#8217;Atenci\u00f3 a l&#8217;Emprenedor (PAE). Aix\u00ed mateix, <strong>ha destacat que amb l&#8217;acord signat amb MicroBank (CaixaBank), els nous emprenedors podran optar a 20.000 euros de pr\u00e9stec amb la guia i l&#8217;assessorament de l&#8217;Oficina Municipal amb la finalitat de facilitar l&#8217;acc\u00e9s a aquest finan\u00e7ament<\/strong>.<\/p>\n<hr \/>\n<p>&nbsp;<\/p>\n<p>[\/vc_column_text][\/vc_column][\/vc_row][vc_row][vc_column width=&#8221;1\/6&#8243;][\/vc_column][vc_column width=&#8221;2\/3&#8243;]<audio class=\"sc_audio\" src=\"https:\/\/soundcloud.com\/ayuntamiento-de-elche\/carles-molina-en-los-premios-iniciativa-emprendedora-del-mes-del-ultimo-trimestre-de-2021?si=1ee9c59b57874758bba7dd5fd16e1513&#038;utm_source=clipboard&#038;utm_medium=text&#038;utm_campaign=social_sharing\" width=\"\" height=\"\"><\/audio>[\/vc_column][vc_column width=&#8221;1\/6&#8243;][\/vc_column][\/vc_row]<\/p>\n<\/div>","protected":false},"excerpt":{"rendered":"<p>[vc_row el_id=&#8221;SUBTITULAR_NOTICIA&#8221;][vc_column][vc_column_text] El regidor de l&#8217;\u00e0rea, Carles Molina, reconeix a la Sala del Consell a les mercantils il\u00b7licitanes Los Muebles de Susana, Podas Elche y Cocolate, corresponent als mesos d&#8217;octubre, [&hellip;]<\/p>\n","protected":false},"author":15,"featured_media":179596,"comment_status":"closed","ping_status":"closed","sticky":false,"template":"","format":"standard","meta":{"footnotes":""},"categories":[391,1312,183],"tags":[],"class_list":["post-179636","post","type-post","status-publish","format-standard","has-post-thumbnail","hentry","category-home-va","category-noticias-va","category-pomocio-economica"],"_links":{"self":[{"href":"https:\/\/www.elche.es\/va\/wp-json\/wp\/v2\/posts\/179636","targetHints":{"allow":["GET"]}}],"collection":[{"href":"https:\/\/www.elche.es\/va\/wp-json\/wp\/v2\/posts"}],"about":[{"href":"https:\/\/www.elche.es\/va\/wp-json\/wp\/v2\/types\/post"}],"author":[{"embeddable":true,"href":"https:\/\/www.elche.es\/va\/wp-json\/wp\/v2\/users\/15"}],"replies":[{"embeddable":true,"href":"https:\/\/www.elche.es\/va\/wp-json\/wp\/v2\/comments?post=179636"}],"version-history":[{"count":0,"href":"https:\/\/www.elche.es\/va\/wp-json\/wp\/v2\/posts\/179636\/revisions"}],"wp:featuredmedia":[{"embeddable":true,"href":"https:\/\/www.elche.es\/va\/wp-json\/wp\/v2\/media\/179596"}],"wp:attachment":[{"href":"https:\/\/www.elche.es\/va\/wp-json\/wp\/v2\/media?parent=179636"}],"wp:term":[{"taxonomy":"category","embeddable":true,"href":"https:\/\/www.elche.es\/va\/wp-json\/wp\/v2\/categories?post=179636"},{"taxonomy":"post_tag","embeddable":true,"href":"https:\/\/www.elche.es\/va\/wp-json\/wp\/v2\/tags?post=179636"}],"curies":[{"name":"wp","href":"https:\/\/api.w.org\/{rel}","templated":true}]}}