{"id":179948,"date":"2022-01-19T14:49:59","date_gmt":"2022-01-19T13:49:59","guid":{"rendered":"https:\/\/www.elche.es\/2022\/01\/pedro-sanchez-visita-elx-per-a-coneixer-de-primera-ma-la-regeneracio-urbana-del-barri-de-sant-antoni\/"},"modified":"2022-01-21T10:22:14","modified_gmt":"2022-01-21T09:22:14","slug":"pedro-sanchez-visita-elx-per-a-coneixer-de-primera-ma-la-regeneracio-urbana-del-barri-de-sant-antoni","status":"publish","type":"post","link":"https:\/\/www.elche.es\/va\/2022\/01\/pedro-sanchez-visita-elx-per-a-coneixer-de-primera-ma-la-regeneracio-urbana-del-barri-de-sant-antoni\/","title":{"rendered":"Pedro S\u00e1nchez visita Elx per a con\u00e9ixer de primera m\u00e0 la regeneraci\u00f3 urbana del barri de Sant Antoni"},"content":{"rendered":"<div class=\"wpb-content-wrapper\"><p>[vc_row el_id=&#8221;SUBTITULAR_NOTICIA&#8221;][vc_column][vc_column_text]<\/p>\n<hr \/>\n<h4>L&#8217;alcalde, Carlos Gonz\u00e1lez, acompanya el president del Govern en la seua visita al bloc tercer i planteja la necessitat de continuar avan\u00e7ant en el finan\u00e7ament d&#8217;aquesta actuaci\u00f3, pionera en el conjunt del pa\u00eds<\/h4>\n<hr \/>\n<p>[\/vc_column_text][\/vc_column][\/vc_row][vc_row el_id=&#8221;TEXTO_NOTICIA&#8221;][vc_column][vc_column_text]<strong>El president del Govern d&#8217;Espanya, Pedro S\u00e1nchez, ha visitat aquest mat\u00ed Elx per a con\u00e9ixer de primera m\u00e0 el projecte de l&#8217;\u00c0rea de Regeneraci\u00f3 i Renovaci\u00f3 Urbana (ARRU) de Sant Antoni.<\/strong> L&#8217;alcalde d&#8217;Elx, Carlos Gonz\u00e1lez, i la regidora d&#8217;Urbanisme, Ana Arabid, han acompanyat S\u00e1nchez en aquesta visita al tercer bloc de Sant Antoni. All\u00ed, el mateix Gonz\u00e1lez, i el gerent de Pimesa, Antonio Mart\u00ednez, han explicat al president d&#8217;Estat Espanyol en qu\u00e8 est\u00e0 consistint aquest ambici\u00f3s projecte de regeneraci\u00f3 urbana, pioner en el conjunt del pa\u00eds, tal com ha destacat Gonz\u00e1lez.<\/p>\n<p>[\/vc_column_text][\/vc_column][\/vc_row][vc_row link=&#8221;https:\/\/vimeo.com\/51589652&#8243; el_width=&#8221;100&#8243; el_aspect=&#8221;169&#8243; align=&#8221;left&#8221; el_class=&#8221;videonoticia&#8221; title=&#8221;&#8221;][vc_column][vc_video link=&#8221;https:\/\/www.youtube.com\/watch?v=ZF7wwq5vZqY&amp;list=PLL7aRccIha_LGc4yCpVKgnWFiKtwd_4Yb&amp;index=1&#8243; el_class=&#8221;videonoticia&#8221;][\/vc_column][\/vc_row][vc_row el_id=&#8221;TEXTO_FIN_NOTICIA&#8221;][vc_column][vc_column_text]<strong>Juntament amb Pedro S\u00e1nchez han visitat Elx la ministra d&#8217;Agenda Urbana, Raquel S\u00e1nchez, i el secretari d&#8217;Estat d&#8217;aquest ministeri, David Lucas.<\/strong> Tamb\u00e9 han estat el conseller d&#8217;Habitatge, H\u00e9ctor Illueca; la consellera d&#8217;Innovaci\u00f3, Carolina Pascual; la delegada del Govern, Gloria Calero; el diputat en les Corts, Alejandro Soler; el diputat auton\u00f2mic, Francis Rubio; i membres de l&#8217;Equip de Govern.<\/p>\n<p>Tal com ha assenyalat Pedro S\u00e1nchez, <strong>\u201cels dos objectius d&#8217;aquesta visita han sigut donar a con\u00e9ixer el gran impacte social i urb\u00e0 de l&#8217;ARRU de Sant Antoni i, al mateix temps, fer un pas decidit per a aconseguir el finan\u00e7ament de la tercera fase d&#8217;aquesta actuaci\u00f3 en el barri\u201d<\/strong>, ha indicat l&#8217;alcalde Carlos Gonz\u00e1lez.<\/p>\n<p>\u201cConsiderem enormement important que el president del Govern d&#8217;Espanya i la ministra de Mobilitat i Habitatge hagen visitat l&#8217;ARRU de Sant Antoni. Una actuaci\u00f3 que \u00e9s pionera en tota Espanya, que significa la regeneraci\u00f3 d&#8217;un barri degradat amb elements de vulnerabilitat que estem modernitzant\u201d, ha destacat l&#8217;alcalde A m\u00e9s, ha afegit que<strong> \u201caquesta important actuaci\u00f3, per la qual s&#8217;ha interessat Pedro S\u00e1nchez, significar\u00e0 la renovaci\u00f3 total del barri, la seua regeneraci\u00f3 urbana i, en definitiva, la millora de la qualitat de vida dels seus ve\u00efns i ve\u00efnes\u201d<\/strong>.<\/p>\n<p><strong>Gonz\u00e1lez ha recordat que aquesta actuaci\u00f3 afecta a 15 edificis, a m\u00e9s de mil habitatges, de les quals ja s&#8217;han executat tres edificis i comen\u00e7aran les obres del quart.<\/strong> \u201cEstem parlant de 284 habitatges constru\u00efts i una inversi\u00f3 fins ara de m\u00e9s de 18 milions d&#8217;euros, m\u00e9s IVA. A aquestes cal sumar els 54 habitatges que componen el quart edifici, que fan un total de 338 habitatges\u201d.<\/p>\n<p>L&#8217;alcalde ha indicat que aquesta actuaci\u00f3 <strong>t\u00e9 un gran impacte urb\u00e0 i tamb\u00e9 un enorme impacte social<\/strong>.[\/vc_column_text][\/vc_column][\/vc_row][vc_row type=&#8221;flexslider_slide&#8221; interval=&#8221;5&#8243; source=&#8221;media_library&#8221; images=&#8221;&#8221; img_size=&#8221;full&#8221; external_img_size=&#8221;&#8221; onclick=&#8221;link_image&#8221; custom_links_target=&#8221;_self&#8221; el_class=&#8221;galerianoticia&#8221; title=&#8221;&#8221; custom_srcs=&#8221;&#8221; custom_links=&#8221;&#8221;][vc_column][vc_gallery type=&#8221;flexslider_slide&#8221; interval=&#8221;5&#8243; images=&#8221;179902,179904,179906,179908,179910,179912,179914,179916,179918,179920,179922,179924,179926,179928,179930,179932,179934,179936,179938&#8243; img_size=&#8221;full&#8221; el_class=&#8221;galerianoticia&#8221;][\/vc_column][\/vc_row][vc_row][vc_column][vc_column_text]Segons ha explicat l&#8217;alcalde, \u201chem aprofitat aquesta visita per a plantejar al president del Govern, a la ministra d&#8217;Habitatge i al secretari d&#8217;Estat d&#8217;Agenda Urbana la necessitat d&#8217;abordar el finan\u00e7ament de les seg\u00fcents fases que ens permeten completar aquesta actuaci\u00f3, ja que <strong>l&#8217;objectiu de l&#8217;Equip de Govern \u00e9s tindre garantida el finan\u00e7ament de l&#8217;actuaci\u00f3 en el seu conjunt que comporta la reconstrucci\u00f3 completa del barri de Sant Antoni<\/strong> i, per tant la renovaci\u00f3 dels 15 edificis i la construcci\u00f3 de les edificacions necess\u00e0ries per a albergar aquests mil habitatges i les 2.000 persones que viuen actualment en el barri\u201d.<\/p>\n<p>L&#8217;alcalde ha indicat que s&#8217;ha concretat amb el secretari d&#8217;Estat d&#8217;Agenda Urbana <strong>una imminent reuni\u00f3 en la qual poder continuar avan\u00e7ant amb un nou conveni que done empara a la tercera fase de l&#8217;ARRU de Sant Antoni<\/strong>.<\/p>\n<p>\u201cHi ha un comprom\u00eds del Govern d&#8217;Espanya de continuar finan\u00e7ant, juntament amb la Generalitat Valenciana, una actuaci\u00f3 que t\u00e9 un gran impacte urb\u00e0 i social i que, al mateix temps, <strong>\u00e9s un element de reactivaci\u00f3 econ\u00f2mica, perqu\u00e8 no podem perdre de vista que cada vegada que Pimesa i l&#8217;Ajuntament invertim sis milions d&#8217;euros en la construcci\u00f3 d&#8217;un d&#8217;aquests edificis<\/strong> estem contribuint a la regeneraci\u00f3 del barri i a la millora de la qualitat de vida de les seues ve\u00efnes i ve\u00efns, per\u00f2 tamb\u00e9 a generar activitat econ\u00f2mica i ocupaci\u00f3\u201d, ha concl\u00f2s Carlos Gonz\u00e1lez.<\/p>\n<hr \/>\n<p>[\/vc_column_text][\/vc_column][\/vc_row][vc_row][vc_column width=&#8221;1\/6&#8243;][\/vc_column][vc_column width=&#8221;2\/3&#8243;]<audio class=\"sc_audio\" src=\"https:\/\/soundcloud.com\/ayuntamiento-de-elche\/carlos-gonzalez-sobre-la-visita-de-pedro-sanchez-a-san-anton?si=8edc98a25ff24d32a0a78cfeb306da46&#038;utm_source=clipboard&#038;utm_medium=text&#038;utm_campaign=social_sharing\" width=\"\" height=\"\"><\/audio>[\/vc_column][vc_column width=&#8221;1\/6&#8243;][\/vc_column][\/vc_row]<\/p>\n<\/div>","protected":false},"excerpt":{"rendered":"<p>[vc_row el_id=&#8221;SUBTITULAR_NOTICIA&#8221;][vc_column][vc_column_text] L&#8217;alcalde, Carlos Gonz\u00e1lez, acompanya el president del Govern en la seua visita al bloc tercer i planteja la necessitat de continuar avan\u00e7ant en el finan\u00e7ament d&#8217;aquesta actuaci\u00f3, pionera [&hellip;]<\/p>\n","protected":false},"author":15,"featured_media":179883,"comment_status":"closed","ping_status":"closed","sticky":false,"template":"","format":"standard","meta":{"footnotes":""},"categories":[391,1312,210],"tags":[],"class_list":["post-179948","post","type-post","status-publish","format-standard","has-post-thumbnail","hentry","category-home-va","category-noticias-va","category-urbanisme-va"],"_links":{"self":[{"href":"https:\/\/www.elche.es\/va\/wp-json\/wp\/v2\/posts\/179948","targetHints":{"allow":["GET"]}}],"collection":[{"href":"https:\/\/www.elche.es\/va\/wp-json\/wp\/v2\/posts"}],"about":[{"href":"https:\/\/www.elche.es\/va\/wp-json\/wp\/v2\/types\/post"}],"author":[{"embeddable":true,"href":"https:\/\/www.elche.es\/va\/wp-json\/wp\/v2\/users\/15"}],"replies":[{"embeddable":true,"href":"https:\/\/www.elche.es\/va\/wp-json\/wp\/v2\/comments?post=179948"}],"version-history":[{"count":0,"href":"https:\/\/www.elche.es\/va\/wp-json\/wp\/v2\/posts\/179948\/revisions"}],"wp:featuredmedia":[{"embeddable":true,"href":"https:\/\/www.elche.es\/va\/wp-json\/wp\/v2\/media\/179883"}],"wp:attachment":[{"href":"https:\/\/www.elche.es\/va\/wp-json\/wp\/v2\/media?parent=179948"}],"wp:term":[{"taxonomy":"category","embeddable":true,"href":"https:\/\/www.elche.es\/va\/wp-json\/wp\/v2\/categories?post=179948"},{"taxonomy":"post_tag","embeddable":true,"href":"https:\/\/www.elche.es\/va\/wp-json\/wp\/v2\/tags?post=179948"}],"curies":[{"name":"wp","href":"https:\/\/api.w.org\/{rel}","templated":true}]}}