{"id":180710,"date":"2022-01-26T14:06:34","date_gmt":"2022-01-26T13:06:34","guid":{"rendered":"https:\/\/www.elche.es\/2022\/01\/lajuntament-proposa-traslladar-lobertura-comercial-del-diumenge-de-rams-i-del-dia-de-lassumpcio-al-al-25-dabril-i-al-14-dagost\/"},"modified":"2022-01-26T14:34:15","modified_gmt":"2022-01-26T13:34:15","slug":"lajuntament-proposa-traslladar-lobertura-comercial-del-diumenge-de-rams-i-del-dia-de-lassumpcio-al-al-25-dabril-i-al-14-dagost","status":"publish","type":"post","link":"https:\/\/www.elche.es\/va\/2022\/01\/lajuntament-proposa-traslladar-lobertura-comercial-del-diumenge-de-rams-i-del-dia-de-lassumpcio-al-al-25-dabril-i-al-14-dagost\/","title":{"rendered":"L&#8217;Ajuntament proposa traslladar l&#8217;obertura comercial del Diumenge de Rams i del Dia de l&#8217;Assumpci\u00f3 al 25 d&#8217;abril i al 14 d&#8217;agost"},"content":{"rendered":"<div class=\"wpb-content-wrapper\"><p>[vc_row el_id=&#8221;SUBTITULAR_NOTICIA&#8221;][vc_column][vc_column_text]<\/p>\n<hr \/>\n<h4>El regidor de Comer\u00e7, Felip S\u00e0nchez, explica que aquest ha sigut un dels assumptes tractats en el Consell de Desenvolupament Comercial en el qual s&#8217;ha presentat tamb\u00e9 la mem\u00f2ria d&#8217;activitats de la Regidoria<\/h4>\n<hr \/>\n<h4><\/h4>\n<p>[\/vc_column_text][\/vc_column][\/vc_row][vc_row el_id=&#8221;TEXTO_NOTICIA&#8221;][vc_column][vc_column_text]<\/p>\n<p><strong>L&#8217;Ajuntament d&#8217;Elx proposa modificar la proposta de la Generalitat sobre festius d&#8217;obertura i planteja traslladar l&#8217;obertura dels comer\u00e7os del 10 d&#8217;abril (Diumenge de Rams) al 25 d&#8217;abril<\/strong> i deshabilitar el 15 d&#8217;agost, Dia de l&#8217;Assumpci\u00f3, i en el seu lloc permetre l&#8217;obertura el 14 d&#8217;agost, at\u00e9s que es produeix concurr\u00e8ncia de festius d&#8217;obertura i \u00e9s obligatori obrir un dia. Amb aix\u00f2 s&#8217;aconsegueix no augmentar el numere de festius d&#8217;obertura lliure permesos a l&#8217;any.<br \/>\n<strong>Aix\u00ed ho ha explicat el regidor de Comer\u00e7, Felip S\u00e0nchez<\/strong>, que ha indicat que aquest ha sigut un dels assumptes abordats en el Consell de Desenvolupament Comercial celebrat aquesta vesprada al Centre de Congressos.<\/p>\n<p>\u201cHui hem tractat primerament fer una mem\u00f2ria de les activitats realitzades al llarg de 2021. <strong>Com ja sabem, ha sigut un any complicat per les circumst\u00e0ncies de la Covid<\/strong> i malgrat aix\u00f2 s&#8217;han realitzat molt\u00edssimes activitats de dinamitzaci\u00f3 comercial\u201d.<\/p>\n<p>[\/vc_column_text][\/vc_column][\/vc_row][vc_row type=&#8221;flexslider_slide&#8221; interval=&#8221;5&#8243; source=&#8221;media_library&#8221; images=&#8221;&#8221; img_size=&#8221;full&#8221; external_img_size=&#8221;&#8221; onclick=&#8221;link_image&#8221; custom_links_target=&#8221;_self&#8221; el_class=&#8221;galerianoticia&#8221; title=&#8221;&#8221; custom_srcs=&#8221;&#8221; custom_links=&#8221;&#8221;][vc_column][vc_gallery type=&#8221;flexslider_slide&#8221; interval=&#8221;5&#8243; images=&#8221;180683,180685&#8243; img_size=&#8221;full&#8221; el_class=&#8221;galerianoticia&#8221;][\/vc_column][\/vc_row][vc_row][vc_column][vc_column_text]<\/p>\n<p>A m\u00e9s, <strong>aquesta vesprada ha tingut lloc la presentaci\u00f3 d&#8217;una \u2018Guia de comer\u00e7 i hostaleria sostenible\u2019 realitzada entre la Regidoria de Comer\u00e7, la Regidoria de Medi Ambient i la Plataforma de l&#8217;Hostaleria Il\u00b7licitana<\/strong> \u201cper a donar unes pautes a tots aquests negocis amb la finalitat que puguen desenvolupar la seua activitat d&#8217;una manera m\u00e9s respectuosa amb el medi ambient i contribuir amb aix\u00f2 a tota la societat\u201d.<\/p>\n<p>\u201cCom \u00e9s habitual a l&#8217;inici de l&#8217;any, hem vist els festius d&#8217;abertura lliure\u201d, <strong>ha explicat S\u00e0nchez, que ha afegit que \u201chi ha diverses peticions, tant per la part de les grans superf\u00edcies, com per la part dels supermercats per a fer uns canvis<\/strong> i des de la Regidoria de Comer\u00e7 el que no volem \u00e9s ampliar el nombre de festius d&#8217;obertura\u201d.<\/p>\n<p>[\/vc_column_text][\/vc_column][\/vc_row][vc_row el_id=&#8221;DESTACADO_NOTICIA&#8221;][vc_column][vc_column_text el_class=&#8221;cuadronoticia&#8221;]<\/p>\n<h5>El regidor de Comer\u00e7, Felip S\u00e0nchez, explica que aquest ha sigut un dels assumptes tractats en el Consell de Desenvolupament Comercial en el qual s&#8217;ha presentat tamb\u00e9 la mem\u00f2ria d&#8217;activitats de la Regidoria<\/h5>\n<p>[\/vc_column_text][\/vc_column][\/vc_row][vc_row el_id=&#8221;TEXTO_FIN_NOTICIA&#8221;][vc_column][vc_column_text]\u201c<strong>Per aix\u00f2, el que es procedir\u00e0 \u00e9s a traslladar l&#8217;obertura del 10 d&#8217;abril, que \u00e9s el Diumenge de Rams, al dia de Sant Vicent (25 d&#8217;abril) per a evitar que aquest dia es puga obrir.<\/strong> En el cap de setmana de Sant Vicent hi ha peticions d&#8217;obertura per part de grans superf\u00edcies i supermercats. A l&#8217;haver concurr\u00e8ncies de festius traslladem l&#8217;obertura del Diumenge de Rams al Dia de Sant Vicent, per a evitar aquesta concurr\u00e8ncia de festius i, a m\u00e9s, facilitar que el Diumenge de Rams no s&#8217;\u00f2briga\u201d, ha indicat el regidor. A m\u00e9s, ha afegit que \u201ctamb\u00e9 fem un altre canvi que \u00e9s que el dia 15 d&#8217;agost, \u00e9s un festiu nacional i demanem que es deshabilite i traslladar aquesta obertura que hem de mantindre perqu\u00e8 hi ha concurr\u00e8ncia de festius al diumenge 14 d&#8217;agost. <strong>Amb aix\u00f2 facilitem que aquest dia, que \u00e9s el dia gran de les nostres festes, els comer\u00e7os romanguen tancats<\/strong>\u201d.<\/p>\n<p><strong>S\u00e0nchez ha aclarit que el canvi del 10 d&#8217;abril es decideix per Junta de Govern \u201cperqu\u00e8 s\u00f3n canvis amb una festivitat local\u201d<\/strong> i el canvi la deshabilitaci\u00f3 del dia 15 i l&#8217;habilitaci\u00f3 del dia 14, \u201cs\u00ed que la sol\u00b7licitem a la Conselleria, per\u00f2 estem conven\u00e7uts que se&#8217;ns concedir\u00e0 aquest canvi\u201d.<\/p>\n<hr \/>\n<p>[\/vc_column_text][\/vc_column][\/vc_row]<\/p>\n<\/div>","protected":false},"excerpt":{"rendered":"<p>[vc_row el_id=&#8221;SUBTITULAR_NOTICIA&#8221;][vc_column][vc_column_text] El regidor de Comer\u00e7, Felip S\u00e0nchez, explica que aquest ha sigut un dels assumptes tractats en el Consell de Desenvolupament Comercial en el qual s&#8217;ha presentat tamb\u00e9 la [&hellip;]<\/p>\n","protected":false},"author":15,"featured_media":180681,"comment_status":"closed","ping_status":"closed","sticky":false,"template":"","format":"standard","meta":{"footnotes":""},"categories":[2636,391,1312],"tags":[],"class_list":["post-180710","post","type-post","status-publish","format-standard","has-post-thumbnail","hentry","category-comerc-va","category-home-va","category-noticias-va"],"_links":{"self":[{"href":"https:\/\/www.elche.es\/va\/wp-json\/wp\/v2\/posts\/180710","targetHints":{"allow":["GET"]}}],"collection":[{"href":"https:\/\/www.elche.es\/va\/wp-json\/wp\/v2\/posts"}],"about":[{"href":"https:\/\/www.elche.es\/va\/wp-json\/wp\/v2\/types\/post"}],"author":[{"embeddable":true,"href":"https:\/\/www.elche.es\/va\/wp-json\/wp\/v2\/users\/15"}],"replies":[{"embeddable":true,"href":"https:\/\/www.elche.es\/va\/wp-json\/wp\/v2\/comments?post=180710"}],"version-history":[{"count":0,"href":"https:\/\/www.elche.es\/va\/wp-json\/wp\/v2\/posts\/180710\/revisions"}],"wp:featuredmedia":[{"embeddable":true,"href":"https:\/\/www.elche.es\/va\/wp-json\/wp\/v2\/media\/180681"}],"wp:attachment":[{"href":"https:\/\/www.elche.es\/va\/wp-json\/wp\/v2\/media?parent=180710"}],"wp:term":[{"taxonomy":"category","embeddable":true,"href":"https:\/\/www.elche.es\/va\/wp-json\/wp\/v2\/categories?post=180710"},{"taxonomy":"post_tag","embeddable":true,"href":"https:\/\/www.elche.es\/va\/wp-json\/wp\/v2\/tags?post=180710"}],"curies":[{"name":"wp","href":"https:\/\/api.w.org\/{rel}","templated":true}]}}