{"id":18105,"date":"2017-04-03T08:36:55","date_gmt":"2017-04-03T07:36:55","guid":{"rendered":"http:\/\/www.elche.es\/va\/2017\/04\/rodriguez-zapatero-la-memoria-historica-no-es-para-buscar-culpables-sino-para-recuperar-la-memoria-personal\/"},"modified":"2017-04-03T13:26:31","modified_gmt":"2017-04-03T12:26:31","slug":"rodriguez-zapatero-la-memoria-historica-no-es-para-buscar-culpables-sino-para-recuperar-la-memoria-personal","status":"publish","type":"post","link":"https:\/\/www.elche.es\/va\/2017\/04\/rodriguez-zapatero-la-memoria-historica-no-es-para-buscar-culpables-sino-para-recuperar-la-memoria-personal\/","title":{"rendered":"Rodr\u00edguez Zapatero: \u201cLa mem\u00f2ria hist\u00f2rica no \u00e9s per a buscar culpables sin\u00f3 per a recuperar la mem\u00f2ria personal\u201d"},"content":{"rendered":"<blockquote><p>L\u2019expresident del Govern i l\u2019alcalde d\u2019Elx assistixen a la presentaci\u00f3 d\u2019un estudi sobre l\u2019Holocaust i la Guerra Civil realitzat per estudiants de l\u2019IES Tirant Lo Blanc i diversos centres europeus<br \/>\nCarlos Gonz\u00e1lez destaca \u201cel coratge, la valentia i la dignitat\u201d de Zapatero per impulsar la Llei de Mem\u00f2ria hist\u00f2rica<\/p><\/blockquote>\n<p>L\u2019expresident del Govern, Jos\u00e9 Luis Rodr\u00edguez Zapatero, ha visitat este mat\u00ed Elx per assistir a un acte estudiantil, al qual tamb\u00e9 ha acudit l\u2019alcalde, Carlos Gonz\u00e1lez, sobre la mem\u00f2ria hist\u00f2rica, l\u2019Holocaust i la Guerra Civil. Concretament, es tracta d\u2019un projecte <em>Erasmus<\/em> finan\u00e7at per la Uni\u00f3 Europea i en el qual ha participat un total de 8 instituts europeus, entre ells l\u2019IES Tirant Lo Blanc d\u2019Elx, on s\u2019ha realitzat l\u2019acte, i del qual s\u2019ha editat un llibre (<em>Lessons for present, lessons for future<\/em>) i obert la web www.lessonsforfuture.com.<br \/>\n\u201cLluitar per la mem\u00f2ria hist\u00f2rica no \u00e9s per a buscar culpables sin\u00f3 per a recuperar la mem\u00f2ria personal que permetr\u00e0 crear una mem\u00f2ria i una visi\u00f3 democr\u00e0tiques del passat\u201d, ha exposat Zapatero, que ha afegit que no hi ha res pitjor que els fanatismes ja que cal entendre que no hi ha ni races, ni religions, ni ideologies superiors a altres.<br \/>\nEls alumnes de l&#8217;IES Tirant Lo Blanc han estat treballant durant tres anys en una investigaci\u00f3 que ha volgut conscienciar sobre els principals problemes b\u00e8l\u00b7lics que es visqueren en el segle XX.<br \/>\nAlguns dels estudiants han llegit durant l\u2019acte relats que mostren la hist\u00f2ria de diverses persones que patiren les repres\u00e0lies en la Guerra Civil i el franquisme.<br \/>\nLluitar contra els preju\u00eds i els radicalismes<br \/>\n\u201cTeniu molta sort de poder debatre sobre estos temes, que en l\u2019\u00e8poca en la qual jo estudiava eren un secret a crits\u201d, ha assenyalat Rodr\u00edguez Zapatero, que ha afegit que \u00e9s de gran import\u00e0ncia que s\u2019eduque en els instituts sobre estos temes per a lluitar efica\u00e7ment per una societat lliure de preju\u00eds i radicalismes.<br \/>\nDespr\u00e9s de la representaci\u00f3 dels alumnes, l\u2019expresident ha entregat diplomes a estudiants que han participat en el projecte. Aix\u00ed mateix, en l\u2019acte tamb\u00e9 han estat presents, Federico Buyolo, director general de Cooperaci\u00f3 i Solidaritat; Jos\u00e9 Antonio Serrano, director de l\u2019institut; i Dar\u00edo Mart\u00ednez, impulsor d\u2019esta iniciativa; entre altres responsables del centre educatiu.<br \/>\nJos\u00e9 Lu\u00eds Rodr\u00edguez Zapatero ha visitat tamb\u00e9 una aula, on alumnes de tercer de l\u2019ESO han pogut fer-li totes les preguntes que els inquietaven. Un dels alumnes li ha preguntat a Zapatero sobre si se li qued\u00e0 en el tinter realitzar alguna reforma educativa mentre era president del Govern. \u201cSempre queden coses per fer per refor\u00e7ar la igualtat d\u2019oportunitats dels j\u00f3vens\u201d, ha respost Zapatero, que ha afegit que a pesar d\u2019all\u00f2 que pugen dir alguns estudis, les noves generacions estan molt preparades i que cal lluitar perqu\u00e8 els ex\u00e0mens no siguen una barrera que deixe en el cam\u00ed molts alumnes.<br \/>\nAix\u00ed mateix, l\u2019expresident ha volgut mostrar un missatge optimista als estudiants de l\u2019ESO i ha recalcat la import\u00e0ncia que t\u00e9 la vocaci\u00f3 a l\u2019hora de triar una professi\u00f3, ja que al final \u201ces el m\u00e9s important\u201d, aix\u00ed com desenrotllar habilitats per a parlar en p\u00fablic.<br \/>\nL\u2019acte en l\u2019institut finalitz\u00e0 amb una foto de fam\u00edlia de tots els assistents i el descobriment d\u2019una placa commemorativa.<br \/>\nLluitar des de les aules contra el fanatisme<br \/>\nDespr\u00e9s de la jornada en el Tirant lo Blanc, el Centre de Congressos \u201cCiutat d\u2019Elx\u201d ha sigut escenari de la presentaci\u00f3 del projecte davant d\u2019un p\u00fablic nombr\u00f3s, entre el qual es trobaven representants dels centres europeus que han col\u00b7laborat amb l\u2019institut il\u00b7licit\u00e0.<br \/>\nL\u2019acte fon dirigit pel professor Vicente Diaz i obert per l\u2019alcalde, que don\u00e0 la benvinguda i, adre\u00e7ant-se a Rodr\u00edguez Zapatero, assenyal\u00e0 que \u201cagra\u00efm l\u2019esfor\u00e7 que fas acompanyant-nos hui, que mostra, una volta m\u00e9s, la teua sensibilitat cap a un element tan important per a la conviv\u00e8ncia com \u00e9s el coneixement de la pr\u00f2pia hist\u00f2ria i el foment de la mem\u00f2ria democr\u00e0tica\u201d.<br \/>\n\u201cHui es tanca, amb este acte, un projecte <em>Erasmus<\/em> finan\u00e7at per la Uni\u00f3 Europea, que nasqu\u00e9 de la inquietud i l\u2019esfor\u00e7 del professor Dar\u00edo Mart\u00ednez, que despr\u00e9s de visitar el camp de concentraci\u00f3 d\u2019Auswitch, comprengu\u00e9 que nom\u00e9s des de les aules es podia lluitar amb garanties per una Europa lliure de fanatismes i radicalismes\u201d, afeg\u00ed Carlos Gonz\u00e1lez.<br \/>\n\u201cEste projecte, en el qual han participat alumnes i professors de pa\u00efsos com It\u00e0lia, Pol\u00f2nia, Turquia, Finl\u00e0ndia, Gr\u00e8cia, Litu\u00e0nia i Eslov\u00e0quia, prompte contagi\u00e0 d\u2019il\u00b7lusi\u00f3 l\u2019institut Tirant Lo Blanc, els estudiants i els docents\u201d, agreg\u00e0 l\u2019alcalde. Gonz\u00e1lez, despr\u00e9s de donar l\u2019enhorabona a les persones que feren possible el treball, destac\u00e0 \u201cel coratge, la valentia i la dignitat\u201d de l\u2019expresident Rodr\u00edguez Zapatero en impulsar la Llei de Mem\u00f2ria Hist\u00f2rica, \u201cque t\u00e9 ara m\u00e9s vig\u00e8ncia que mai\u201d.<br \/>\nRespondre als moviments extremistes<br \/>\nEl director del Tirant Lo Blanc, Jos\u00e9 Antonio Serrano; el director del Servici Espanyol per a la Internacionalitzaci\u00f3 de l\u2019Educaci\u00f3 (SEPIE), Andr\u00e9s Ajo; i la professora Maria Salud Garcia, que substitu\u00ed la professora grega Dora Glariaki, agra\u00efren el treball i la col\u00b7laboraci\u00f3 dels implicats en el projecte. En la presentaci\u00f3 tamb\u00e9 estigueren Miguel Orts, director de la <em>C\u00e0tedra Pere Ibarra<\/em> i l\u2019impulsor del projecte, Dar\u00edo Mart\u00ednez.<br \/>\nMart\u00ednez f\u00e9u un rep\u00e0s detallat dels treball, realitzats en distintes reunions en els pa\u00efsos col\u00b7laboradors, i assenyal\u00e0 que la motivaci\u00f3 del projecte \u201csorgix de la necessitat de respondre a l\u2019augment dels moviments extremistes a Europa en els \u00faltims temps, materialitzats en l\u2019auge d\u2019un significatiu nombre de partits pol\u00edtics amb una clara ideologia extremista\u201d.<br \/>\nPer la seua part, Rodr\u00edguez Zapatero, destac\u00e0 en la seua intervenci\u00f3 que \u201cla Llei de la Mem\u00f2ria Hist\u00f2rica no ha fet m\u00e9s que encetar un cam\u00ed extraordinari que hi ha per a rec\u00f3rrer\u201d.<br \/>\nPer acabar, l\u2019expresident del Govern i l\u2019alcalde il\u00b7licit\u00e0 entregaren diplomes i exemplars del llibre als coordinadors i col\u00b7laboradors del projecte.<\/p>\n","protected":false},"excerpt":{"rendered":"<p>L\u2019expresident del Govern i l\u2019alcalde d\u2019Elx assistixen a la presentaci\u00f3 d\u2019un estudi sobre l\u2019Holocaust i la Guerra Civil realitzat per estudiants de l\u2019IES Tirant Lo Blanc i diversos centres europeus [&hellip;]<\/p>\n","protected":false},"author":131,"featured_media":18074,"comment_status":"closed","ping_status":"closed","sticky":false,"template":"","format":"standard","meta":{"footnotes":""},"categories":[161],"tags":[],"class_list":["post-18105","post","type-post","status-publish","format-standard","has-post-thumbnail","hentry","category-ajuntament"],"_links":{"self":[{"href":"https:\/\/www.elche.es\/va\/wp-json\/wp\/v2\/posts\/18105","targetHints":{"allow":["GET"]}}],"collection":[{"href":"https:\/\/www.elche.es\/va\/wp-json\/wp\/v2\/posts"}],"about":[{"href":"https:\/\/www.elche.es\/va\/wp-json\/wp\/v2\/types\/post"}],"author":[{"embeddable":true,"href":"https:\/\/www.elche.es\/va\/wp-json\/wp\/v2\/users\/131"}],"replies":[{"embeddable":true,"href":"https:\/\/www.elche.es\/va\/wp-json\/wp\/v2\/comments?post=18105"}],"version-history":[{"count":0,"href":"https:\/\/www.elche.es\/va\/wp-json\/wp\/v2\/posts\/18105\/revisions"}],"wp:featuredmedia":[{"embeddable":true,"href":"https:\/\/www.elche.es\/va\/wp-json\/wp\/v2\/media\/18074"}],"wp:attachment":[{"href":"https:\/\/www.elche.es\/va\/wp-json\/wp\/v2\/media?parent=18105"}],"wp:term":[{"taxonomy":"category","embeddable":true,"href":"https:\/\/www.elche.es\/va\/wp-json\/wp\/v2\/categories?post=18105"},{"taxonomy":"post_tag","embeddable":true,"href":"https:\/\/www.elche.es\/va\/wp-json\/wp\/v2\/tags?post=18105"}],"curies":[{"name":"wp","href":"https:\/\/api.w.org\/{rel}","templated":true}]}}