{"id":181237,"date":"2022-01-31T13:17:21","date_gmt":"2022-01-31T12:17:21","guid":{"rendered":"https:\/\/www.elche.es\/2022\/01\/la-policia-local-dete-un-home-acusat-dagredir-amb-arma-blanca-el-seu-cunyat-despres-duna-discussio\/"},"modified":"2022-01-31T13:18:18","modified_gmt":"2022-01-31T12:18:18","slug":"la-policia-local-dete-un-home-acusat-dagredir-amb-arma-blanca-el-seu-cunyat-despres-duna-discussio","status":"publish","type":"post","link":"https:\/\/www.elche.es\/va\/2022\/01\/la-policia-local-dete-un-home-acusat-dagredir-amb-arma-blanca-el-seu-cunyat-despres-duna-discussio\/","title":{"rendered":"La Policia Local det\u00e9 un home acusat d&#8217;agredir amb arma blanca el seu cunyat despr\u00e9s d&#8217;una discussi\u00f3"},"content":{"rendered":"<div class=\"wpb-content-wrapper\"><p>[vc_row el_id=&#8221;SUBTITULAR_NOTICIA&#8221;][vc_column][vc_column_text]<\/p>\n<hr \/>\n<h4>Els fets van tindre lloc a la partida del Pla de Sant Josep i el ferit va ser traslladat a l&#8217;Hospital General per a determinar la gravetat de la lesi\u00f3<\/h4>\n<hr \/>\n<p>[\/vc_column_text][\/vc_column][\/vc_row][vc_row el_id=&#8221;TEXTO_FIN_NOTICIA&#8221;][vc_column][vc_column_text]<strong>La Policia Local d&#8217;Elx va detindre el passat 23 de gener un home acusat d&#8217;agredir amb arma blanca el seu cunyat despr\u00e9s d&#8217;una discussi\u00f3 a la partida del Pla de Sant Josep.<\/strong><\/p>\n<p>Els agents van acudir al domicili on es van succeir els fets al voltant de les 15.40 hores i <strong>van comprovar que l&#8217;agredit presentava una xicoteta ferida en el costat dret i el seu gos una altra en el llom<\/strong>.<\/p>\n<p>Segons va relatar la v\u00edctima,<strong> estaven mantenint una discussi\u00f3 verbal a casa de la seua germana, que vivia a escassos metres, quan aquest li va atacar amb un objecte que semblava una navalla<\/strong>.<\/p>\n<p>Els serveis sanitaris del SAMU es van despla\u00e7ar fins al lloc i, despr\u00e9s de realitzar una primera valoraci\u00f3 m\u00e8dica, van observar una lesi\u00f3 profunda que podia ser greu per la qual cosa <strong>va ser traslladat a l&#8217;Hospital General per a determinar l&#8217;abast de la lesi\u00f3<\/strong>.<\/p>\n<p>D&#8217;altra banda, <strong>una altra unitat va comen\u00e7ar a buscar l&#8217;objecte amb el qual es va produir l&#8217;agressi\u00f3, que finalment no va apar\u00e9ixer<\/strong>.<\/p>\n<p>Els agents es van despla\u00e7ar a l&#8217;habitatge indicat per la v\u00edctima <strong>on van trobar el presumpte agressor, que va recon\u00e9ixer que havia mantingut una forta discussi\u00f3 amb el seu cunyat, per\u00f2 que no li havia ferit<\/strong>.<\/p>\n<p><strong>La germana de l&#8217;agredit va comentar que va tindre una discussi\u00f3 amb el seu esp\u00f2s i que despr\u00e9s d&#8217;aquesta baralla va arribar el seu germ\u00e0 iniciant-se una forta disputa entre els dos<\/strong>, en la qual ella va haver d&#8217;apaivagar i va afirmar que va rebre un tall a la m\u00e0 d&#8217;escassa gravetat.<\/p>\n<p>L&#8217;home, de 31 anys, <strong>va ser detingut i traslladat a depend\u00e8ncies policials<\/strong>.<\/p>\n<hr \/>\n<p>[\/vc_column_text][\/vc_column][\/vc_row]<\/p>\n<\/div>","protected":false},"excerpt":{"rendered":"<p>[vc_row el_id=&#8221;SUBTITULAR_NOTICIA&#8221;][vc_column][vc_column_text] Els fets van tindre lloc a la partida del Pla de Sant Josep i el ferit va ser traslladat a l&#8217;Hospital General per a determinar la gravetat de [&hellip;]<\/p>\n","protected":false},"author":15,"featured_media":181218,"comment_status":"closed","ping_status":"closed","sticky":false,"template":"","format":"standard","meta":{"footnotes":""},"categories":[2864,238],"tags":[],"class_list":["post-181237","post","type-post","status-publish","format-standard","has-post-thumbnail","hentry","category-breus","category-policia-local-va"],"_links":{"self":[{"href":"https:\/\/www.elche.es\/va\/wp-json\/wp\/v2\/posts\/181237","targetHints":{"allow":["GET"]}}],"collection":[{"href":"https:\/\/www.elche.es\/va\/wp-json\/wp\/v2\/posts"}],"about":[{"href":"https:\/\/www.elche.es\/va\/wp-json\/wp\/v2\/types\/post"}],"author":[{"embeddable":true,"href":"https:\/\/www.elche.es\/va\/wp-json\/wp\/v2\/users\/15"}],"replies":[{"embeddable":true,"href":"https:\/\/www.elche.es\/va\/wp-json\/wp\/v2\/comments?post=181237"}],"version-history":[{"count":0,"href":"https:\/\/www.elche.es\/va\/wp-json\/wp\/v2\/posts\/181237\/revisions"}],"wp:featuredmedia":[{"embeddable":true,"href":"https:\/\/www.elche.es\/va\/wp-json\/wp\/v2\/media\/181218"}],"wp:attachment":[{"href":"https:\/\/www.elche.es\/va\/wp-json\/wp\/v2\/media?parent=181237"}],"wp:term":[{"taxonomy":"category","embeddable":true,"href":"https:\/\/www.elche.es\/va\/wp-json\/wp\/v2\/categories?post=181237"},{"taxonomy":"post_tag","embeddable":true,"href":"https:\/\/www.elche.es\/va\/wp-json\/wp\/v2\/tags?post=181237"}],"curies":[{"name":"wp","href":"https:\/\/api.w.org\/{rel}","templated":true}]}}