{"id":181881,"date":"2022-02-03T18:36:51","date_gmt":"2022-02-03T17:36:51","guid":{"rendered":"https:\/\/www.elche.es\/2022\/02\/torna-el-salo-del-manga-dels-videojocs-i-de-la-cultura-alternativa-a-lescorxador-el-26-i-27-de-febrer\/"},"modified":"2022-02-03T18:43:45","modified_gmt":"2022-02-03T17:43:45","slug":"torna-el-salo-del-manga-dels-videojocs-i-de-la-cultura-alternativa-a-lescorxador-el-26-i-27-de-febrer","status":"publish","type":"post","link":"https:\/\/www.elche.es\/va\/2022\/02\/torna-el-salo-del-manga-dels-videojocs-i-de-la-cultura-alternativa-a-lescorxador-el-26-i-27-de-febrer\/","title":{"rendered":"Torna el Sal\u00f3 del Manga, dels Videojocs i de la Cultura Alternativa a L\u2019Escorxador el 26 i 27 de febrer"},"content":{"rendered":"<div class=\"wpb-content-wrapper\"><p>[vc_row el_id=&#8221;SUBTITULAR_NOTICIA&#8221;][vc_column][vc_column_text]<\/p>\n<hr \/>\n<h4>La regidora de Joventut, Marga Ant\u00f3n, presenta la segona edici\u00f3 de l&#8217;\u2018Elx Go!\u2019, esdeveniment creat \u201csobre la base de les sol\u00b7licituds dels joves a la Regidoria, en ser una cosa que els entusiasma.<\/h4>\n<hr \/>\n<p>[\/vc_column_text][\/vc_column][\/vc_row][vc_row type=&#8221;square&#8221; style_color=&#8221;original&#8221; style=&#8221;filled&#8221; size=&#8221;large&#8221; icon=&#8221;inherit&#8221; color=&#8221;&#8221; bg_color=&#8221;&#8221; align=&#8221;center&#8221; link=&#8221;&#8221; target=&#8221;_blank&#8221; popup=&#8221;&#8221; rel=&#8221;&#8221; id=&#8221;&#8221; class=&#8221;btndentronoticia&#8221; animation=&#8221;none&#8221; width=&#8221;&#8221; height=&#8221;&#8221; top=&#8221;small&#8221; bottom=&#8221;small&#8221; left=&#8221;huge&#8221; right=&#8221;huge&#8221;][vc_column]<a href=\"https:\/\/www.elche.es\/wp-content\/uploads\/2022\/01\/PROGRAMACION-DETALLADA.pdf\" target=\"_blank\" class=\"sc_button sc_button_square sc_button_style_filled style_original sc_button_size_small aligncenter btndentronoticia margin_top_small margin_right_huge margin_bottom_small margin_left_huge\">Clica ac\u00ed per a veure la programaci\u00f3 detallada<\/a>[\/vc_column][\/vc_row][vc_row el_id=&#8221;TEXTO_FIN_NOTICIA&#8221;][vc_column][vc_column_text]Torna \u2018Elx <span class=\"hiddenSpellError\">Go<\/span>!\u2019 al\u00a0<span class=\"hiddenSpellError\">CCCE<\/span>\u00a0L<span class=\"hiddenGrammarError\">&#8216;<\/span>Escorxador, el Sal\u00f3 del Manga, dels Videojocs i de la Cultura Alternativa en la seua segona edici\u00f3. La regidora de Joventut, Marga\u00a0<span class=\"hiddenSpellError\">Ant\u00f3n<\/span>, ha presentat al migdia l&#8217;activitat que es desenvolupar\u00e0,<strong> amb totes les mesures higienicosanit\u00e0ries pertinents, el 26 i 27 de febrer en zones interiors i exteriors del recinte cultural<\/strong>.<\/p>\n<p>Segons ha explicat la responsable municipal, que ha recordat que l&#8217;esdeveniment \u2013la primera edici\u00f3 del qual es va celebrar l&#8217;any passat \u201csobre la base de les sol\u00b7licituds dels joves a la Regidoria, en ser una cosa que els entusiasma\u201d\u2013, <strong>combinar\u00e0 una s\u00e8rie de tallers i activitats que dividiran L<span class=\"hiddenGrammarError\">\u2019<\/span>Escorxador en diverses zones, com la comercial, l&#8217;artesanal, la\u00a0<em><span class=\"hiddenSpellError\">gamer<\/span><\/em>, la de<em>\u00a0<span class=\"hiddenSpellError\">soft<\/span>combat<\/em><\/strong> o la dedicada a tallers i a confer\u00e8ncies.<\/p>\n<p>En aquest \u00faltim apartat ha incidit la titular de Joventut, donades les pon\u00e8ncies de, entre altres persones destacades del m\u00f3n, <strong>dels actors de doblatge Pablo Dom\u00ednguez (actual veu de\u00a0<span class=\"hiddenSpellError\">Goku<\/span>),\u00a0<span class=\"hiddenSpellError\">Javier<\/span>\u00a0<span class=\"hiddenSpellError\">Balas<\/span>\u00a0(la veu cl\u00e0ssica de\u00a0<span class=\"hiddenSpellError\">Naruto<\/span>)<\/strong>,\u00a0<span class=\"hiddenSpellError\">Luc\u00eda<\/span>\u00a0i \u00c1lvaro\u00a0<span class=\"hiddenSpellError\">Balas<\/span> (\u2018Peque\u00f1as coincidencias\u2019) i principals representants del doblatge infantil a Espanya); <em>youtubers<\/em> com Escardi \u2013amb m\u00e9s de 2,5 milions de subscriptors\u2013, <span class=\"hiddenSpellError\">Jackwise<\/span>\u00a0Clown,\u00a0<span class=\"hiddenSpellError\">The<\/span>\u00a0<span class=\"hiddenSpellError\">Guarrior<\/span>, La Tribu de\u00a0<span class=\"hiddenSpellError\">Wakanda<\/span>, o La Botella de\u00a0<span class=\"hiddenSpellError\">Kandor<\/span>; especialistes com\u00a0<span class=\"hiddenSpellError\">Javier<\/span> Olivares \u2013en <em>Superman<\/em> i univers DC\u2013 o l&#8217;il\u00b7licit\u00e0 <span class=\"hiddenSpellError\">Valent\u00edn<\/span>\u00a0\u00c1lvarez \u2013en televisi\u00f3 coreana\u2013; de\u00a0<em><span class=\"hiddenSuggestion\">podcasts<\/span>\u00a0<\/em>com a <em>Universo <span class=\"hiddenSpellError\">Saint<\/span>\u00a0<span class=\"hiddenSpellError\">Seiya<\/span><\/em>\u00a0\u2013el m\u00e9s important dels Cavallers del Zod\u00edac en espanyol del m\u00f3n\u2013 o\u00a0<span class=\"hiddenSpellError\">Thanos<\/span> Tenia Ra\u00f3 (que gravar\u00e0 dos dels seus programes en directe). La popular <em>cosplayer<\/em> madrilenya <span class=\"hiddenSpellError\">Jillstyler<\/span>, el music\u00f2leg\u00a0<span class=\"hiddenSpellError\">Llatzer<\/span>\u00a0o els encarregats del Museu del Videojoc Vintage, del principal museu del videojoc antic del pa\u00eds, tamb\u00e9 tindran pres\u00e8ncia en l&#8217;esdeveniment.<\/p>\n<p>Aix\u00ed mateix, enguany \u2018Elx\u00a0<span class=\"hiddenSpellError\">Go<\/span>!\u2019 <strong>comptar\u00e0 amb una exposici\u00f3 itinerant\u00a0de <em>Harry\u00a0Potter<\/em> i una mostra del marxandatge\u00a0m\u00e9s\u00a0inusual del m\u00f3n de <em>Disney<\/em><\/strong>, a m\u00e9s de recuperar activitats que van triomfar en l&#8217;\u00faltima edici\u00f3 com la ludoteca, els tornejos en videoconsoles d&#8217;\u00faltima generaci\u00f3, el <em><span class=\"hiddenSpellError\">cosplay<\/span><\/em>, el concurs de\u00a0<span class=\"hiddenSpellError\">k<\/span>-pop o i l&#8217;exhibici\u00f3 de\u00a0<span class=\"hiddenSpellError\">ninjitsu<\/span>.<\/p>\n<p>Els horaris de cada torn per a poder entrar al recinte, <strong>tant de dissabte com de diumenge s\u00f3n al mat\u00ed de\u00a0<span class=\"hiddenGrammarError\">10.00<\/span>\u00a0a 15.00 hores i un torn de vesprada de\u00a0<span class=\"hiddenGrammarError\">16.00<\/span>\u00a0a 21.00 hores<\/strong>. Amb una hora de descans entre torn i torn. Les entrades, amb un cost de 4 euros, estan a la venda anticipada a les botigues d&#8217;Elx,\u00a0<span class=\"hiddenSpellError\">Kinton<\/span>\u00a0i\u00a0<span class=\"hiddenSpellError\">Homelands<\/span>\u00a0amb una part disponible per a venda en taquilla el mateix dia de l&#8217;esdeveniment, abans i durant la celebraci\u00f3 de cada torn.<\/p>\n<p>\u201cS\u00f3n moltes activitats i ponents els que amb les seues xarrades <strong>il\u00b7lustraran el moviment del manga; estic segura que als nostres joves els encantar\u00e0 aquest Sal\u00f3, que va ser creat l&#8217;any passat<\/strong>\u201d, ha manifestat\u00a0<span class=\"hiddenSpellError\">Ant\u00f3n<\/span>, que ha convidat a la joventut del municipi \u201ca gaudir de la programaci\u00f3 que els hem preparat\u201d.<\/p>\n<hr \/>\n<p>[\/vc_column_text][\/vc_column][\/vc_row][vc_row][vc_column width=&#8221;1\/6&#8243;][\/vc_column][vc_column width=&#8221;2\/3&#8243;]<audio class=\"sc_audio\" src=\"https:\/\/soundcloud.com\/ayuntamiento-de-elche\/marga-anton-sobre-el-salon-del-manga-de-los-videojuegos-y-de-la-cultura-alternativa?si=b5a41d61304b47bfb3fc78dc39e75f0d&#038;utm_source=clipboard&#038;utm_medium=text&#038;utm_campaign=social_sharing\" width=\"\" height=\"\"><\/audio>[\/vc_column][vc_column width=&#8221;1\/6&#8243;][\/vc_column][\/vc_row]<\/p>\n<\/div>","protected":false},"excerpt":{"rendered":"<p>[vc_row el_id=&#8221;SUBTITULAR_NOTICIA&#8221;][vc_column][vc_column_text] La regidora de Joventut, Marga Ant\u00f3n, presenta la segona edici\u00f3 de l&#8217;\u2018Elx Go!\u2019, esdeveniment creat \u201csobre la base de les sol\u00b7licituds dels joves a la Regidoria, en ser [&hellip;]<\/p>\n","protected":false},"author":15,"featured_media":181825,"comment_status":"closed","ping_status":"closed","sticky":false,"template":"","format":"standard","meta":{"footnotes":""},"categories":[193,391,215,1312],"tags":[],"class_list":["post-181881","post","type-post","status-publish","format-standard","has-post-thumbnail","hentry","category-cultura-va","category-home-va","category-joventut","category-noticias-va"],"_links":{"self":[{"href":"https:\/\/www.elche.es\/va\/wp-json\/wp\/v2\/posts\/181881","targetHints":{"allow":["GET"]}}],"collection":[{"href":"https:\/\/www.elche.es\/va\/wp-json\/wp\/v2\/posts"}],"about":[{"href":"https:\/\/www.elche.es\/va\/wp-json\/wp\/v2\/types\/post"}],"author":[{"embeddable":true,"href":"https:\/\/www.elche.es\/va\/wp-json\/wp\/v2\/users\/15"}],"replies":[{"embeddable":true,"href":"https:\/\/www.elche.es\/va\/wp-json\/wp\/v2\/comments?post=181881"}],"version-history":[{"count":0,"href":"https:\/\/www.elche.es\/va\/wp-json\/wp\/v2\/posts\/181881\/revisions"}],"wp:featuredmedia":[{"embeddable":true,"href":"https:\/\/www.elche.es\/va\/wp-json\/wp\/v2\/media\/181825"}],"wp:attachment":[{"href":"https:\/\/www.elche.es\/va\/wp-json\/wp\/v2\/media?parent=181881"}],"wp:term":[{"taxonomy":"category","embeddable":true,"href":"https:\/\/www.elche.es\/va\/wp-json\/wp\/v2\/categories?post=181881"},{"taxonomy":"post_tag","embeddable":true,"href":"https:\/\/www.elche.es\/va\/wp-json\/wp\/v2\/tags?post=181881"}],"curies":[{"name":"wp","href":"https:\/\/api.w.org\/{rel}","templated":true}]}}