{"id":182126,"date":"2022-02-07T10:43:33","date_gmt":"2022-02-07T09:43:33","guid":{"rendered":"https:\/\/www.elche.es\/2022\/02\/carlos-gonzalez-mostra-el-seu-suport-a-hosbec-i-diu-que-aplicar-la-taxa-turistica-ara-seria-una-mesura-extemporania-i-inoportuna\/"},"modified":"2022-02-07T10:43:34","modified_gmt":"2022-02-07T09:43:34","slug":"carlos-gonzalez-mostra-el-seu-suport-a-hosbec-i-diu-que-aplicar-la-taxa-turistica-ara-seria-una-mesura-extemporania-i-inoportuna","status":"publish","type":"post","link":"https:\/\/www.elche.es\/va\/2022\/02\/carlos-gonzalez-mostra-el-seu-suport-a-hosbec-i-diu-que-aplicar-la-taxa-turistica-ara-seria-una-mesura-extemporania-i-inoportuna\/","title":{"rendered":"Carlos Gonz\u00e1lez mostra el seu suport a Hosbec i diu que aplicar la taxa tur\u00edstica ara seria una mesura \u201cextempor\u00e0nia i inoportuna\u201d"},"content":{"rendered":"<div class=\"wpb-content-wrapper\"><p>[vc_row el_id=&#8221;SUBTITULAR_NOTICIA&#8221;][vc_column][vc_column_text]<\/p>\n<hr \/>\n<h4>L&#8217;alcalde d&#8217;Elx assegura que el que el sector necessita en aquests moments s\u00f3n \u201cpol\u00edtiques d&#8217;est\u00edmul i de suport per a impulsar la recuperaci\u00f3\u201d i diu que si fora de car\u00e0cter municipal la taxa no s&#8217;aplicar\u00e0 a Elx<\/h4>\n<hr \/>\n<p>[\/vc_column_text][\/vc_column][\/vc_row][vc_row el_id=&#8221;TEXTO_FIN_NOTICIA&#8221;][vc_column][vc_column_text]L&#8217;alcalde d&#8217;Elx, Carlos Gonz\u00e1lez, ha mostrat el seu suport a Hosbec (Associaci\u00f3 Empresarial Hotelera i Tur\u00edstica de la Comunitat Valenciana) en la seua postura contra l&#8217;aplicaci\u00f3 de la taxa tur\u00edstica, ja que considera que <strong>\u201c\u00e9s un debat extemporani i inoport\u00fa mentre el sector patisca les conseq\u00fc\u00e8ncies de la crisi derivada de la Covid\u201d<\/strong>.<\/p>\n<p>Gonz\u00e1lez assegura que el que <strong>el sector necessita en aquests moments s\u00f3n \u201cpol\u00edtiques d&#8217;est\u00edmul i de suport per a impulsar la recuperaci\u00f3\u201d<\/strong> i, en eixe sentit, s&#8217;ha mostrat partidari de \u201caparcar el debat sobre la taxa, almenys, fins que no tornem als quasi deu milions de visitants anuals a la Comunitat previs a la pand\u00e8mia\u201d.<\/p>\n<p>\u201cEn aquest debat, <strong>estic totalment d&#8217;acord amb l&#8217;opini\u00f3 expressada aquesta mateixa setmana pel president de la Generalitat, Ximo Puig<\/strong>, que ha dit amb claredat que no veu la taxa com una prioritat i, per descomptat, amb el criteri ferm del Secretari Auton\u00f2mic de Turisme, Francesc Colomer, en aquest mateix sentit\u201d.<\/p>\n<p>En directa relaci\u00f3 amb aix\u00f2, Gonz\u00e1lez ha anunciat que \u201cen clau municipal <strong>la prioritat en 2022 \u00e9s comen\u00e7ar a desenvolupar i a implementar el Pla Estrat\u00e8gic de Turisme<\/strong> aprovat dies arrere i aconseguir recursos procedents dels Fons Europeus que maneja el Ministeri d&#8217;Ind\u00fastria i Turisme en el marc del Pla de Sostenibilitat per a incentivar i impulsar la recuperaci\u00f3\u201d, i ha afegit que \u201csi la Llei configura una taxa tur\u00edstica de car\u00e0cter municipal, les empreses del sector tur\u00edstic tenen el meu ferm comprom\u00eds que no s&#8217;aplicar\u00e0 a Elx\u201d.<\/p>\n<p>L&#8217;alcalde remetr\u00e0 una carta al president d&#8217;Hosbec, Toni Mayor, explicant quina \u00e9s la seua postura sobre aquest tema i oferint la seua col\u00b7laboraci\u00f3 des de l&#8217;Ajuntament d&#8217;Elx per a <strong>\u201cimpulsar iniciatives que siguen \u00fatils per a afavorir la recuperaci\u00f3 del sector a Elx i que estiguen alineades amb els objectius i amb les l\u00ednies del Pla Estrat\u00e8gic de Turisme<\/strong> acordat amb el sector tur\u00edstic\u201d.<\/p>\n<p>Segons l&#8217;alcalde il\u00b7licit\u00e0, \u201cen aquest moment, el sector p\u00fablic i el sector privat hem de sumar esfor\u00e7os perqu\u00e8 2022 siga l&#8217;any de la recuperaci\u00f3 del turisme a la Comunitat Valenciana <strong>i per a aix\u00ed tornar aconseguir enguany almenys el 90 per cent de la facturaci\u00f3 total del sector en 2019<\/strong>\u201d.<\/p>\n<p>Gonz\u00e1lez recorda que <strong>la ind\u00fastria tur\u00edstica va suposar en 2019 el 15,5% del PIB (Producte Interior Brut) de la Comunitat Valenciana i el 15,9 per cent de l&#8217;ocupaci\u00f3<\/strong>, i afig que ara \u00e9s el moment d&#8217;impulsar la recuperaci\u00f3 i d&#8217;afavorir la competitivitat del sector.<\/p>\n<hr \/>\n<p>&nbsp;<\/p>\n<p>[\/vc_column_text][\/vc_column][\/vc_row][vc_row][vc_column width=&#8221;1\/6&#8243;][\/vc_column][vc_column width=&#8221;2\/3&#8243;]<audio class=\"sc_audio\" src=\"https:\/\/soundcloud.com\/ayuntamiento-de-elche\/carlos-gonzalez-sobre-la-tasa-turistica?si=db368ea5ef3b4e36ba766a115e810ebe&#038;utm_source=clipboard&#038;utm_medium=text&#038;utm_campaign=social_sharing\" width=\"\" height=\"\"><\/audio>[\/vc_column][vc_column width=&#8221;1\/6&#8243;][\/vc_column][\/vc_row]<\/p>\n<\/div>","protected":false},"excerpt":{"rendered":"<p>[vc_row el_id=&#8221;SUBTITULAR_NOTICIA&#8221;][vc_column][vc_column_text] L&#8217;alcalde d&#8217;Elx assegura que el que el sector necessita en aquests moments s\u00f3n \u201cpol\u00edtiques d&#8217;est\u00edmul i de suport per a impulsar la recuperaci\u00f3\u201d i diu que si fora [&hellip;]<\/p>\n","protected":false},"author":131,"featured_media":182123,"comment_status":"closed","ping_status":"closed","sticky":false,"template":"","format":"standard","meta":{"footnotes":""},"categories":[391,1312,228],"tags":[],"class_list":["post-182126","post","type-post","status-publish","format-standard","has-post-thumbnail","hentry","category-home-va","category-noticias-va","category-turisme-va"],"_links":{"self":[{"href":"https:\/\/www.elche.es\/va\/wp-json\/wp\/v2\/posts\/182126","targetHints":{"allow":["GET"]}}],"collection":[{"href":"https:\/\/www.elche.es\/va\/wp-json\/wp\/v2\/posts"}],"about":[{"href":"https:\/\/www.elche.es\/va\/wp-json\/wp\/v2\/types\/post"}],"author":[{"embeddable":true,"href":"https:\/\/www.elche.es\/va\/wp-json\/wp\/v2\/users\/131"}],"replies":[{"embeddable":true,"href":"https:\/\/www.elche.es\/va\/wp-json\/wp\/v2\/comments?post=182126"}],"version-history":[{"count":0,"href":"https:\/\/www.elche.es\/va\/wp-json\/wp\/v2\/posts\/182126\/revisions"}],"wp:featuredmedia":[{"embeddable":true,"href":"https:\/\/www.elche.es\/va\/wp-json\/wp\/v2\/media\/182123"}],"wp:attachment":[{"href":"https:\/\/www.elche.es\/va\/wp-json\/wp\/v2\/media?parent=182126"}],"wp:term":[{"taxonomy":"category","embeddable":true,"href":"https:\/\/www.elche.es\/va\/wp-json\/wp\/v2\/categories?post=182126"},{"taxonomy":"post_tag","embeddable":true,"href":"https:\/\/www.elche.es\/va\/wp-json\/wp\/v2\/tags?post=182126"}],"curies":[{"name":"wp","href":"https:\/\/api.w.org\/{rel}","templated":true}]}}