{"id":182770,"date":"2022-02-09T14:42:00","date_gmt":"2022-02-09T13:42:00","guid":{"rendered":"https:\/\/www.elche.es\/2022\/02\/quinze-empreses-innovadores-sinteressen-per-implantar-se-en-la-primera-fase-delx-campus-tecnologic\/"},"modified":"2022-02-09T14:42:01","modified_gmt":"2022-02-09T13:42:01","slug":"quinze-empreses-innovadores-sinteressen-per-implantar-se-en-la-primera-fase-delx-campus-tecnologic","status":"publish","type":"post","link":"https:\/\/www.elche.es\/va\/2022\/02\/quinze-empreses-innovadores-sinteressen-per-implantar-se-en-la-primera-fase-delx-campus-tecnologic\/","title":{"rendered":"Quinze empreses innovadores s&#8217;interessen per implantar-se en la primera fase d&#8217;Elx Campus Tecnol\u00f2gic"},"content":{"rendered":"<div class=\"wpb-content-wrapper\"><p>[vc_row el_id=&#8221;SUBTITULAR_NOTICIA&#8221;][vc_column][vc_column_text]<\/p>\n<hr \/>\n<h4>L&#8217;alcalde, Carlos Gonz\u00e1lez, acompanyat pels edils d&#8217;Urbanisme i de Promoci\u00f3 Econ\u00f2mica, Ana Arabid i Carles Molina, respectivament, a m\u00e9s de pel gerent de Pimesa, Antonio Mart\u00ednez, visita el bloc u del complex<\/h4>\n<hr \/>\n<p>[\/vc_column_text][\/vc_column][\/vc_row][vc_row el_id=&#8221;TEXTO_NOTICIA&#8221;][vc_column][vc_column_text]L&#8217;alcalde, Carlos Gonz\u00e1lez, ha informat que <strong>existeixen converses amb quinze empreses innovadores interessades per implantar-se en la primera fase d&#8217;Elx Campus Tecnol\u00f2gic<\/strong>, dos de les quals ja ultimen la seua ubicaci\u00f3 en unes instal\u00b7lacions situades a Elx Parc Empresarial.<\/p>\n<p>Gonz\u00e1lez ho ha anunciat aquest mat\u00ed, acompanyat pels edils d&#8217;Urbanisme i de Promoci\u00f3 Econ\u00f2mica, Ana Arabid i Carles Molina, respectivament, a m\u00e9s de pel gerent de Pimesa, Antonio Mart\u00ednez, en la visita efectuada al concl\u00fas bloc un d&#8217;un complex que, una vegada finalitzat,<strong> comprendr\u00e0 una superf\u00edcie total de 93.000 metres quadrats, dels quals 43.000 seran superf\u00edcie constru\u00efda i 53.000 es destinaran a zona verda<\/strong> amb un gran parc central.[\/vc_column_text][\/vc_column][\/vc_row][vc_row type=&#8221;flexslider_slide&#8221; interval=&#8221;5&#8243; source=&#8221;media_library&#8221; images=&#8221;&#8221; img_size=&#8221;full&#8221; external_img_size=&#8221;&#8221; onclick=&#8221;link_image&#8221; custom_links_target=&#8221;_self&#8221; el_class=&#8221;galerianoticia&#8221; title=&#8221;&#8221; custom_srcs=&#8221;&#8221; custom_links=&#8221;&#8221;][vc_column][vc_gallery type=&#8221;flexslider_slide&#8221; interval=&#8221;5&#8243; images=&#8221;182673,182676,182678,182680,182682,182684,182686,182688,182690,182692,182694,182696,182698,182700,182702,182704,182706,182708,182710,182671&#8243; img_size=&#8221;full&#8221; el_class=&#8221;galerianoticia&#8221;][\/vc_column][\/vc_row][vc_row][vc_column][vc_column_text]D&#8217;acord amb les explicacions del director d&#8217;execuci\u00f3 d&#8217;obres, Francisco Rodr\u00edguez, els responsables municipals <strong>han visitat els diferents espais del bloc u, que s&#8217;emmarca en la primera fase del Campus Tecnol\u00f2gic<\/strong>.<\/p>\n<p>En concret, l&#8217;edifici de tres plantes amb dos soterranis dedicats a aparcament subterrani amb capacitat per a 124 autom\u00f2bils, per a 25 motocicletes i per a un centenar de bicicletes, impulsat per l&#8217;Ajuntament d&#8217;Elx i per Pimesa, <strong>ha suposat la inversi\u00f3 de 4,7 milions d&#8217;euros; la qual cosa representa en el seu conjunt aproximadament uns 10.000 metres quadrats de superf\u00edcie constru\u00efda<\/strong>, 5.900 sobre rasant, 4.100 sota flexibles i polivalents per poder albergar qualsevol activitat relacionada amb la nova economia, tal com ha explicat Gonz\u00e1lez.<\/p>\n<p><strong>\u201cLes tres plantes de 1.700 metres quadrats d&#8217;aquest bloc u tenen una caracter\u00edstica fonamental: la flexibilitat i la polival\u00e8ncia. Es poden comercialitzar des de 80 metres quadrats fins a una planta completa\u201d<\/strong>, ha reiterat l&#8217;alcalde. \u201cPer tant, estan preparades perqu\u00e8 puga implantar-se qualsevol iniciativa innovadora que es presente atraure, amb la implantaci\u00f3 d&#8217;activitats relacionades amb la nova economia i amb les noves tecnologies\u201d, ha afegit.[\/vc_column_text][\/vc_column][\/vc_row][vc_row el_id=&#8221;DESTACADO_NOTICIA&#8221;][vc_column][vc_column_text el_class=&#8221;cuadronoticia&#8221;]L&#8217;immoble de 4,7 milions d&#8217;euros t\u00e9 <strong>10.000 metres quadrats de superf\u00edcie edificada<\/strong> amb dos soterranis d&#8217;aparcaments i tres plantes flexibles i polivalents per a poder albergar qualsevol activitat relacionada amb la nova economia.[\/vc_column_text][\/vc_column][\/vc_row][vc_row el_id=&#8221;TEXTO_FIN_NOTICIA&#8221;][vc_column][vc_column_text]Gonz\u00e1lez ha avan\u00e7at que en aquests moments <strong>\u201cens trobem en plena comercialitzaci\u00f3\u201d<\/strong>, i que hi ha hagut algunes empreses descartades perqu\u00e8 no reunien les caracter\u00edstiques exigides per a l\u2019arrelament a Elx Campus Tecnol\u00f2gic.<\/p>\n<p>Aix\u00ed mateix, ha indicat que<strong> s&#8217;actuar\u00e0 de manera immediata en l&#8217;enjardinament de l&#8217;entorn<\/strong>, i que el segon immoble de la primera fase est\u00e0 pendent de la instal\u00b7laci\u00f3 de les l\u00e0mines de la seua fa\u00e7ana, ara en fabricaci\u00f3.<\/p>\n<hr \/>\n<p>&nbsp;<\/p>\n<p>[\/vc_column_text][\/vc_column][\/vc_row][vc_row][vc_column width=&#8221;1\/6&#8243;][\/vc_column][vc_column width=&#8221;2\/3&#8243;]<audio class=\"sc_audio\" src=\"https:\/\/soundcloud.com\/ayuntamiento-de-elche\/carlos-gonzalez-sobre-la-visita-al-campus-tecnologico?si=1bcf2c588ee54cf2b621d1bd8dd60d6a&#038;utm_source=clipboard&#038;utm_medium=text&#038;utm_campaign=social_sharing\" width=\"\" height=\"\"><\/audio>[\/vc_column][vc_column width=&#8221;1\/6&#8243;][\/vc_column][\/vc_row]<\/p>\n<\/div>","protected":false},"excerpt":{"rendered":"<p>[vc_row el_id=&#8221;SUBTITULAR_NOTICIA&#8221;][vc_column][vc_column_text] L&#8217;alcalde, Carlos Gonz\u00e1lez, acompanyat pels edils d&#8217;Urbanisme i de Promoci\u00f3 Econ\u00f2mica, Ana Arabid i Carles Molina, respectivament, a m\u00e9s de pel gerent de Pimesa, Antonio Mart\u00ednez, visita el [&hellip;]<\/p>\n","protected":false},"author":131,"featured_media":182677,"comment_status":"closed","ping_status":"closed","sticky":false,"template":"","format":"standard","meta":{"footnotes":""},"categories":[391,1312,210],"tags":[],"class_list":["post-182770","post","type-post","status-publish","format-standard","has-post-thumbnail","hentry","category-home-va","category-noticias-va","category-urbanisme-va"],"_links":{"self":[{"href":"https:\/\/www.elche.es\/va\/wp-json\/wp\/v2\/posts\/182770","targetHints":{"allow":["GET"]}}],"collection":[{"href":"https:\/\/www.elche.es\/va\/wp-json\/wp\/v2\/posts"}],"about":[{"href":"https:\/\/www.elche.es\/va\/wp-json\/wp\/v2\/types\/post"}],"author":[{"embeddable":true,"href":"https:\/\/www.elche.es\/va\/wp-json\/wp\/v2\/users\/131"}],"replies":[{"embeddable":true,"href":"https:\/\/www.elche.es\/va\/wp-json\/wp\/v2\/comments?post=182770"}],"version-history":[{"count":0,"href":"https:\/\/www.elche.es\/va\/wp-json\/wp\/v2\/posts\/182770\/revisions"}],"wp:featuredmedia":[{"embeddable":true,"href":"https:\/\/www.elche.es\/va\/wp-json\/wp\/v2\/media\/182677"}],"wp:attachment":[{"href":"https:\/\/www.elche.es\/va\/wp-json\/wp\/v2\/media?parent=182770"}],"wp:term":[{"taxonomy":"category","embeddable":true,"href":"https:\/\/www.elche.es\/va\/wp-json\/wp\/v2\/categories?post=182770"},{"taxonomy":"post_tag","embeddable":true,"href":"https:\/\/www.elche.es\/va\/wp-json\/wp\/v2\/tags?post=182770"}],"curies":[{"name":"wp","href":"https:\/\/api.w.org\/{rel}","templated":true}]}}