{"id":183707,"date":"2022-02-15T16:50:14","date_gmt":"2022-02-15T15:50:14","guid":{"rendered":"https:\/\/www.elche.es\/2022\/02\/lalcalde-es-mante-ferm-en-la-seua-reclamacio-de-la-dama-i-veu-una-porta-oberta-despres-de-la-seua-reunio-al-ministeri-de-cultura\/"},"modified":"2022-02-16T15:26:27","modified_gmt":"2022-02-16T14:26:27","slug":"lalcalde-es-mante-ferm-en-la-seua-reclamacio-de-la-dama-i-veu-una-porta-oberta-despres-de-la-seua-reunio-al-ministeri-de-cultura","status":"publish","type":"post","link":"https:\/\/www.elche.es\/va\/2022\/02\/lalcalde-es-mante-ferm-en-la-seua-reclamacio-de-la-dama-i-veu-una-porta-oberta-despres-de-la-seua-reunio-al-ministeri-de-cultura\/","title":{"rendered":"L&#8217;alcalde es mant\u00e9 ferm en la seua reclamaci\u00f3 de la Dama i veu una porta oberta despr\u00e9s de la seua reuni\u00f3 al Ministeri de Cultura"},"content":{"rendered":"<div class=\"wpb-content-wrapper\"><p>[vc_row el_id=&#8221;SUBTITULAR_NOTICIA&#8221;][vc_column][vc_column_text]<\/p>\n<hr \/>\n<h4>Carlos Gonz\u00e1lez s&#8217;entrevista a Madrid amb el director general de Belles Arts, Isaac Sastre, i afirma que l&#8217;objectiu de l&#8217;Ajuntament d&#8217;Elx sobre aquest tema roman \u201cinalterable\u201d<\/h4>\n<hr \/>\n<p>[\/vc_column_text][\/vc_column][\/vc_row][vc_row el_id=&#8221;TEXTO_NOTICIA&#8221;][vc_column][vc_column_text]L&#8217;alcalde, Carlos Gonz\u00e1lez, es mant\u00e9 ferm en la seua reclamaci\u00f3 de la cessi\u00f3 temporal de la Dama a Elx i veu una porta oberta despr\u00e9s de la seua reuni\u00f3 al Ministeri de Cultura. Aix\u00ed ho ha comunicat aquest mat\u00ed despr\u00e9s d&#8217;entrevistar-se a Madrid amb el director general de Belles Arts, Isaac Sastre, que <strong>li ha traslladat que el Ministeri de Cultura elaborar\u00e0 un nou informe sobre l&#8217;estat de conservaci\u00f3 de la pe\u00e7a amb les t\u00e8cniques m\u00e9s avan\u00e7ades<\/strong>. Per aix\u00f2, en les pr\u00f2ximes setmanes es confeccionar\u00e0 un cronograma per a aix\u00ed tindre un calendari dels treballs que comportar\u00e0 l&#8217;elaboraci\u00f3 d&#8217;aquest dossier i quan estar\u00e0 disponible.<\/p>\n<p>\u201cEl director general de Belles Arts ens ha informat de les circumst\u00e0ncies que han motivat la sol\u00b7licitud actual d&#8217;un nou informe per part del Ministeri, amb t\u00e8cniques actuals, per a una valoraci\u00f3 precisa i minuciosa de l&#8217;estat de conservaci\u00f3 de la Dama\u201d, ha assenyalat Gonz\u00e1lez, que ha destacat que<strong> el Ministeri es troba recopilant i analitzant tots els informes elaborats fins ara entorn de la conservaci\u00f3 i a l&#8217;estat del bust iber<\/strong>.[\/vc_column_text][\/vc_column][\/vc_row][vc_row link=&#8221;https:\/\/vimeo.com\/51589652&#8243; el_width=&#8221;100&#8243; el_aspect=&#8221;169&#8243; align=&#8221;left&#8221; el_class=&#8221;videonoticia&#8221; title=&#8221;&#8221;][vc_column][vc_video link=&#8221;https:\/\/youtu.be\/VLEzzX1zJAU&#8221; el_class=&#8221;videonoticia&#8221;][\/vc_column][\/vc_row][vc_row][vc_column][vc_column_text]A m\u00e9s, ha valorat les explicacions esgrimides pel director general de Belles Arts com a \u201craonables\u201d, perqu\u00e8 els conservadors i el patronat del MAN i els t\u00e8cnics encarregats de la protecci\u00f3 del patrimoni arqueol\u00f2gic del Ministeri<strong> exigeixen tindre un diagn\u00f2stic prec\u00eds amb les tecnologies actuals de l&#8217;estat de la Dama abans de prendre qualsevol decisi\u00f3<\/strong>. Una cosa habitual en un trasllat d\u2019aquesta naturalesa, per la qual cosa l&#8217;alcalde ha assegurat que \u201cestem en curs de dur a terme els passos necessaris per a aconseguir el nostre objectiu\u201d.<\/p>\n<p>Despr\u00e9s de 15 anys des que es va cedir a Elx en 2006, i, tamb\u00e9, dels moviments que es van produir amb motiu de la reforma del Museu Arqueol\u00f2gic Nacional (MAN) i per aquesta nova petici\u00f3 de cessi\u00f3 pel 125 aniversari de la seua troballa, <strong>el regidor il\u00b7licit\u00e0 ha dit que el Ministeri desitja tindre la certesa de l&#8217;estat de conservaci\u00f3 actual en el qual es troba la Dama<\/strong>.[\/vc_column_text][\/vc_column][\/vc_row][vc_row type=&#8221;flexslider_slide&#8221; interval=&#8221;5&#8243; source=&#8221;media_library&#8221; images=&#8221;&#8221; img_size=&#8221;full&#8221; external_img_size=&#8221;&#8221; onclick=&#8221;link_image&#8221; custom_links_target=&#8221;_self&#8221; el_class=&#8221;galerianoticia&#8221; title=&#8221;&#8221; custom_srcs=&#8221;&#8221; custom_links=&#8221;&#8221;][vc_column][vc_gallery type=&#8221;flexslider_slide&#8221; interval=&#8221;5&#8243; images=&#8221;183645,183647,183649,183651,183653,183655,183659,183661&#8243; img_size=&#8221;full&#8221; el_class=&#8221;galerianoticia&#8221;][\/vc_column][\/vc_row][vc_row][vc_column][vc_column_text]\u201cEns emplacem a disposar d&#8217;aquest \u00faltim informe de Belles Arts\u201d, ha manifestat Gonz\u00e1lez, que ha avan\u00e7at que<strong> l&#8217;Ajuntament no tira la tovallola en el seu objectiu de cessi\u00f3 temporal de la pe\u00e7a arqueol\u00f2gica, el qual, ha reiterat, \u201ces mant\u00e9 inalterable\u201d<\/strong>.<\/p>\n<p>En aquest sentit, ha subratllat que <strong>es prosseguir\u00e0 de manera concreta en l&#8217;adequaci\u00f3 i l\u2019adaptaci\u00f3 del Museu Arqueol\u00f2gic i d&#8217;Hist\u00f2ria d&#8217;Elx (MAHE)<\/strong>, a la sala que albergaria el pr\u00e9stec temporal del bust. \u201cHui mateix hem rebut l&#8217;autoritzaci\u00f3 de la Generalitat per a continuar treballant en la citada adequaci\u00f3 i l&#8217;adaptaci\u00f3 de l&#8217;estada a les exig\u00e8ncies i els requisits per a albergar la gran exposici\u00f3 d&#8217;art iber i la cessi\u00f3 de la Dama\u201d, ha aclarit.<\/p>\n<p>\u201cAra <strong>hem d&#8217;esperar que es duga a terme l&#8217;informe que ens permeta con\u00e9ixer l&#8217;estat de conservaci\u00f3 per a continuar treballant<\/strong> i aix\u00ed afavorir que la Dama puga vindre cedida a Elx\u201d, ha concl\u00f2s el regidor.[\/vc_column_text][\/vc_column][\/vc_row][vc_row el_id=&#8221;DESTACADO_NOTICIA&#8221;][vc_column][vc_column_text el_class=&#8221;cuadronoticia&#8221;]<\/p>\n<h5>La pe\u00e7a se sotmetr\u00e0 a noves an\u00e0lisis amb les t\u00e8cniques m\u00e9s avan\u00e7ades per a con\u00e9ixer el seu actual estat de conservaci\u00f3 i en les pr\u00f2ximes setmanes s&#8217;elaborar\u00e0 el cronograma amb els treballs que comportar\u00e0 l&#8217;elaboraci\u00f3 del nou informe<\/h5>\n<p>[\/vc_column_text][\/vc_column][\/vc_row][vc_row][vc_column][vc_column_text]<strong>L&#8217;entrevista amb Sastre va ser sol\u00b7licitada a finals del passat gener per Gonz\u00e1lez amb la finalitat d&#8217;interessar-se per l&#8217;estat de conservaci\u00f3 del bust<\/strong>. Per aquelles dates, l&#8217;Ajuntament va rebre una escarida carta de la Direcci\u00f3 General de Belles Arts signada pel seu responsable, que alertava de la impossibilitat de l&#8217;anhelada cessi\u00f3 temporal a Elx i al\u00b7legava el \u201cdelicat estat de la pe\u00e7a\u201d.[\/vc_column_text][\/vc_column][\/vc_row][vc_row][vc_column][vc_column_text el_class=&#8221;cuadronoticia&#8221;]<\/p>\n<h5>El MAHE rep l&#8217;autoritzaci\u00f3 del Consell per a escometre les obres d&#8217;adaptaci\u00f3 i d\u2019adequaci\u00f3 de la sala que albergaria el pr\u00e9stec temporal del bust i una gran exposici\u00f3 d&#8217;art iber<\/h5>\n<p>[\/vc_column_text][\/vc_column][\/vc_row][vc_row el_id=&#8221;TEXTO_FIN_NOTICIA&#8221;][vc_column][vc_column_text]<strong>En la reuni\u00f3 mantinguda hui dimarts a les depend\u00e8ncies del Ministeri han sigut presents l&#8217;edil de Cultura, Marga Ant\u00f3n<\/strong>, el diputat nacional Alejandro Soler, el subdirector de Patrimoni Cultural del Consell, Antonio Bravo, el cap del Servei Territorial de Cultura d&#8217;Alacant, Jos\u00e9 Antonio L\u00f3pez Miras, aix\u00ed com t\u00e8cnics de la Conselleria. Igualment, la subdirectora general de Museus Estatals, Mercedes Rold\u00e1n, i la subdirectora general de l&#8217;Institut de Patrimoni Cultural d&#8217;Espanya (IPCE), Marta Hern\u00e1ndez.<\/p>\n<hr \/>\n<p>&nbsp;<\/p>\n<p>[\/vc_column_text][\/vc_column][\/vc_row][vc_row][vc_column width=&#8221;1\/6&#8243;][\/vc_column][vc_column width=&#8221;2\/3&#8243;]<audio class=\"sc_audio\" src=\"https:\/\/soundcloud.com\/ayuntamiento-de-elche\/el-alcalde-se-interesa-por-el-estado-de-conservacion-de-la-dama-en-madrid?si=4c54839d82154daaa4d120ec3afe2bb5&#038;utm_source=clipboard&#038;utm_medium=text&#038;utm_campaign=social_sharing\" width=\"\" height=\"\"><\/audio>[\/vc_column][vc_column width=&#8221;1\/6&#8243;][\/vc_column][\/vc_row]<\/p>\n<\/div>","protected":false},"excerpt":{"rendered":"<p>[vc_row el_id=&#8221;SUBTITULAR_NOTICIA&#8221;][vc_column][vc_column_text] Carlos Gonz\u00e1lez s&#8217;entrevista a Madrid amb el director general de Belles Arts, Isaac Sastre, i afirma que l&#8217;objectiu de l&#8217;Ajuntament d&#8217;Elx sobre aquest tema roman \u201cinalterable\u201d [\/vc_column_text][\/vc_column][\/vc_row][vc_row el_id=&#8221;TEXTO_NOTICIA&#8221;][vc_column][vc_column_text]L&#8217;alcalde, [&hellip;]<\/p>\n","protected":false},"author":131,"featured_media":183658,"comment_status":"closed","ping_status":"closed","sticky":false,"template":"","format":"standard","meta":{"footnotes":""},"categories":[193,391,1312],"tags":[],"class_list":["post-183707","post","type-post","status-publish","format-standard","has-post-thumbnail","hentry","category-cultura-va","category-home-va","category-noticias-va"],"_links":{"self":[{"href":"https:\/\/www.elche.es\/va\/wp-json\/wp\/v2\/posts\/183707","targetHints":{"allow":["GET"]}}],"collection":[{"href":"https:\/\/www.elche.es\/va\/wp-json\/wp\/v2\/posts"}],"about":[{"href":"https:\/\/www.elche.es\/va\/wp-json\/wp\/v2\/types\/post"}],"author":[{"embeddable":true,"href":"https:\/\/www.elche.es\/va\/wp-json\/wp\/v2\/users\/131"}],"replies":[{"embeddable":true,"href":"https:\/\/www.elche.es\/va\/wp-json\/wp\/v2\/comments?post=183707"}],"version-history":[{"count":0,"href":"https:\/\/www.elche.es\/va\/wp-json\/wp\/v2\/posts\/183707\/revisions"}],"wp:featuredmedia":[{"embeddable":true,"href":"https:\/\/www.elche.es\/va\/wp-json\/wp\/v2\/media\/183658"}],"wp:attachment":[{"href":"https:\/\/www.elche.es\/va\/wp-json\/wp\/v2\/media?parent=183707"}],"wp:term":[{"taxonomy":"category","embeddable":true,"href":"https:\/\/www.elche.es\/va\/wp-json\/wp\/v2\/categories?post=183707"},{"taxonomy":"post_tag","embeddable":true,"href":"https:\/\/www.elche.es\/va\/wp-json\/wp\/v2\/tags?post=183707"}],"curies":[{"name":"wp","href":"https:\/\/api.w.org\/{rel}","templated":true}]}}