{"id":184575,"date":"2022-02-18T14:35:44","date_gmt":"2022-02-18T13:35:44","guid":{"rendered":"https:\/\/www.elche.es\/2022\/02\/lajuntament-dona-suport-en-les-seues-reivindicacions-a-les-victimes-de-bebes-robats-i-dadopcions-il%c2%b7legals\/"},"modified":"2022-02-18T14:35:45","modified_gmt":"2022-02-18T13:35:45","slug":"lajuntament-dona-suport-en-les-seues-reivindicacions-a-les-victimes-de-bebes-robats-i-dadopcions-il%c2%b7legals","status":"publish","type":"post","link":"https:\/\/www.elche.es\/va\/2022\/02\/lajuntament-dona-suport-en-les-seues-reivindicacions-a-les-victimes-de-bebes-robats-i-dadopcions-il%c2%b7legals\/","title":{"rendered":"L&#8217;Ajuntament dona suport en les seues reivindicacions a les v\u00edctimes de beb\u00e9s robats i d&#8217;adopcions il\u00b7legals"},"content":{"rendered":"<div class=\"wpb-content-wrapper\"><p>[vc_row el_id=&#8221;SUBTITULAR_NOTICIA&#8221;][vc_column][vc_column_text]<\/p>\n<hr \/>\n<h4>L&#8217;alcalde, Carlos Gonz\u00e1lez, al costat dels edils Esther D\u00edez i Puri Vives, de la secret\u00e0ria auton\u00f2mica de Cooperaci\u00f3 i Qualitat Democr\u00e0tica, To\u00f1i Serna, i del director general de Qualitat Democr\u00e0tica, I\u00f1aki P\u00e9rez, es reuneix amb membres i amb la junta directiva de l&#8217;Associaci\u00f3 de V\u00edctimes de Beb\u00e9s Robats i Adopcions Irregulars d&#8217;Alacant (AVA)<\/h4>\n<hr \/>\n<p>[\/vc_column_text][\/vc_column][\/vc_row][vc_row type=&#8221;square&#8221; style_color=&#8221;original&#8221; style=&#8221;filled&#8221; size=&#8221;large&#8221; icon=&#8221;inherit&#8221; color=&#8221;&#8221; bg_color=&#8221;&#8221; align=&#8221;center&#8221; link=&#8221;&#8221; target=&#8221;_blank&#8221; popup=&#8221;&#8221; rel=&#8221;&#8221; id=&#8221;&#8221; class=&#8221;btndentronoticia&#8221; animation=&#8221;none&#8221; width=&#8221;&#8221; height=&#8221;&#8221; top=&#8221;small&#8221; bottom=&#8221;small&#8221; left=&#8221;huge&#8221; right=&#8221;huge&#8221;][vc_column]<a href=\"https:\/\/www.elche.es\/wp-content\/uploads\/2022\/02\/MOCION.pdf\" target=\"_blank\" class=\"sc_button sc_button_square sc_button_style_filled style_original sc_button_size_large aligncenter btndentronoticia margin_top_small margin_right_huge margin_bottom_small margin_left_huge\">Visualitza ac\u00ed la moci\u00f3<\/a>[\/vc_column][\/vc_row][vc_row el_id=&#8221;TEXTO_NOTICIA&#8221;][vc_column][vc_column_text]<strong>L&#8217;Ajuntament d&#8217;Elx dona suport en les seues reivindicacions a les v\u00edctimes de beb\u00e9s robats i d&#8217;adopcions il\u00b7legals<\/strong>. L&#8217;alcalde, Carlos Gonz\u00e1lez, va manifestar a l&#8217;Associaci\u00f3 de V\u00edctimes de Beb\u00e9s Robats i Adopcions Irregulars d&#8217;Alacant (AVA) que el Govern municipal, en cooperaci\u00f3 amb el Consell, est\u00e0 a la seua \u201csencera disposici\u00f3 per a col\u00b7laborar quan considereu que puga ser \u00fatil a la vostra causa amb la finalitat de fer just\u00edcia i, d&#8217;alguna forma, de reparar m\u00ednimament el mal causat per aquesta situaci\u00f3 que no t\u00e9 nom\u201d.<\/p>\n<p>Gonz\u00e1lez va realitzar aquestes declaracions en la vesprada d&#8217;ahir, <strong>en la trobada mantinguda a la Sala del Consell de l&#8217;edifici consistorial amb membres i amb la junta directiva de l&#8217;AVA<\/strong> \u2013encap\u00e7alada per la seua presidenta, la il\u00b7licitana Mar\u00eda Jos\u00e9 Pic\u00f3, i pel seu portaveu i secretari, Francisco Alarc\u00f3n\u2013 en el qual aix\u00ed mateix van ser presents les edils Esther D\u00edez i Puri Vives, la secret\u00e0ria auton\u00f2mica de Cooperaci\u00f3 i Qualitat Democr\u00e0tica, la tamb\u00e9 il\u00b7licitana To\u00f1i Serna, i el director general de Qualitat Democr\u00e0tica, I\u00f1aki P\u00e9rez.[\/vc_column_text][\/vc_column][\/vc_row][vc_row el_id=&#8221;DESTACADO_NOTICIA&#8221;][vc_column][vc_column_text el_class=&#8221;cuadronoticia&#8221;]<\/p>\n<h5>Gonz\u00e1lez posa a la disposici\u00f3 dels afectats la instituci\u00f3 municipal en una jornada en la qual la Conselleria de Participaci\u00f3, Transpar\u00e8ncia, Cooperaci\u00f3 i Qualitat Democr\u00e0tica projecta el documental <em>Morir tranquil\u00b7la. Beb\u00e9s i mares furtades a terres valencianes<\/em><\/h5>\n<p>[\/vc_column_text][\/vc_column][\/vc_row][vc_row][vc_column][vc_column_text]La reuni\u00f3, celebrada pr\u00e8viament abans de la projecci\u00f3 al Centre de Congressos Ciutat d\u2019Elx del documental produ\u00eft per la Conselleria de Participaci\u00f3, Transpar\u00e8ncia, Cooperaci\u00f3 i Qualitat Democr\u00e0tica <em>Morir tranquil\u00b7la. Beb\u00e9s i mares furtades a terres valencianes <\/em>\u2013escrit i dirigit per Sergi Tar\u00edn\u2013, <strong>va servir de marc per a estr\u00e9nyer lla\u00e7os entre la instituci\u00f3 auton\u00f2mica i local i les persones afectades de la prov\u00edncia per un aut\u00e8ntic atemptat contra els Drets Humans<\/strong> dut a terme en tot el territori nacional sistem\u00e0ticament durant d\u00e8cades.<\/p>\n<p>\u201cAmb aquesta trobada pretenem saber m\u00e9s de vosaltres, de l&#8217;AVA,<strong> a m\u00e9s de posar-li cara al drama terrible que molts coneixen en abstracte i que treballeu en primera persona, fent una gran tasca<\/strong>\u201d, va expressar el regidor, que va agrair aix\u00ed mateix a Serna i a P\u00e9rez el suport i la pres\u00e8ncia de la Conselleria.<\/p>\n<p><strong>La secret\u00e0ria auton\u00f2mica va donar la gr\u00e0cies a l&#8217;Ajuntament per haver acollit la proposta de presentar el documental a Elx<\/strong>. \u201cQuanta m\u00e9s gent conega la situaci\u00f3 oculta durant molt de temps, millor\u201d, va afegir Serna despr\u00e9s d&#8217;enaltir \u201cla valentia\u201d de l&#8217;Ajuntament per visibilitzar el tema.[\/vc_column_text][\/vc_column][\/vc_row][vc_row type=&#8221;flexslider_slide&#8221; interval=&#8221;5&#8243; source=&#8221;media_library&#8221; images=&#8221;&#8221; img_size=&#8221;full&#8221; external_img_size=&#8221;&#8221; onclick=&#8221;link_image&#8221; custom_links_target=&#8221;_self&#8221; el_class=&#8221;galerianoticia&#8221; title=&#8221;&#8221; custom_srcs=&#8221;&#8221; custom_links=&#8221;&#8221;][vc_column][vc_gallery type=&#8221;flexslider_slide&#8221; interval=&#8221;5&#8243; images=&#8221;184537,184539,184541&#8243; img_size=&#8221;full&#8221; el_class=&#8221;galerianoticia&#8221;][\/vc_column][\/vc_row][vc_row][vc_column][vc_column_text]<strong>El portaveu de l&#8217;AVA va incidir en la trama de nounats sostrets a la capital del Baix Vinalop\u00f3<\/strong>: \u201cHi ha m\u00e9s casos, no sabem quants en total. No obstant aix\u00f2, ac\u00ed a Elx exercia un professional que coincideix en tots els casos, per tant, sospitem que existeixen molts m\u00e9s\u201d.<\/p>\n<p>Per aix\u00f2, l&#8217;entitat dirigida per Pic\u00f3 va instar l&#8217;Ajuntament a \u201cfacilitar la difusi\u00f3 de la nostra lluita\u201d i <strong>va oferir l&#8217;experi\u00e8ncia de l&#8217;AVA a persones que tenen sospites de ser v\u00edctimes o que de moment no s&#8217;han atrevit a fer-ho p\u00fablic<\/strong>: \u201cMoltes d&#8217;elles es troben perdudes, no saben on acudir, s&#8217;assabenten tard que s\u00f3n adoptades o no volen moure tot aix\u00f2 fins que els progenitors de crian\u00e7a muiren per a no fer-los mal\u201d, va explicar Alarc\u00f3n, que va destacar que alguns dels inconvenients principals que es troben: \u201cTota la documentaci\u00f3 amb la qual compten \u00e9s falsa; la seua vida est\u00e0 muntada sobre documents falsos en els quals consten els pares de crian\u00e7a i no els biol\u00f2gics. Les administracions tenen els mitjans per a investigar i ajudar\u201d, va postil\u00b7lar.<\/p>\n<h5>Unes xifres dram\u00e0tiques<\/h5>\n<p><strong>Es calcula que a Espanya existeixen uns 30.000 casos de nounats sostrets a les seues mares al\u00b7legant defunci\u00f3 del beb\u00e9 despr\u00e9s del part<\/strong>. D&#8217;aquest n\u00famero, 3.000 correspondrien a la Comunitat Valenciana i uns 150 al municipi il\u00b7licit\u00e0. No obstant aix\u00f2, de manera oficial, nom\u00e9s mig centenar de les m\u00e9s de 2.100 dilig\u00e8ncies obertes per la Fiscalia entre 2011 i 2021 van ser judicialitzades. En l&#8217;actualitat s\u00f3n escassos els processos oberts i els restants s\u00f3n arxivats per diferents motius.[\/vc_column_text][\/vc_column][\/vc_row][vc_row el_id=&#8221;TEXTO_FIN_NOTICIA&#8221;][vc_column][vc_column_text]<strong>\u201cS\u00f3n unes xifres aberrants des del punt de vista quantitatiu i hum\u00e0; el sofriment que hi ha darrere de cadascuna d&#8217;aquestes fam\u00edlies \u00e9s realment colpidor<\/strong> pel sofriment injustificat\u201d, va dir Gonz\u00e1lez, que va lamentar que Elx tamb\u00e9 haja sigut escenari de tan \u201cterribles pr\u00e0ctiques\u201d. Al mateix temps, va agrair a l&#8217;AVA \u201cl&#8217;oportunitat de parlar amb vosaltres, de con\u00e9ixer les fam\u00edlies afectades i que ens conteu detalls de la vostra encomiable labor\u201d.<\/p>\n<p>El comprom\u00eds municipal i auton\u00f2mic amb les v\u00edctimes va m\u00e9s enll\u00e0 de prendre consci\u00e8ncia, d\u2019<strong>analitzar la situaci\u00f3 i de donar suport i d\u2019erigir accions per a visibilitzar i per a augmentar el coneixement de la ciutadania<\/strong> sobre aquesta xacra protagonitzada a trav\u00e9s del temps per elements immorals parapetats en organitzacions com ara centres sanitaris, registres civils o congregacions, els quals van practicar impunement la sostracci\u00f3, l&#8217;engany i el tr\u00e0fic d&#8217;\u00e9ssers humans.<\/p>\n<p>L&#8217;Ajuntament d&#8217;Elx \u2013a petici\u00f3 del Grup Comprom\u00eds\u2013 va debatre i va aprovar en la sessi\u00f3 plen\u00e0ria del gener passat sol\u00b7licitar al Congr\u00e9s dels Diputats que la legislaci\u00f3 nacional sobre beb\u00e9s robats, paralitzada per la Comissi\u00f3 de Just\u00edcia, <strong>seguisca el seu proc\u00e9s i agilite la seua aprovaci\u00f3 respectant el text original de la proposici\u00f3 de llei, resultant del consens pol\u00edtic i social.<\/strong><\/p>\n<p>\u201cEstem encantats de poder donar difusi\u00f3 a la vostra causa\u201d, va manifestar l&#8217;Esther D\u00edez. \u201cAmb aix\u00f2 no repararem tot el mal patit i que continueu patint durant totes aquestes d\u00e8cades, per\u00f2 servir\u00e0 per a <strong>sensibilitzar la poblaci\u00f3, que moltes persones afectades contacten amb vosaltres i que la legislaci\u00f3 veja la llum a les Corts en el que queda de legislatura<\/strong>\u201d, va agregar la regidora. Per part seua, l&#8217;edil Puri Vives va animar l&#8217;AVA a \u201csecundar-se\u201d en l&#8217;\u00c0rea de Participaci\u00f3 i Transpar\u00e8ncia del Consistori il\u00b7licit\u00e0.[\/vc_column_text][\/vc_column][\/vc_row][vc_row][vc_column][vc_column_text el_class=&#8221;cuadronoticia&#8221;]<\/p>\n<h5>El portaveu de l&#8217;AVA, entitat dirigida per la il\u00b7licitana Mar\u00eda Jos\u00e9 Pic\u00f3, insta el Consistori a \u201cfacilitar la difusi\u00f3 de la nostra lluita\u201d, ja que se sospita que existeixen molts m\u00e9s casos al municipi dels reflectits oficialment<\/h5>\n<p>[\/vc_column_text][\/vc_column][\/vc_row][vc_row][vc_column][vc_column_text]El director general de Qualitat Democr\u00e0tica va subratllar que la Conselleria ha volgut ajudar les v\u00edctimes \u201cen tot el que ens heu demanat\u201d des de la primera vegada que es van reunir amb elles en 2019. I, encara que s&#8217;han efectuat avan\u00e7os amb la Conselleria de Sanitat quant a expedients i documentaci\u00f3, <strong>va recon\u00e9ixer que la irrupci\u00f3 de la pand\u00e8mia ha demorat les gestions, les tasques de difusi\u00f3 i d&#8217;acompanyament<\/strong> a causa del coronavirus \u201cuna dificultat afegida\u201d.<\/p>\n<p>Malgrat aix\u00f2,<strong> la Generalitat continua les converses amb els grups parlamentaris per a tirar endavant la legislaci\u00f3 estatal que permetria la creaci\u00f3 d&#8217;una fiscalia espec\u00edfica de beb\u00e9s robats<\/strong>. Tamb\u00e9 amb el Govern central perqu\u00e8 el programa que en altres comunitats es limita als afusellats en la Guerra Civil s&#8217;estenga a les v\u00edctimes de beb\u00e9s robats i d\u2019adopcions il\u00b7legals i que puguen fer-se les proves gen\u00e8tiques amb les quals crear un banc d&#8217;ADN estatal amb el qual efectuar els encreuaments d&#8217;identificaci\u00f3.<\/p>\n<p>\u201cEn definitiva, que compteu amb nosaltres. <strong>Podeu comptar amb el vostre Ajuntament i amb mi com a alcalde per a escoltar-vos i per a prendre consci\u00e8ncia<\/strong> d&#8217;un problema que tamb\u00e9 existeix a la nostra ciutat\u201d, va concloure l&#8217;alcalde. Mentre que Mar\u00eda Jos\u00e9 Pic\u00f3 va donar les gr\u00e0cies al responsable de l&#8217;Equip de Govern per la recepci\u00f3.<\/p>\n<hr \/>\n<p>&nbsp;<\/p>\n<p>[\/vc_column_text][\/vc_column][\/vc_row][vc_row][vc_column width=&#8221;1\/6&#8243;][\/vc_column][vc_column width=&#8221;2\/3&#8243;]<audio class=\"sc_audio\" src=\"https:\/\/soundcloud.com\/ayuntamiento-de-elche\/el-ayuntamiento-de-elche-muestra-su-apoyo-a-la-asociacion-de-victimas-de-bebes-robados?utm_source=clipboard&#038;utm_medium=text&#038;utm_campaign=social_sharing\" width=\"\" height=\"\"><\/audio>[\/vc_column][vc_column width=&#8221;1\/6&#8243;][\/vc_column][\/vc_row]<\/p>\n<\/div>","protected":false},"excerpt":{"rendered":"<p>[vc_row el_id=&#8221;SUBTITULAR_NOTICIA&#8221;][vc_column][vc_column_text] L&#8217;alcalde, Carlos Gonz\u00e1lez, al costat dels edils Esther D\u00edez i Puri Vives, de la secret\u00e0ria auton\u00f2mica de Cooperaci\u00f3 i Qualitat Democr\u00e0tica, To\u00f1i Serna, i del director general de [&hellip;]<\/p>\n","protected":false},"author":131,"featured_media":184452,"comment_status":"closed","ping_status":"closed","sticky":false,"template":"","format":"standard","meta":{"footnotes":""},"categories":[391,890,1312],"tags":[],"class_list":["post-184575","post","type-post","status-publish","format-standard","has-post-thumbnail","hentry","category-home-va","category-mayores-va","category-noticias-va"],"_links":{"self":[{"href":"https:\/\/www.elche.es\/va\/wp-json\/wp\/v2\/posts\/184575","targetHints":{"allow":["GET"]}}],"collection":[{"href":"https:\/\/www.elche.es\/va\/wp-json\/wp\/v2\/posts"}],"about":[{"href":"https:\/\/www.elche.es\/va\/wp-json\/wp\/v2\/types\/post"}],"author":[{"embeddable":true,"href":"https:\/\/www.elche.es\/va\/wp-json\/wp\/v2\/users\/131"}],"replies":[{"embeddable":true,"href":"https:\/\/www.elche.es\/va\/wp-json\/wp\/v2\/comments?post=184575"}],"version-history":[{"count":0,"href":"https:\/\/www.elche.es\/va\/wp-json\/wp\/v2\/posts\/184575\/revisions"}],"wp:featuredmedia":[{"embeddable":true,"href":"https:\/\/www.elche.es\/va\/wp-json\/wp\/v2\/media\/184452"}],"wp:attachment":[{"href":"https:\/\/www.elche.es\/va\/wp-json\/wp\/v2\/media?parent=184575"}],"wp:term":[{"taxonomy":"category","embeddable":true,"href":"https:\/\/www.elche.es\/va\/wp-json\/wp\/v2\/categories?post=184575"},{"taxonomy":"post_tag","embeddable":true,"href":"https:\/\/www.elche.es\/va\/wp-json\/wp\/v2\/tags?post=184575"}],"curies":[{"name":"wp","href":"https:\/\/api.w.org\/{rel}","templated":true}]}}