{"id":185388,"date":"2022-02-23T13:50:13","date_gmt":"2022-02-23T12:50:13","guid":{"rendered":"https:\/\/www.elche.es\/2022\/02\/lajuntament-rep-4-milions-deuros-de-fons-europeus-per-a-financar-projectes-de-mobilitat-sostenible\/"},"modified":"2022-02-24T09:55:00","modified_gmt":"2022-02-24T08:55:00","slug":"lajuntament-rep-4-milions-deuros-de-fons-europeus-per-a-financar-projectes-de-mobilitat-sostenible","status":"publish","type":"post","link":"https:\/\/www.elche.es\/va\/2022\/02\/lajuntament-rep-4-milions-deuros-de-fons-europeus-per-a-financar-projectes-de-mobilitat-sostenible\/","title":{"rendered":"L&#8217;Ajuntament rep 4 milions d&#8217;euros de fons europeus per a finan\u00e7ar projectes de mobilitat sostenible"},"content":{"rendered":"<div class=\"wpb-content-wrapper\"><p>[vc_row el_id=&#8221;SUBTITULAR_NOTICIA&#8221;][vc_column][vc_column_text]<\/p>\n<hr \/>\n<h4>L&#8217;alcalde, Carlos Gonz\u00e1lez, assenyala que \u201ces tracta d&#8217;un pas m\u00e9s per a tindre una mobilitat m\u00e9s eficient, m\u00e9s moderna i, per descomptat, menys contaminant, en el cam\u00ed cap a la capitalitat verda europea\u201d<\/h4>\n<hr \/>\n<p>[\/vc_column_text][\/vc_column][\/vc_row][vc_row el_id=&#8221;TEXTO_NOTICIA&#8221;][vc_column][vc_column_text]Els Fons Next Generation comencen a arribar a Elx. L\u2019alcalde d\u2019Elx, Carlos Gonz\u00e1lez, i la regidora de Mobilitat, Esther D\u00edez, han anunciat que l\u2019<strong>Ajuntament rebr\u00e0 4 milions d\u2019euros d\u2019aquests fons europeus per a finan\u00e7ar projectes de mobilitat sostenible a la ciutat<\/strong>\u00a0a trav\u00e9s de tres projectes \u201cl\u2019objectiu fonamental dels quals \u00e9s avan\u00e7ar en la descarbonitzaci\u00f3 de la mobilitat i, per tant, reduir les emissions de gasos d\u2019efecte d\u2019hivernacle\u201d, ha indicat el regidor.[\/vc_column_text][\/vc_column][\/vc_row][vc_row link=&#8221;https:\/\/vimeo.com\/51589652&#8243; el_width=&#8221;100&#8243; el_aspect=&#8221;169&#8243; align=&#8221;left&#8221; el_class=&#8221;videonoticia&#8221; title=&#8221;&#8221;][vc_column][vc_video link=&#8221;https:\/\/youtu.be\/p5eyi2XoaHc&#8221; el_class=&#8221;videonoticia&#8221;][\/vc_column][\/vc_row][vc_row][vc_column][vc_column_text]\u201cS\u00f3n tres actuacions que estan molt vinculades al treball per a la candidatura d\u2019Elx a la capitalitat verda europea 2030 i amb aquests recursos, fonamentalment, comprarem 8 autobusos el\u00e8ctrics, construirem una estaci\u00f3 de rec\u00e0rrega per a eixa flota de vehicles el\u00e8ctrics i continuarem millorant les l\u00ednies, l\u2019efici\u00e8ncia i la qualitat del transport col\u00b7lectiu a Elx\u201d, ha assenyalat l\u2019alcalde, que ha afegit que \u201cen conclusi\u00f3, es tracta d\u2019<strong>un pas m\u00e9s per a tindre una mobilitat m\u00e9s eficient, m\u00e9s moderna i, per descomptat, menys contaminant<\/strong>\u201d.[\/vc_column_text][\/vc_column][\/vc_row][vc_row el_id=&#8221;DESTACADO_NOTICIA&#8221;][vc_column][vc_column_text el_class=&#8221;cuadronoticia&#8221;]<\/p>\n<h5>La regidora de Mobilitat Esther D\u00edez explica que aquesta ajuda permetr\u00e0 la incorporaci\u00f3 de huit autobusos el\u00e8ctrics, la construcci\u00f3 d&#8217;una electrolinera i l&#8217;ampliaci\u00f3 de l\u00ednies, entre altres q\u00fcestions<\/h5>\n<p>[\/vc_column_text][\/vc_column][\/vc_row][vc_row el_id=&#8221;TEXTO_FIN_NOTICIA&#8221;][vc_column][vc_column_text]En la mateixa l\u00ednia, Esther D\u00edez ha indicat que es tracta d&#8217;una subvenci\u00f3 que va ser <strong>sol\u00b7licitada per l&#8217;Ajuntament al Ministeri de Transports<\/strong> el mes de setembre passat.<\/p>\n<p>La responsable de Mobilitat ha explicat que \u201camb aquests quatre milions comprarem huit autobusos cent per cent el\u00e8ctrics, digitalitzarem el servei, que permetr\u00e0, entre altres q\u00fcestions el pagament per m\u00f2bil, i tamb\u00e9 electrificarem la planta d&#8217;autobusos\u201d. Quant als nous autobusos, ha puntualitzat que aquesta ajuda permetr\u00e0 que <strong>quatre dels autobusos h\u00edbrids que anaven a arribar pr\u00f2ximament se substitu\u00efsquen per quatre el\u00e8ctrics<\/strong>. Els altres quatre el\u00e8ctrics s&#8217;utilitzaran per a posar en marxa noves l\u00ednies. I a aquests huit vehicles el\u00e8ctrics se sumen els 17 h\u00edbrids que arribaran al setembre.<\/p>\n<p>A m\u00e9s, D\u00edez ha explicat que, gr\u00e0cies a aquesta subvenci\u00f3, <strong>l&#8217;Ajuntament posar\u00e0 en marxa una nova l\u00ednia d&#8217;autobusos diagonal en ambd\u00f3s<\/strong> sentits que connectar\u00e0 d&#8217;oest a est la ciutat a trav\u00e9s de la remodelaci\u00f3 de les l\u00ednies I i G.<\/p>\n<p>\u201cA tot aix\u00f2, se sumaran altres <strong>millores com fer m\u00e9s \u00e0gil la l\u00ednia H<\/strong>, la reestructuraci\u00f3 de les l\u00ednies E i F per a donar un millor servei al barri del Camp de Futbol i la creaci\u00f3 d&#8217;un servei a la demanda per al barri de Carr\u00fas\u201d.<\/p>\n<p>\u201cEn definitiva, \u00e9s molt bona proposta amb la qual fem un gran pas en mobilitat sostenible, en la <strong>millora de la qualitat de l&#8217;aire i que ens acosta molt m\u00e9s a l&#8217;objectiu Elx 2030<\/strong>\u201d.<\/p>\n<p>D&#8217;altra banda, la regidora ha indicat que la segona l\u00ednia de projectes presentada per l&#8217;Ajuntament d&#8217;Elx a aquests fons europeus, referent a l&#8217;ampliaci\u00f3 del sistema de transport p\u00fablic amb bicicleta Bicielx i a la millora d&#8217;accessibilitat en parades de bus urb\u00e0, <strong>ha quedat en el lloc huit\u00e9 de la llista d&#8217;espera, per la qual cosa \u00e9s possible que finalment aquesta subvenci\u00f3 tamb\u00e9 arribe<\/strong>.<\/p>\n<hr \/>\n<p>&nbsp;<\/p>\n<p>[\/vc_column_text][\/vc_column][\/vc_row][vc_row][vc_column width=&#8221;1\/2&#8243;]<audio class=\"sc_audio\" src=\"https:\/\/soundcloud.com\/ayuntamiento-de-elche\/carlos-gonzalez-sobre-los-fondos-next-generation-para-proyectos-de-movilidad-sostenible?utm_source=clipboard&#038;utm_medium=text&#038;utm_campaign=social_sharing\" width=\"\" height=\"\"><\/audio>[\/vc_column][vc_column width=&#8221;1\/2&#8243;]<audio class=\"sc_audio\" src=\"https:\/\/soundcloud.com\/ayuntamiento-de-elche\/esther-diez-sobre-los-fondos-next-generation-para-proyectos-de-movilidad-sostenible?utm_source=clipboard&#038;utm_medium=text&#038;utm_campaign=social_sharing\" width=\"\" height=\"\"><\/audio>[\/vc_column][\/vc_row]<\/p>\n<\/div>","protected":false},"excerpt":{"rendered":"<p>[vc_row el_id=&#8221;SUBTITULAR_NOTICIA&#8221;][vc_column][vc_column_text] L&#8217;alcalde, Carlos Gonz\u00e1lez, assenyala que \u201ces tracta d&#8217;un pas m\u00e9s per a tindre una mobilitat m\u00e9s eficient, m\u00e9s moderna i, per descomptat, menys contaminant, en el cam\u00ed cap [&hellip;]<\/p>\n","protected":false},"author":131,"featured_media":171148,"comment_status":"closed","ping_status":"closed","sticky":false,"template":"","format":"standard","meta":{"footnotes":""},"categories":[391,217,1312],"tags":[],"class_list":["post-185388","post","type-post","status-publish","format-standard","has-post-thumbnail","hentry","category-home-va","category-mobilitat","category-noticias-va"],"_links":{"self":[{"href":"https:\/\/www.elche.es\/va\/wp-json\/wp\/v2\/posts\/185388","targetHints":{"allow":["GET"]}}],"collection":[{"href":"https:\/\/www.elche.es\/va\/wp-json\/wp\/v2\/posts"}],"about":[{"href":"https:\/\/www.elche.es\/va\/wp-json\/wp\/v2\/types\/post"}],"author":[{"embeddable":true,"href":"https:\/\/www.elche.es\/va\/wp-json\/wp\/v2\/users\/131"}],"replies":[{"embeddable":true,"href":"https:\/\/www.elche.es\/va\/wp-json\/wp\/v2\/comments?post=185388"}],"version-history":[{"count":0,"href":"https:\/\/www.elche.es\/va\/wp-json\/wp\/v2\/posts\/185388\/revisions"}],"wp:featuredmedia":[{"embeddable":true,"href":"https:\/\/www.elche.es\/va\/wp-json\/wp\/v2\/media\/171148"}],"wp:attachment":[{"href":"https:\/\/www.elche.es\/va\/wp-json\/wp\/v2\/media?parent=185388"}],"wp:term":[{"taxonomy":"category","embeddable":true,"href":"https:\/\/www.elche.es\/va\/wp-json\/wp\/v2\/categories?post=185388"},{"taxonomy":"post_tag","embeddable":true,"href":"https:\/\/www.elche.es\/va\/wp-json\/wp\/v2\/tags?post=185388"}],"curies":[{"name":"wp","href":"https:\/\/api.w.org\/{rel}","templated":true}]}}