{"id":185585,"date":"2022-02-24T13:13:14","date_gmt":"2022-02-24T12:13:14","guid":{"rendered":"https:\/\/www.elche.es\/2022\/02\/lajuntament-inverteix-en-2022-quasi-600-000-euros-en-la-renovacio-i-la-modernitzacio-de-jocs-infantils-en-barris-i-pedanies\/"},"modified":"2022-02-24T15:10:39","modified_gmt":"2022-02-24T14:10:39","slug":"lajuntament-inverteix-en-2022-quasi-600-000-euros-en-la-renovacio-i-la-modernitzacio-de-jocs-infantils-en-barris-i-pedanies","status":"publish","type":"post","link":"https:\/\/www.elche.es\/va\/2022\/02\/lajuntament-inverteix-en-2022-quasi-600-000-euros-en-la-renovacio-i-la-modernitzacio-de-jocs-infantils-en-barris-i-pedanies\/","title":{"rendered":"L&#8217;Ajuntament inverteix en 2022 quasi 600.000 euros en la renovaci\u00f3 i la modernitzaci\u00f3 de jocs infantils en barris i pedanies"},"content":{"rendered":"<div class=\"wpb-content-wrapper\"><p>[vc_row el_id=&#8221;SUBTITULAR_NOTICIA&#8221;][vc_column][vc_column_text]<\/p>\n<hr \/>\n<h4>L&#8217;edil de Manteniment, H\u00e9ctor D\u00edez, anuncia que la pr\u00f2xima actuaci\u00f3 es dur\u00e0 a terme a la pla\u00e7a La Glea de la Marina, on es destinaran 33.000 euros per a actuar sobre una zona de 170 metres quadrats<\/h4>\n<hr \/>\n<p>[\/vc_column_text][\/vc_column][\/vc_row][vc_row el_id=&#8221;TEXTO_FIN_NOTICIA&#8221;][vc_column][vc_column_text]L\u2019Equip de Govern t\u00e9 previst i<strong>nvertir en l\u2019actual exercici 2022 prop de 595.000 euros en la renovaci\u00f3 i la modernitzaci\u00f3 dels jocs infantils de barris i pedanies<\/strong>. Una d\u2019aquestes actuacions \u00e9s que es dur\u00e0 a terme de manera imminent en la pla\u00e7a La Glea de la Marina.<\/p>\n<p>Aix\u00ed ho ha anunciat aquest mat\u00ed el regidor de Manteniment, H\u00e9ctor D\u00edez, que ha destacat que\u00a0<strong>fins ara s\u2019han invertit m\u00e9s de 600.000 euros en aquesta mena d\u2019actuaci\u00f3<\/strong>. \u201cEn aquesta legislatura hem actuat en m\u00e9s de 25 grans \u00e0rees de jocs infantils i enguany seguirem en aquesta l\u00ednia, ja que som conscients que cal donar resposta a les demandes ve\u00efnals\u201d.[\/vc_column_text][\/vc_column][\/vc_row][vc_row type=&#8221;flexslider_slide&#8221; interval=&#8221;5&#8243; source=&#8221;media_library&#8221; images=&#8221;&#8221; img_size=&#8221;full&#8221; external_img_size=&#8221;&#8221; onclick=&#8221;link_image&#8221; custom_links_target=&#8221;_self&#8221; el_class=&#8221;galerianoticia&#8221; title=&#8221;&#8221; custom_srcs=&#8221;&#8221; custom_links=&#8221;&#8221;][vc_column][vc_gallery type=&#8221;flexslider_slide&#8221; interval=&#8221;5&#8243; images=&#8221;185614,185616&#8243; img_size=&#8221;full&#8221; el_class=&#8221;galerianoticia&#8221;][\/vc_column][\/vc_row][vc_row][vc_column][vc_column_text]\u201cDins dels objectius fixats pel Govern Municipal per a aquesta legislatura est\u00e0 la modernitzaci\u00f3 de l\u2019espai p\u00fablic en barris i pedanies amb un especial esfor\u00e7 en aquells elements m\u00e9s utilitzats per la ciutadania a l\u2019hora de gaudir de places i jardins i, sens dubte,\u00a0<strong>els jocs infantils s\u00f3n un d\u2019eixos elements m\u00e9s demandats i utilitzats\u201d<\/strong>, ha assenyalat D\u00edez, que ha afegit que \u201cel nostre prop\u00f2sit \u00e9s, d\u2019una banda, millorar i modernitzar la imatge dels jocs infantils d\u2019Elx, per\u00f2 alhora certificar la seua homologaci\u00f3 perqu\u00e8 el pas del temps dona lloc a canvis normatius als quals cal adaptar-los\u201d.<\/p>\n<p>El responsable de Manteniment ha indicat que eixa modernitzaci\u00f3 dona lloc a la incorporaci\u00f3 d\u2019elements que donen resposta a les necessitats que es van donant al municipi. \u201cHan de ser jocs inclusius, adaptats, que contemplen realitats a trav\u00e9s dels pictogrames i que diversifiquen la seua tem\u00e0tica, ja que fins ara els jocs infantils eren iguals en tots els barris i les pedanies\u201d, ha dit H\u00e9ctor D\u00edez, que\u00a0<strong>ha apuntat que han de ser un lloc de pr\u00e0ctica d\u2019activitat f\u00edsica per als m\u00e9s xicotets i un lloc de socialitzaci\u00f3<\/strong>\u00a0i on desenvolupar les seues habilitats motrius.<\/p>\n<p>Respecte a l\u2019actuaci\u00f3 que es va dur a terme a la Marina, el regidor ha explicat que \u201chem adjudicat les obres per a la modernitzaci\u00f3 i la millora de la pla\u00e7a La Glea, que\u00a0<strong>comptar\u00e0 amb un pressupost de 33.000 euros i que pret\u00e9n actuar sobre m\u00e9s de 170 metres quadrats de zona de jocs\u201d<\/strong>.<\/p>\n<p>Els jocs que es col\u00b7locaran a la Marina\u00a0<strong>tenen com a tem\u00e0tica els globus aerost\u00e0tics<\/strong>\u00a0i comptar\u00e0 amb diferents tipus d\u2019elements per al joc case de tobogans, xarxes de grimpa, gronxadors, jocs de panell i elements adaptats.<\/p>\n<p>L\u2019\u00e0rea de Manteniment ja est\u00e0 treballant en altres actuacions com ara\u00a0<strong>la modernitzaci\u00f3 de jocs del jard\u00ed d\u2019Andalusia o a la pedania de l\u2019Altet<\/strong>.<\/p>\n<hr \/>\n<p>&nbsp;<\/p>\n<p>[\/vc_column_text][\/vc_column][\/vc_row][vc_row][vc_column width=&#8221;1\/6&#8243;][\/vc_column][vc_column width=&#8221;2\/3&#8243;]<audio class=\"sc_audio\" src=\"https:\/\/soundcloud.com\/ayuntamiento-de-elche\/hector-diez-informa-sobre-actuaciones-de-mejora-urbana-en-la-marina?utm_source=clipboard&#038;utm_medium=text&#038;utm_campaign=social_sharing\" width=\"\" height=\"\"><\/audio>[\/vc_column][vc_column width=&#8221;1\/6&#8243;][\/vc_column][\/vc_row]<\/p>\n<\/div>","protected":false},"excerpt":{"rendered":"<p>[vc_row el_id=&#8221;SUBTITULAR_NOTICIA&#8221;][vc_column][vc_column_text] L&#8217;edil de Manteniment, H\u00e9ctor D\u00edez, anuncia que la pr\u00f2xima actuaci\u00f3 es dur\u00e0 a terme a la pla\u00e7a La Glea de la Marina, on es destinaran 33.000 euros per [&hellip;]<\/p>\n","protected":false},"author":131,"featured_media":185555,"comment_status":"closed","ping_status":"closed","sticky":false,"template":"","format":"standard","meta":{"footnotes":""},"categories":[391,680,1312],"tags":[],"class_list":["post-185585","post","type-post","status-publish","format-standard","has-post-thumbnail","hentry","category-home-va","category-mantenimiento-va","category-noticias-va"],"_links":{"self":[{"href":"https:\/\/www.elche.es\/va\/wp-json\/wp\/v2\/posts\/185585","targetHints":{"allow":["GET"]}}],"collection":[{"href":"https:\/\/www.elche.es\/va\/wp-json\/wp\/v2\/posts"}],"about":[{"href":"https:\/\/www.elche.es\/va\/wp-json\/wp\/v2\/types\/post"}],"author":[{"embeddable":true,"href":"https:\/\/www.elche.es\/va\/wp-json\/wp\/v2\/users\/131"}],"replies":[{"embeddable":true,"href":"https:\/\/www.elche.es\/va\/wp-json\/wp\/v2\/comments?post=185585"}],"version-history":[{"count":0,"href":"https:\/\/www.elche.es\/va\/wp-json\/wp\/v2\/posts\/185585\/revisions"}],"wp:featuredmedia":[{"embeddable":true,"href":"https:\/\/www.elche.es\/va\/wp-json\/wp\/v2\/media\/185555"}],"wp:attachment":[{"href":"https:\/\/www.elche.es\/va\/wp-json\/wp\/v2\/media?parent=185585"}],"wp:term":[{"taxonomy":"category","embeddable":true,"href":"https:\/\/www.elche.es\/va\/wp-json\/wp\/v2\/categories?post=185585"},{"taxonomy":"post_tag","embeddable":true,"href":"https:\/\/www.elche.es\/va\/wp-json\/wp\/v2\/tags?post=185585"}],"curies":[{"name":"wp","href":"https:\/\/api.w.org\/{rel}","templated":true}]}}