{"id":185608,"date":"2022-02-24T14:03:45","date_gmt":"2022-02-24T13:03:45","guid":{"rendered":"https:\/\/www.elche.es\/2022\/02\/la-calaforra-acull-una-exposicio-benefica-de-pintura-amb-motiu-del-dia-dandalusia-per-a-financar-projectes-de-long-regalos-de-amor\/"},"modified":"2022-02-24T14:04:54","modified_gmt":"2022-02-24T13:04:54","slug":"la-calaforra-acull-una-exposicio-benefica-de-pintura-amb-motiu-del-dia-dandalusia-per-a-financar-projectes-de-long-regalos-de-amor","status":"publish","type":"post","link":"https:\/\/www.elche.es\/va\/2022\/02\/la-calaforra-acull-una-exposicio-benefica-de-pintura-amb-motiu-del-dia-dandalusia-per-a-financar-projectes-de-long-regalos-de-amor\/","title":{"rendered":"La Calaforra acull una exposici\u00f3 ben\u00e8fica de pintura amb motiu del Dia d&#8217;Andalusia per a finan\u00e7ar projectes de l&#8217;ONG Regalos de Amor"},"content":{"rendered":"<div class=\"wpb-content-wrapper\"><p>[vc_row el_id=&#8221;SUBTITULAR_NOTICIA&#8221;][vc_column][vc_column_text]<\/p>\n<hr \/>\n<h4>La mostra de l&#8217;artista Fernanda Salmer\u00f3n, que es podr\u00e0 visitar fins al 14 de mar\u00e7, est\u00e0 composta per un conjunt d&#8217;olis en llen\u00e7os i pissarres amb motius andalusos i il\u00b7licitans<\/h4>\n<hr \/>\n<p>[\/vc_column_text][\/vc_column][\/vc_row][vc_row el_id=&#8221;TEXTO_NOTICIA&#8221;][vc_column][vc_column_text]L&#8217;Ajuntament d&#8217;Elx, a trav\u00e9s de la Regidoria de Festes i la Casa d&#8217;Andalusia, ha programat una s\u00e8rie d&#8217;activitats amb motiu del Dia d&#8217;Andalusia, que tindr\u00e0 lloc el pr\u00f2xim 28 de febrer. Entre aquestes, <strong>la Calaforra acollir\u00e0 fins al 14 de mar\u00e7 l&#8217;exposici\u00f3 ben\u00e8fica de pintura \u201cFusi\u00f3n de ilicitanos andaluces<\/strong>. <strong>Regalando amor\u201d<\/strong>. Es tracta d&#8217;un conjunt d&#8217;olis en llen\u00e7os i pissarres amb motius i hist\u00f2ria d&#8217;Andalusia i d&#8217;Elx realitzats per l&#8217;autora Fernanda Salmer\u00f3n.[\/vc_column_text][\/vc_column][\/vc_row][vc_row type=&#8221;flexslider_slide&#8221; interval=&#8221;5&#8243; source=&#8221;media_library&#8221; images=&#8221;&#8221; img_size=&#8221;full&#8221; external_img_size=&#8221;&#8221; onclick=&#8221;link_image&#8221; custom_links_target=&#8221;_self&#8221; el_class=&#8221;galerianoticia&#8221; title=&#8221;&#8221; custom_srcs=&#8221;&#8221; custom_links=&#8221;&#8221;][vc_column][vc_gallery type=&#8221;flexslider_slide&#8221; interval=&#8221;5&#8243; images=&#8221;185590,185592,185594,185596,185598&#8243; img_size=&#8221;full&#8221; el_class=&#8221;galerianoticia&#8221;][\/vc_column][\/vc_row][vc_row][vc_column][vc_column_text]La\u00a0regidora de Festes, Mariola Galiana, ha assistit aquest mat\u00ed a la presentaci\u00f3 d&#8217;aquesta mostra, <strong>la recaptaci\u00f3 de la qual anir\u00e0 destinada a l&#8217;ONG Regalos de Amor per als projectes que desenvolupa l&#8217;organitzaci\u00f3 sense \u00e0nim de lucre<\/strong>, especialment per a l&#8217;escola de dones de costura \u00edndia. A l&#8217;acte tamb\u00e9 han assistit la presidenta de la Casa d&#8217;Andalusia, \u00c1ngeles Masegosa, la presidenta de l&#8217;ONG Regalos de Amor, Rosario Cases, i l&#8217;autora de les obres.<\/p>\n<p>L&#8217;edil ha mostrat la seua satisfacci\u00f3 per recuperar la celebraci\u00f3 del Dia d&#8217;Andalusia al Gran Teatre, que tindr\u00e0 lloc aquest diumenge despr\u00e9s de dos anys de pand\u00e8mia. Aix\u00ed mateix, ha recordat que <strong>es duran a terme unes jornades de portes obertes en la seu de la Casa d&#8217;Andalusia amb diverses activitats<\/strong> com a tallers d&#8217;aprenentatge de sevillanes, de guitarra espanyola i\u00a0de cante\u00a0flamenc amb l&#8217;objectiu d&#8217;acostar la cultura andalusa als ciutadans. \u201cAmb aquesta mena d&#8217;iniciatives, mostrem el nostre suport a la cultura local i el nostre comprom\u00eds perqu\u00e8 artistes com\u00a0Fernanda\u00a0continuen mostrant la seua passi\u00f3 per la pintura i per la seua ciutat que, encara que no natal, considera com a pr\u00f2pia\u201d, ha indicat l&#8217;edil.[\/vc_column_text][\/vc_column][\/vc_row][vc_row el_id=&#8221;DESTACADO_NOTICIA&#8221;][vc_column][vc_column_text el_class=&#8221;cuadronoticia&#8221;]<\/p>\n<h5>La\u00a0regidora de Festes, Mariola Galiana, assisteix a la presentaci\u00f3 de les obres, la recaptaci\u00f3 de les quals anir\u00e0 destinada a l&#8217;escola de dones de costura \u00edndia<\/h5>\n<p>[\/vc_column_text][\/vc_column][\/vc_row][vc_row el_id=&#8221;TEXTO_FIN_NOTICIA&#8221;][vc_column][vc_column_text]Per la seua part,\u00a0Salmer\u00f3n\u00a0ha destacat que les peces pretenen homenatjar les terres entorn de les quals ha girat la seua vida: Andalusia i Elx, i que ha quedat resumida en 16 quadres. <strong>L&#8217;exposici\u00f3 s&#8217;inaugurar\u00e0 aquesta vesprada a les 19.30 hores.<\/strong><\/p>\n<p>Masegosa\u00a0ha agra\u00eft la col\u00b7laboraci\u00f3 de l&#8217;Ajuntament i <strong>ha convidat la ciutadania a visitar la mostra<\/strong>, aix\u00ed com a participar en els diferents actes programats.<\/p>\n<p>Tamb\u00e9 <strong>la presidenta de l&#8217;ONG Regalos de Amor ha mostrat la seua gratitud a la instituci\u00f3 municipal<\/strong> per donar veu a aquesta mena d&#8217;iniciatives per a ajudar a aquelles persones que es troben en situaci\u00f3 de vulnerabilitat o pobresa.<\/p>\n<hr \/>\n<p>[\/vc_column_text][\/vc_column][\/vc_row][vc_row][vc_column width=&#8221;1\/2&#8243;]<audio class=\"sc_audio\" src=\"\" width=\"\" height=\"\"><\/audio>[\/vc_column][vc_column width=&#8221;1\/2&#8243;]<audio class=\"sc_audio\" src=\"\" width=\"\" height=\"\"><\/audio>[\/vc_column][\/vc_row][vc_row][vc_column width=&#8221;1\/2&#8243;]<audio class=\"sc_audio\" src=\"\" width=\"\" height=\"\"><\/audio>[\/vc_column][vc_column width=&#8221;1\/2&#8243;]<audio class=\"sc_audio\" src=\"\" width=\"\" height=\"\"><\/audio>[\/vc_column][\/vc_row]<\/p>\n<\/div>","protected":false},"excerpt":{"rendered":"<p>[vc_row el_id=&#8221;SUBTITULAR_NOTICIA&#8221;][vc_column][vc_column_text] La mostra de l&#8217;artista Fernanda Salmer\u00f3n, que es podr\u00e0 visitar fins al 14 de mar\u00e7, est\u00e0 composta per un conjunt d&#8217;olis en llen\u00e7os i pissarres amb motius andalusos [&hellip;]<\/p>\n","protected":false},"author":15,"featured_media":185601,"comment_status":"closed","ping_status":"closed","sticky":false,"template":"","format":"standard","meta":{"footnotes":""},"categories":[191,391,1312],"tags":[],"class_list":["post-185608","post","type-post","status-publish","format-standard","has-post-thumbnail","hentry","category-festes-va","category-home-va","category-noticias-va"],"_links":{"self":[{"href":"https:\/\/www.elche.es\/va\/wp-json\/wp\/v2\/posts\/185608","targetHints":{"allow":["GET"]}}],"collection":[{"href":"https:\/\/www.elche.es\/va\/wp-json\/wp\/v2\/posts"}],"about":[{"href":"https:\/\/www.elche.es\/va\/wp-json\/wp\/v2\/types\/post"}],"author":[{"embeddable":true,"href":"https:\/\/www.elche.es\/va\/wp-json\/wp\/v2\/users\/15"}],"replies":[{"embeddable":true,"href":"https:\/\/www.elche.es\/va\/wp-json\/wp\/v2\/comments?post=185608"}],"version-history":[{"count":0,"href":"https:\/\/www.elche.es\/va\/wp-json\/wp\/v2\/posts\/185608\/revisions"}],"wp:featuredmedia":[{"embeddable":true,"href":"https:\/\/www.elche.es\/va\/wp-json\/wp\/v2\/media\/185601"}],"wp:attachment":[{"href":"https:\/\/www.elche.es\/va\/wp-json\/wp\/v2\/media?parent=185608"}],"wp:term":[{"taxonomy":"category","embeddable":true,"href":"https:\/\/www.elche.es\/va\/wp-json\/wp\/v2\/categories?post=185608"},{"taxonomy":"post_tag","embeddable":true,"href":"https:\/\/www.elche.es\/va\/wp-json\/wp\/v2\/tags?post=185608"}],"curies":[{"name":"wp","href":"https:\/\/api.w.org\/{rel}","templated":true}]}}