{"id":186172,"date":"2022-02-28T14:10:12","date_gmt":"2022-02-28T13:10:12","guid":{"rendered":"https:\/\/www.elche.es\/2022\/02\/mes-de-1-000-atletes-participen-en-el-cross-ciutat-delx-celebrat-a-lalcudia\/"},"modified":"2022-03-01T11:25:25","modified_gmt":"2022-03-01T10:25:25","slug":"mes-de-1-000-atletes-participen-en-el-cross-ciutat-delx-celebrat-a-lalcudia","status":"publish","type":"post","link":"https:\/\/www.elche.es\/va\/2022\/02\/mes-de-1-000-atletes-participen-en-el-cross-ciutat-delx-celebrat-a-lalcudia\/","title":{"rendered":"M\u00e9s de 1.000 atletes participen en el Cross Ciutat d&#8217;Elx celebrat a l\u2019Alc\u00fadia"},"content":{"rendered":"<div class=\"wpb-content-wrapper\"><p>[vc_row el_id=&#8221;SUBTITULAR_NOTICIA&#8221;][vc_column][vc_column_text]<\/p>\n<hr \/>\n<h4>El regidor d&#8217;Esports, Vicente Alberola, destaca el bon acolliment de la categoria popular impulsada enguany \u201camb la intenci\u00f3 d&#8217;obrir l&#8217;esport a tots els p\u00fablics\u201d<\/h4>\n<hr \/>\n<p>[\/vc_column_text][\/vc_column][\/vc_row][vc_row][vc_column][vc_column_text]El Cross <strong>Ciutat d&#8217;Elx disputat ahir al jaciment de l\u2019Alc\u00fadia<\/strong> va comptar amb la participaci\u00f3 de 1.153 esportistes de totes les edats des dels huit anys.<\/p>\n<p>El regidor d&#8217;Esports,\u00a0<strong>Vicente\u00a0Alberola, s&#8217;ha mostrat satisfet per la tornada de la carrera despr\u00e9s de m\u00e9s d&#8217;una d\u00e8cada sense disputar-se<\/strong> i pel funcionament de les 15 proves que es van dur a terme durant tot el mat\u00ed.<\/p>\n<p>[\/vc_column_text][\/vc_column][\/vc_row][vc_row][vc_column][vc_gallery type=&#8221;flexslider_slide&#8221; interval=&#8221;5&#8243; images=&#8221;186158,186156,186160,186162&#8243; img_size=&#8221;full&#8221; el_class=&#8221;galerianoticia&#8221;][\/vc_column][\/vc_row][vc_row][vc_column][vc_column_text]En la categoria popular impulsada enguany <strong>\u201camb la intenci\u00f3 d&#8217;obrir l&#8217;esport a tots els p\u00fablics\u201d<\/strong>, tal com va afirmar l&#8217;edil de l&#8217;\u00e0rea durant la presentaci\u00f3 de la carrera, va concloure amb la vict\u00f2ria en categoria femenina de Jessica Guerrero i en la masculina va fer el mateix Adri\u00e1n Irles.<\/p>\n<p>D&#8217;altra banda, els tres primers atletes classificats de les proves corresponents al Campionat Auton\u00f2mic Escolar (Sub\u00a012, Sub\u00a014 i Sub\u00a016) i al Campionat Auton\u00f2mic Sub\u00a018 Federatiu van rebre una medalla de la Regidoria d&#8217;Esports i en totes les categories <strong>els tres primers classificats van obtindre un trofeu per part de l&#8217;Ajuntament d&#8217;Elx<\/strong>. A m\u00e9s, tots els participants van rebre una bossa amb un botellin\u00a0d&#8217;aigua i altres obsequis.<\/p>\n<p><strong>Alberola ha animat<\/strong> tots els il\u00b7licitans i les il\u00b7licitanes a participar en la pr\u00f2xima edici\u00f3.<\/p>\n<hr \/>\n<p>[\/vc_column_text][\/vc_column][\/vc_row][vc_row][vc_column width=&#8221;1\/6&#8243;][\/vc_column][vc_column width=&#8221;2\/3&#8243;]<\/p>\n<audio class=\"sc_audio\" src=\"\" width=\"\" height=\"\"><\/audio>\n<p>[\/vc_column][vc_column width=&#8221;1\/6&#8243;][\/vc_column][\/vc_row]<\/p>\n<\/div>","protected":false},"excerpt":{"rendered":"<p>[vc_row el_id=&#8221;SUBTITULAR_NOTICIA&#8221;][vc_column][vc_column_text] El regidor d&#8217;Esports, Vicente Alberola, destaca el bon acolliment de la categoria popular impulsada enguany \u201camb la intenci\u00f3 d&#8217;obrir l&#8217;esport a tots els p\u00fablics\u201d [\/vc_column_text][\/vc_column][\/vc_row][vc_row][vc_column][vc_column_text]El Cross Ciutat d&#8217;Elx [&hellip;]<\/p>\n","protected":false},"author":15,"featured_media":186165,"comment_status":"closed","ping_status":"closed","sticky":false,"template":"","format":"standard","meta":{"footnotes":""},"categories":[187,391,1312],"tags":[],"class_list":["post-186172","post","type-post","status-publish","format-standard","has-post-thumbnail","hentry","category-esports","category-home-va","category-noticias-va"],"_links":{"self":[{"href":"https:\/\/www.elche.es\/va\/wp-json\/wp\/v2\/posts\/186172","targetHints":{"allow":["GET"]}}],"collection":[{"href":"https:\/\/www.elche.es\/va\/wp-json\/wp\/v2\/posts"}],"about":[{"href":"https:\/\/www.elche.es\/va\/wp-json\/wp\/v2\/types\/post"}],"author":[{"embeddable":true,"href":"https:\/\/www.elche.es\/va\/wp-json\/wp\/v2\/users\/15"}],"replies":[{"embeddable":true,"href":"https:\/\/www.elche.es\/va\/wp-json\/wp\/v2\/comments?post=186172"}],"version-history":[{"count":0,"href":"https:\/\/www.elche.es\/va\/wp-json\/wp\/v2\/posts\/186172\/revisions"}],"wp:featuredmedia":[{"embeddable":true,"href":"https:\/\/www.elche.es\/va\/wp-json\/wp\/v2\/media\/186165"}],"wp:attachment":[{"href":"https:\/\/www.elche.es\/va\/wp-json\/wp\/v2\/media?parent=186172"}],"wp:term":[{"taxonomy":"category","embeddable":true,"href":"https:\/\/www.elche.es\/va\/wp-json\/wp\/v2\/categories?post=186172"},{"taxonomy":"post_tag","embeddable":true,"href":"https:\/\/www.elche.es\/va\/wp-json\/wp\/v2\/tags?post=186172"}],"curies":[{"name":"wp","href":"https:\/\/api.w.org\/{rel}","templated":true}]}}