{"id":186402,"date":"2022-03-01T15:05:04","date_gmt":"2022-03-01T14:05:04","guid":{"rendered":"https:\/\/www.elche.es\/2022\/03\/la-il%c2%b7licitana-pld-space-sera-la-primera-empresa-a-instal%c2%b7lar-se-a-elx-campus-tecnologic\/"},"modified":"2022-03-01T15:05:05","modified_gmt":"2022-03-01T14:05:05","slug":"la-il%c2%b7licitana-pld-space-sera-la-primera-empresa-a-instal%c2%b7lar-se-a-elx-campus-tecnologic","status":"publish","type":"post","link":"https:\/\/www.elche.es\/va\/2022\/03\/la-il%c2%b7licitana-pld-space-sera-la-primera-empresa-a-instal%c2%b7lar-se-a-elx-campus-tecnologic\/","title":{"rendered":"La il\u00b7licitana PLD Space ser\u00e0 la primera empresa a instal\u00b7lar-se a Elx Campus Tecnol\u00f2gic"},"content":{"rendered":"<div class=\"wpb-content-wrapper\"><p>[vc_row el_id=&#8221;SUBTITULAR_NOTICIA&#8221;][vc_column][vc_column_text]<\/p>\n<hr \/>\n<h4>\u201cEs tracta d&#8217;una marca innovadora que inaugura aquest espai concebut per a la implantaci\u00f3 d&#8217;empreses que contribu\u00efsquen al desenvolupament de la nova economia a Elx\u201d, assenyala l&#8217;edil d&#8217;Urbanisme Ana Arabid<\/h4>\n<hr \/>\n<p>[\/vc_column_text][\/vc_column][\/vc_row][vc_row el_id=&#8221;TEXTO_NOTICIA&#8221;][vc_column][vc_column_text]<strong>L&#8217;empresa il\u00b7licitana aeroespacial PLD Space ser\u00e0 la primera a instal\u00b7lar-se a Elx Campus Tecnol\u00f2gic<\/strong>. Aix\u00ed ho ha anunciat la r<strong>egidora d&#8217;Urbanisme i vicepresidenta de PIMESA, Ana Arabid<\/strong>, que ha donat compte dels assumptes tractats ahir en el consell d&#8217;administraci\u00f3 de l&#8217;empresa municipal en el qual tamb\u00e9 es va aprovar la <strong>venda d&#8217;una parcel\u00b7la d&#8217;Elx Parc Empresarial<\/strong> i es va adjudicar la<strong> redacci\u00f3 del projecte per a la construcci\u00f3 d&#8217;un centre sociocultural a l&#8217;Altet<\/strong>.<\/p>\n<p>\u201cEs tracta de tres acords molt importants per la repercussi\u00f3 que tenen en termes de desenvolupament econ\u00f2mic amb la implantaci\u00f3 de noves empreses al Parc Empresarial, per la inauguraci\u00f3 de les instal\u00b7lacions d&#8217;Elx Parc Tecnol\u00f2gic i, d&#8217;altra banda, per l&#8217;avan\u00e7 en la millora de les dotacions a les nostres pedanies\u201d, ha apuntat Arabid.[\/vc_column_text][\/vc_column][\/vc_row][vc_row source=&#8221;media_library&#8221; image=&#8221;&#8221; img_size=&#8221;full&#8221; external_img_size=&#8221;&#8221; add_caption=&#8221;&#8221; alignment=&#8221;left&#8221; style=&#8221;&#8221; external_style=&#8221;&#8221; border_color=&#8221;grey&#8221; external_border_color=&#8221;grey&#8221; onclick=&#8221;link_image&#8221; img_link_target=&#8221;_self&#8221; el_class=&#8221;fotounicanoticia&#8221; title=&#8221;&#8221; custom_src=&#8221;&#8221; caption=&#8221;&#8221; link=&#8221;&#8221; img_link_large=&#8221;&#8221;][vc_column][vc_single_image image=&#8221;186272&#8243; img_size=&#8221;full&#8221; onclick=&#8221;link_image&#8221; el_class=&#8221;fotounicanoticia&#8221;][\/vc_column][\/vc_row][vc_row][vc_column][vc_column_text]La regidora ha explicat que el Consell d&#8217;Administraci\u00f3 d&#8217;ahir va aprovar la proposta d&#8217;<strong>adjudicaci\u00f3 en r\u00e8gim de lloguer d&#8217;una oficina i de places de garatge a l&#8217;edifici 77.A.1 d&#8217;Elx Campus Tecnol\u00f2gic<\/strong>. Es tracta d&#8217;una superf\u00edcie de 886 metres quadrats situada a la primera planta i de dotze places de garatge. La renda mensual de lloguer per aquest espai \u00e9s de 4.753 euros m\u00e9s IVA i per un per\u00edode de cinc anys i l&#8217;oficina ser\u00e0 destinada a la prestaci\u00f3 de serveis relacionats amb la ind\u00fastria aeroespacial.<\/p>\n<p>\u201cEs tracta, per tant, d&#8217;<strong>una empresa il\u00b7licitana innovadora que es converteix en la primera a instal\u00b7lar-se en aquest espai<\/strong> concebut precisament per a la implantaci\u00f3 d&#8217;empreses innovadores que contribu\u00efsquen al desenvolupament de la nova economia a Elx\u201d, ha indicat la regidora.<\/p>\n<p>\u201c<strong>L&#8217;arribada de PLD a Elx Campus Tecnol\u00f2gic \u00e9s una gran not\u00edcia per a la ciutat<\/strong> i la millor manera d&#8217;estrenar aquest edifici dedicat a aquest tipus d&#8217;empreses innovadores. Estic conven\u00e7uda que, despr\u00e9s d&#8217;aquesta, arribaran moltes altres marques a ocupar aquest campus\u201d, ha assenyalat.[\/vc_column_text][\/vc_column][\/vc_row][vc_row el_id=&#8221;DESTACADO_NOTICIA&#8221;][vc_column][vc_column_text el_class=&#8221;cuadronoticia&#8221;]<\/p>\n<h5>El Consell d&#8217;Administraci\u00f3 de Pimesa aprova la venda d&#8217;una parcel\u00b7la d&#8217;Elx Parc Empresarial i adjudica la redacci\u00f3 del projecte per a la construcci\u00f3 d&#8217;un centre sociocultural a l&#8217;Altet<\/h5>\n<p>[\/vc_column_text][\/vc_column][\/vc_row][vc_row el_id=&#8221;TEXTO_FIN_NOTICIA&#8221;][vc_column][vc_column_text]D&#8217;altra banda, el Consell d&#8217;Administraci\u00f3 va aprovar l&#8217;<strong>adjudicaci\u00f3 en r\u00e8gim de venda d&#8217;una parcel\u00b7la d&#8217;Elx Parc Empresarial<\/strong>. Es tracta de la parcel\u00b7la 61.1.B que compta amb una superf\u00edcie de 5.273 metres quadrats i el preu dels qual \u00e9s de 1.309.000 euros m\u00e9s IVA. Arabid ha indicat que la parcel\u00b7la s&#8217;ha adjudicat a la mercantil <strong>Sanymar Higiene Industrial SL<\/strong>.<\/p>\n<p>En l&#8217;actualitat <strong>queden dues parcel\u00b7les de Pimesa lliures a Elx Parc Empresarial<\/strong>, una de 5.000 metres quadrats i una altra de 3.000 metres quadrats.<\/p>\n<p>En tercer lloc, el Consell de PIMESA va aprovar el contracte de prestaci\u00f3 de serveis per a la redacci\u00f3 del <strong>projecte de construcci\u00f3 i de direcci\u00f3 d&#8217;obra del centre sociocultural de l&#8217;Altet<\/strong>. L&#8217;adjudicaci\u00f3 es realitza per import de 37.000 euros m\u00e9s IVA i un termini d&#8217;execuci\u00f3 de <strong>set mesos<\/strong>.<\/p>\n<hr \/>\n<p>&nbsp;<\/p>\n<p>[\/vc_column_text][\/vc_column][\/vc_row][vc_row][vc_column width=&#8221;1\/6&#8243;][\/vc_column][vc_column width=&#8221;2\/3&#8243;]<audio class=\"sc_audio\" src=\"https:\/\/soundcloud.com\/ayuntamiento-de-elche\/consejo-de-pimesa-referente-a-campus-tecnologico?utm_source=clipboard&#038;utm_medium=text&#038;utm_campaign=social_sharing\" width=\"\" height=\"\"><\/audio>[\/vc_column][vc_column width=&#8221;1\/6&#8243;][\/vc_column][\/vc_row]<\/p>\n<\/div>","protected":false},"excerpt":{"rendered":"<p>[vc_row el_id=&#8221;SUBTITULAR_NOTICIA&#8221;][vc_column][vc_column_text] \u201cEs tracta d&#8217;una marca innovadora que inaugura aquest espai concebut per a la implantaci\u00f3 d&#8217;empreses que contribu\u00efsquen al desenvolupament de la nova economia a Elx\u201d, assenyala l&#8217;edil d&#8217;Urbanisme [&hellip;]<\/p>\n","protected":false},"author":131,"featured_media":182689,"comment_status":"closed","ping_status":"closed","sticky":false,"template":"","format":"standard","meta":{"footnotes":""},"categories":[391,1312,210],"tags":[],"class_list":["post-186402","post","type-post","status-publish","format-standard","has-post-thumbnail","hentry","category-home-va","category-noticias-va","category-urbanisme-va"],"_links":{"self":[{"href":"https:\/\/www.elche.es\/va\/wp-json\/wp\/v2\/posts\/186402","targetHints":{"allow":["GET"]}}],"collection":[{"href":"https:\/\/www.elche.es\/va\/wp-json\/wp\/v2\/posts"}],"about":[{"href":"https:\/\/www.elche.es\/va\/wp-json\/wp\/v2\/types\/post"}],"author":[{"embeddable":true,"href":"https:\/\/www.elche.es\/va\/wp-json\/wp\/v2\/users\/131"}],"replies":[{"embeddable":true,"href":"https:\/\/www.elche.es\/va\/wp-json\/wp\/v2\/comments?post=186402"}],"version-history":[{"count":0,"href":"https:\/\/www.elche.es\/va\/wp-json\/wp\/v2\/posts\/186402\/revisions"}],"wp:featuredmedia":[{"embeddable":true,"href":"https:\/\/www.elche.es\/va\/wp-json\/wp\/v2\/media\/182689"}],"wp:attachment":[{"href":"https:\/\/www.elche.es\/va\/wp-json\/wp\/v2\/media?parent=186402"}],"wp:term":[{"taxonomy":"category","embeddable":true,"href":"https:\/\/www.elche.es\/va\/wp-json\/wp\/v2\/categories?post=186402"},{"taxonomy":"post_tag","embeddable":true,"href":"https:\/\/www.elche.es\/va\/wp-json\/wp\/v2\/tags?post=186402"}],"curies":[{"name":"wp","href":"https:\/\/api.w.org\/{rel}","templated":true}]}}