{"id":186426,"date":"2022-03-01T16:51:25","date_gmt":"2022-03-01T15:51:25","guid":{"rendered":"https:\/\/www.elche.es\/2022\/03\/la-iniciativa-de-voluntariat-a-netejar-el-mon-arriba-al-clot-de-galvany-aquest-cap-de-setmana-per-a-lluitar-contra-els-residus-abandonats-a-la-natura\/"},"modified":"2022-03-01T19:17:52","modified_gmt":"2022-03-01T18:17:52","slug":"la-iniciativa-de-voluntariat-a-netejar-el-mon-arriba-al-clot-de-galvany-aquest-cap-de-setmana-per-a-lluitar-contra-els-residus-abandonats-a-la-natura","status":"publish","type":"post","link":"https:\/\/www.elche.es\/va\/2022\/03\/la-iniciativa-de-voluntariat-a-netejar-el-mon-arriba-al-clot-de-galvany-aquest-cap-de-setmana-per-a-lluitar-contra-els-residus-abandonats-a-la-natura\/","title":{"rendered":"La iniciativa de voluntariat \u2018A Netejar el M\u00f3n\u2019 arriba al Clot de Galvany aquest cap de setmana per a lluitar contra els residus abandonats a la natura"},"content":{"rendered":"<div class=\"wpb-content-wrapper\"><p>[vc_row el_id=&#8221;SUBTITULAR_NOTICIA&#8221;][vc_column][vc_column_text]<\/p>\n<hr \/>\n<h4>L&#8217;edil de Medi Ambient, Esther D\u00edez, anima a participar en una acci\u00f3 inclosa en la campanya de sensibilitzaci\u00f3 de les Nacions Unides sobre els perjudicis que genera el fem a la naturalesa \u2018Clean Up the World\u2019<\/h4>\n<hr \/>\n<p>[\/vc_column_text][\/vc_column][\/vc_row][vc_row el_id=&#8221;TEXTO_NOTICIA&#8221;][vc_column][vc_column_text]La campanya de sensibilitzaci\u00f3 de les Nacions Unides sobre els perjudicis que generen els residus sobre el terreny, la fauna i la flora de l&#8217;entorn \u2013<strong>\u2018Clean Up the World\u2019 \/ \u2018A Netejar el M\u00f3n\u2019<\/strong>\u2013 arriba al paratge natural municipal del <strong>Clot de Galvany de la m\u00e0 de la Regidoria de Medi Ambient<\/strong>. L&#8217;edil de l&#8217;\u00e0rea, Esther D\u00edez, ha animat els il\u00b7licitans i les il\u00b7licitanes a participar en la iniciativa de voluntariat <strong>\u2018Netegem el m\u00f3n, netegem el Clot\u2019<\/strong>, que tindr\u00e0 lloc al paratge natural dissabte 5 i diumenge 6 de mar\u00e7, de 10.00 a 13.30 hores. Les persones o els grups interessats a adherir-s&#8217;hi a l&#8217;activitat, ha explicat D\u00edez, han d&#8217;inscriure&#8217;s a trav\u00e9s del tel\u00e8fon de la Regidoria (<strong>966 658 028<\/strong>, en dies laborals de 8.30 a 14.00 hores) o directament a trav\u00e9s de la web <strong><a href=\"https:\/\/clotdegalvany.es\/va\/\">www.clotdegalvany.es<\/a><\/strong> fins a les 14.00 hores del divendres 4 de mar\u00e7.<\/p>\n<p><strong>Organitzada per l&#8217;Ajuntament d&#8217;Elx i l&#8217;empresa mixta Aig\u00fces d\u2019Elx<\/strong>, aquesta activitat de voluntariat, tal com el seu nom indica, t\u00e9 com a objectiu retirar els residus que pogueren trobar-se al Clot, i se celebra en dues ocasions al llarg de l&#8217;any. La primera, el mes de mar\u00e7; la segona, el tercer cap de setmana de setembre, que coincideix amb la convocat\u00f2ria d\u2019\u00e0mbit internacional. <strong>Aquesta mena d&#8217;activitats amb voluntariat ambiental se suma a les tasques de revegetaci\u00f3 del mes de novembre<\/strong>, que compten amb una gran participaci\u00f3. \u201cNetegem el m\u00f3n, netegem el Clot\u2019 suposa una actuaci\u00f3 molt positiva per a tot l&#8217;entorn i per a la capacitat de conscienciaci\u00f3 de la ciutadania\u201d, ha manifestat la responsable municipal.[\/vc_column_text][\/vc_column][\/vc_row][vc_row el_id=&#8221;DESTACADO_NOTICIA&#8221;][vc_column][vc_column_text el_class=&#8221;cuadronoticia&#8221;]<\/p>\n<h5>Les persones o els grups interessats a sumar-s\u2019hi a l&#8217;activitat han d&#8217;inscriure&#8217;s a trav\u00e9s del tel\u00e8fon de la Regidoria (966 658 028) o des de la web <a href=\"https:\/\/clotdegalvany.es\/va\/\">www.clotdegalvany.es<\/a> fins a les 14.00 hores de divendres 4 de mar\u00e7<\/h5>\n<p>[\/vc_column_text][\/vc_column][\/vc_row][vc_row][vc_column][vc_column_text]\u2018A Netejar el M\u00f3n\u2019 \u00e9s una acci\u00f3 ambiental global establida en 1993 pel <strong>Programa de les Nacions Unides per al Medi Ambient (PNUMA)<\/strong>. Anima les persones i les comunitats de tot el m\u00f3n a desenvolupar activitats per a protegir i conservar el patrimoni natural mitjan\u00e7ant el voluntariat centrades, principalment, en la <strong>recollida de deixalles s\u00f2lides llan\u00e7ades irresponsablement a la naturalesa (l&#8217;anomenada \u201cbasuraleza\u201d)<\/strong> i promou la modificaci\u00f3 dels comportaments que causen aquest tipus de contaminaci\u00f3 que altera l&#8217;equilibri dels ecosistemes i de tota la vida que aquests alberguen, tant animal com vegetal.<\/p>\n<h5>Nous residus als espais naturals<\/h5>\n<p>Des del passat 8 de febrer no \u00e9s obligatori l&#8217;\u00fas de m\u00e0scares a l&#8217;exterior. No obstant aix\u00f2, es poden trobar abandonades a la naturalesa. Una m\u00e0scara higi\u00e8nica comuna abandonada en un entorn natural, han assenyalat des de la Regidoria, pot tardar a degradar-se entre 300 i 400 anys. Per aquest motiu, des del <strong>Servei de Control i Educaci\u00f3 Ambiental del Clot de Galvany<\/strong> recomanen que es guarden adequadament per a evitar la seua p\u00e8rdua i que, d&#8217;aquesta manera, no acabe afectant la vida animal del paratge natural. Segons informa <strong>la monitora ambiental Zoraida Alonso \u201ccada dia recollim m\u00e9s de cinc m\u00e0scares abandonades<\/strong>. No obstant aix\u00f2, les que arriben a les platges no podem recuperar-les perqu\u00e8 es queden enterrades a l&#8217;arena o arriben a la mar i afecten negativament l&#8217;ecosistema mar\u00ed\u201d.[\/vc_column_text][\/vc_column][\/vc_row][vc_row][vc_column][vc_gallery type=&#8221;flexslider_slide&#8221; interval=&#8221;5&#8243; images=&#8221;186418,186414,186416&#8243; img_size=&#8221;full&#8221; el_class=&#8221;galerianoticia&#8221;][\/vc_column][\/vc_row][vc_row][vc_column][vc_column_text]Un altre problema que s&#8217;ha vist acrescut en els \u00faltims temps ha sigut la cerca d&#8217;espais oberts menys concorreguts i m\u00e9s segurs enfront de la COVID-19 per a organitzar celebracions com ara festes d&#8217;aniversari. Aix\u00f2 ha provocat que <strong>en els \u00faltims mesos s&#8217;haja produ\u00eft un increment dels residus abandonats a la zona de l&#8217;\u00e0rea recreativa<\/strong>. L&#8217;\u00fas de globus, confetis, puntes de cigarrets i fins i tot l&#8217;abandonament d&#8217;envasos per part d&#8217;alguns irresponsables provoquen que es generen residus que afecten negativament la fauna de l&#8217;espai natural i que provoquen la contaminaci\u00f3 dels seus s\u00f2ls i de l&#8217;aigua.<\/p>\n<p>Des del Servei d&#8217;Informaci\u00f3 i Control del Clot es recorda els visitants que dins dels espais naturals no pot haver-hi papereres, ja que podrien provocar propagaci\u00f3 de malalties entre la fauna local. Per aix\u00f2 es demana la <strong>col\u00b7laboraci\u00f3 ciutadana perqu\u00e8 tot el fem es deposite dins dels contenidors habilitats al mateix empla\u00e7ament<\/strong>.[\/vc_column_text][\/vc_column][\/vc_row][vc_row][vc_column][vc_column_text el_class=&#8221;cuadronoticia&#8221;]<\/p>\n<h5>Les m\u00e0scares, les restes de celebracions com ara envasos, globus o confetis, gomes el\u00e0stiques o bosses per a deposicions de mascotes s\u00f3n alguns dels residus en augment durant la pand\u00e8mia al paratge municipal<\/h5>\n<p>[\/vc_column_text][\/vc_column][\/vc_row][vc_row el_id=&#8221;TEXTO_FIN_NOTICIA&#8221;][vc_column][vc_column_text]Un altre element m\u00e9s que s&#8217;ha sumat a la llista de residus que <strong>se solen trobar dins de la zona protegida s\u00f3n bosses per a la recollida d&#8217;excrements de mascotes (la pres\u00e8ncia dels quals al Clot est\u00e0 prohibida)<\/strong>. Alguns propietaris de gossos que passegen pels voltants llancen aquestes bosses entre els arbustos en lloc de depositar-les convenientment als contenidors.<\/p>\n<p>Quant a les<strong> gomes el\u00e0stiques, arriben accidentalment a les tolles. Lamentablement, els ocells les confonen amb cucs i les ingereixen<\/strong>. La garseta i els capons les poden regurgitar posant-les a l&#8217;abast d&#8217;altres animals del Clot, com l&#8217;\u00e0nec capblanc \u2013an\u00e0tid en perill d&#8217;extinci\u00f3\u2013 que poden acabar amb el bec o el coll travat, la qual cosa dificulta o impedeix la seua alimentaci\u00f3 fins a provocar-li la mort. L&#8217;aband\u00f3 i no reciclatge de materials sint\u00e8tics no biodegradables com ara gomes, pl\u00e0stics o xarxes t\u00e9 un gran impacte als ecosistemes fluvials i marins. Per aquests motius, s&#8217;organitzen accions de voluntariat i de conscienciaci\u00f3 com \u2018Netegem el m\u00f3n, netegem el Clot\u2019 d&#8217;\u00e0mbit global per a <strong>donar visibilitat als problemes ocasionats pel fem als ecosistemes i prendre consci\u00e8ncia en la cerca de solucions.<\/strong><\/p>\n<hr \/>\n<p>&nbsp;<\/p>\n<p>[\/vc_column_text][\/vc_column][\/vc_row][vc_row][vc_column width=&#8221;1\/6&#8243;][\/vc_column][vc_column width=&#8221;2\/3&#8243;]<audio class=\"sc_audio\" src=\"https:\/\/soundcloud.com\/ayuntamiento-de-elche\/limpieza-en-el-clot-de-galvany?utm_source=clipboard&#038;utm_medium=text&#038;utm_campaign=social_sharing\" width=\"\" height=\"\"><\/audio>[\/vc_column][vc_column width=&#8221;1\/6&#8243;][\/vc_column][\/vc_row]<\/p>\n<\/div>","protected":false},"excerpt":{"rendered":"<p>[vc_row el_id=&#8221;SUBTITULAR_NOTICIA&#8221;][vc_column][vc_column_text] L&#8217;edil de Medi Ambient, Esther D\u00edez, anima a participar en una acci\u00f3 inclosa en la campanya de sensibilitzaci\u00f3 de les Nacions Unides sobre els perjudicis que genera el [&hellip;]<\/p>\n","protected":false},"author":131,"featured_media":118375,"comment_status":"closed","ping_status":"closed","sticky":false,"template":"","format":"standard","meta":{"footnotes":""},"categories":[391,211,1312],"tags":[],"class_list":["post-186426","post","type-post","status-publish","format-standard","has-post-thumbnail","hentry","category-home-va","category-medi-ambient-va","category-noticias-va"],"_links":{"self":[{"href":"https:\/\/www.elche.es\/va\/wp-json\/wp\/v2\/posts\/186426","targetHints":{"allow":["GET"]}}],"collection":[{"href":"https:\/\/www.elche.es\/va\/wp-json\/wp\/v2\/posts"}],"about":[{"href":"https:\/\/www.elche.es\/va\/wp-json\/wp\/v2\/types\/post"}],"author":[{"embeddable":true,"href":"https:\/\/www.elche.es\/va\/wp-json\/wp\/v2\/users\/131"}],"replies":[{"embeddable":true,"href":"https:\/\/www.elche.es\/va\/wp-json\/wp\/v2\/comments?post=186426"}],"version-history":[{"count":0,"href":"https:\/\/www.elche.es\/va\/wp-json\/wp\/v2\/posts\/186426\/revisions"}],"wp:featuredmedia":[{"embeddable":true,"href":"https:\/\/www.elche.es\/va\/wp-json\/wp\/v2\/media\/118375"}],"wp:attachment":[{"href":"https:\/\/www.elche.es\/va\/wp-json\/wp\/v2\/media?parent=186426"}],"wp:term":[{"taxonomy":"category","embeddable":true,"href":"https:\/\/www.elche.es\/va\/wp-json\/wp\/v2\/categories?post=186426"},{"taxonomy":"post_tag","embeddable":true,"href":"https:\/\/www.elche.es\/va\/wp-json\/wp\/v2\/tags?post=186426"}],"curies":[{"name":"wp","href":"https:\/\/api.w.org\/{rel}","templated":true}]}}