{"id":186586,"date":"2022-03-02T09:48:59","date_gmt":"2022-03-02T08:48:59","guid":{"rendered":"https:\/\/www.elche.es\/2022\/03\/la-processo-de-les-al%c2%b7leluies-es-la-protagonista-del-cartell-anunciador-de-la-setmana-santa-il%c2%b7licitana-de-2022\/"},"modified":"2022-03-02T11:51:18","modified_gmt":"2022-03-02T10:51:18","slug":"la-processo-de-les-al%c2%b7leluies-es-la-protagonista-del-cartell-anunciador-de-la-setmana-santa-il%c2%b7licitana-de-2022","status":"publish","type":"post","link":"https:\/\/www.elche.es\/va\/2022\/03\/la-processo-de-les-al%c2%b7leluies-es-la-protagonista-del-cartell-anunciador-de-la-setmana-santa-il%c2%b7licitana-de-2022\/","title":{"rendered":"La process\u00f3 de les Al\u00b7leluies \u00e9s la protagonista del cartell anunciador de la Setmana Santa il\u00b7licitana de 2022"},"content":{"rendered":"<div class=\"wpb-content-wrapper\"><p>[vc_row el_id=&#8221;SUBTITULAR_NOTICIA&#8221;][vc_column][vc_column_text]<\/p>\n<hr \/>\n<h4>El sevill\u00e0 Antonio D\u00edaz Arnido, llicenciat en Belles arts amb una dilatada experi\u00e8ncia en cartelleria per a esdeveniments religiosos, signa una acolorida obra en la qual destaca l&#8217;ef\u00edgie de la Mare de D\u00e9u sota una pluja de les populars estampes<\/h4>\n<hr \/>\n<p>[\/vc_column_text][\/vc_column][\/vc_row][vc_row el_id=&#8221;TEXTO_NOTICIA&#8221;][vc_column][vc_column_text]La process\u00f3 de les Al\u00b7leluies \u00e9s la protagonista del <strong>cartell anunciador de la Setmana Santa il\u00b7licitana de 2022<\/strong>. A \u00faltima hora de la vesprada del dimarts 1 de mar\u00e7 es va revelar al <strong>Sal\u00f3 de Plens de l&#8217;Ajuntament<\/strong> l&#8217;acolorit treball signat pel sevill\u00e0 llicenciat en Belles arts <strong>Antonio D\u00edaz <span class=\"hiddenSpellError\">Arnido<\/span><\/strong>, en el qual <strong>destaca l&#8217;ef\u00edgie de la Mare de D\u00e9u sota una pluja de les populars estampes<\/strong>.<\/p>\n<p>La <strong>regidora de Festes, Mariola Galiana<\/strong>, acompanyada pel <strong>president de la Junta Major de Confraries i Germandats, <span class=\"hiddenSpellError\">Joaqu\u00edn<\/span> Mart\u00ednez<\/strong>, pel seu <strong><span class=\"hiddenSpellError\">consiliari<\/span>,\u00a0<span class=\"hiddenSpellError\">Vicente<\/span>\u00a0S\u00e1ez<\/strong>, per membres de l&#8217;Equip de Govern i de la Corporaci\u00f3 Municipal i per autoritats d&#8217;entitats festeres, va presidir l&#8217;acte de presentaci\u00f3 de l&#8217;obra que anuncia l&#8217;esperada festivitat despr\u00e9s del par\u00e8ntesi pand\u00e8mic i va traslladar la seua enhorabona a l&#8217;artista per l&#8217;\u201cextraordinari\u201d treball en el qual \u201cha aconseguit un fant\u00e0stic contrast entre all\u00f2 cl\u00e0ssic i all\u00f2 contemporani\u201d.[\/vc_column_text][\/vc_column][\/vc_row][vc_row el_id=&#8221;DESTACADO_NOTICIA&#8221;][vc_column][vc_gallery type=&#8221;flexslider_slide&#8221; interval=&#8221;5&#8243; images=&#8221;186494,186492,186490,186488,186486,186484,186482,186480,186478,186645&#8243; img_size=&#8221;full&#8221; el_class=&#8221;galerianoticia&#8221;][\/vc_column][\/vc_row][vc_row][vc_column][vc_column_text]En concret, el cartell creat per D\u00edaz <span class=\"hiddenSpellError\">Arnido<\/span> <strong>s&#8217;ha elaborat amb una t\u00e8cnica mixta sobre un llen\u00e7 de <span class=\"hiddenSpellError\">81&#215;65<\/span> cent\u00edmetres, i cont\u00e9 oli acr\u00edlic, tremp i collage<\/strong>, ja que l&#8217;original porta al\u00b7leluies aut\u00e8ntiques. L&#8217;artista va agrair a la Junta Major la confian\u00e7a i la llibertat creativa depositades en la seua persona per a un enc\u00e0rrec en el qual, va explicar, ha volgut plasmar el concepte d&#8217;alegria i il\u00b7lusi\u00f3 pel retorn de les processons als carrers, que \u201c\u00e9s com els confrares vivim la Setmana Santa\u201d. \u201cNo hi ha res m\u00e9s alegre i il\u00b7lusionant que un diumenge de Pasqua, d&#8217;al\u00b7leluies\u201d, va afegir.<\/p>\n<p>Igualment, es va presentar al Sal\u00f3 de Plens les <strong>portades del programa de les activitats de Quaresma il\u00b7lustrades amb el Sant\u00edssim Crist de la Fe i amb el gall del pas de la Negaci\u00f3 de Sant Pere<\/strong>, la qual cosa, segons va relatar D\u00edaz <span class=\"hiddenSpellError\">Arnido<\/span>, vinculen la Setmana Santa il\u00b7licitana amb la sevillana en recordar-li, respectivament, als passos del Crist de la Bona Mort i de Misteri; una \u201cxicoteta llic\u00e8ncia art\u00edstica per a unir la meua Setmana Santa amb la d&#8217;Elx, que a partir d&#8217;ara tamb\u00e9 forma part de la meua ess\u00e8ncia com a confrare\u201d, va expressar el cartellista.<\/p>\n<p><strong>\u201cEl cartell anunciador \u00e9s una de les principals mostres de la labor de difusi\u00f3 i promoci\u00f3 de la Setmana Santa il\u00b7licitana dins i fora de la nostra ciutat\u201d<\/strong>, va assenyalar Mariola Galiana. \u201c\u00c9s un element primordial, d&#8217;import\u00e0ncia indubtable en l&#8217;objectiu de perpetuar i difondre la nostra benvolguda Setmana Santa en l&#8217;\u00e0mbit nacional i internacional\u201d, va agregar. A m\u00e9s, va definir el de 2022 com \u201cuna obra que impacta per la seua composici\u00f3 i for\u00e7a, amb una refer\u00e8ncia expl\u00edcita als s\u00edmbols de la nostra tradici\u00f3\u201d.[\/vc_column_text][\/vc_column][\/vc_row][vc_row][vc_column][vc_column_text el_class=&#8221;cuadronoticia&#8221;]<\/p>\n<h5>La regidora de Festes, Mariola Galiana, acompanyada pel president de la Junta Major de Confraries, Joaqu\u00edn Mart\u00ednez, trasllada la seua enhorabona a l&#8217;artista per aconseguir un \u201cfant\u00e0stic contrast entre all\u00f2 cl\u00e0ssic i all\u00f2 contemporani\u201d<\/h5>\n<p>[\/vc_column_text][\/vc_column][\/vc_row][vc_row][vc_column][vc_column_text]Galiana, que va mostrar la seua gratitud a la Junta Major pel seu treball en \u201caquests anys tan complicats\u201d i a la generositat dels \u201chomes i de les dones que en diferents confraries i germandats s\u00f3n responsables que aquestes celebracions siguen cada any m\u00e9s conegudes i sentides per tot el poble il\u00b7licit\u00e0\u201d, es va congratular que ara mateix la societat s&#8217;encamine a una situaci\u00f3 de normalitat: <strong>\u201cEns estem retrobant amb les nostres celebracions m\u00e9s entranyables despr\u00e9s de dos anys en qu\u00e8 la situaci\u00f3 sanit\u00e0ria va impedir la realitzaci\u00f3 de les processons\u201d.<\/strong><\/p>\n<p>Joaqu\u00edn Mart\u00ednez, per la seua part, va avan\u00e7ar que els il\u00b7licitans i les il\u00b7licitanes <strong>\u201ctindrem una Setmana Santa amb adaptacions\u201d<\/strong>, per\u00f2 que despr\u00e9s de m\u00e9s de dos anys de restriccions \u201cens permetr\u00e0 expressar el sentiment confrare\u201d. D&#8217;ac\u00ed la representativitat del cartell de D\u00edaz Arnido, \u201ccarregat de simbolisme\u201d en congelar l&#8217;\u00faltima celebraci\u00f3 de la Setmana Santa il\u00b7licitana en 2019: la process\u00f3 de les Al\u00b7leluies.<\/p>\n<p>\u201cQuina alegria tornar a comen\u00e7ar\u201d, va reiterar Mart\u00ednez, \u201cquina millor imatge que la Mare de D\u00e9u amb les seues al\u00b7leluies en la jornada en qu\u00e8 tot Elx es llan\u00e7a als carrers per a acompanyar-la\u201d, va indicar, agraint a la Regidoria de Festes \u201cel suport continu i ferm gr\u00e0cies al qual podem emprendre moltes accions i activitats\u201d. <strong>\u201cAquest cartell ja \u00e9s hist\u00f2ria de la Setmana Santa d&#8217;Elx\u201d<\/strong>, va recalcar el president de la Junta Major. Una obra alegre i que recull a la perfecci\u00f3 un moment que \u201cno necessita explicaci\u00f3 cap, perqu\u00e8 \u00e9s per a sentir-lo\u201d.[\/vc_column_text][\/vc_column][\/vc_row][vc_row][vc_column][vc_single_image image=&#8221;186501&#8243; img_size=&#8221;medium&#8221; alignment=&#8221;center&#8221; onclick=&#8221;link_image&#8221; el_class=&#8221;fotounicanoticiavertical&#8221;][\/vc_column][\/vc_row][vc_row el_id=&#8221;TEXTO_FIN_NOTICIA&#8221;][vc_column][vc_column_text]<strong>Amb la presentaci\u00f3 del cartell en la vespra del Dimecres de Cendra arranca la Quaresma<\/strong>, els actes i els preparatius conduents a reviure la passi\u00f3, mort i resurrecci\u00f3 de Crist als carrers d&#8217;Elx, amb cl\u00e0ssics singulars com el Diumenge de Rams \u2013Festa d&#8217;Inter\u00e9s Tur\u00edstic Internacional\u2013, la Trenc\u00e0 del Gui\u00f3 o la mateixa process\u00f3 de les Al\u00b7leluies, que ha servit d&#8217;inspiraci\u00f3 a D\u00edaz <span class=\"hiddenSpellError\">Arnido<\/span>\u00a0per a il\u00b7lustrar el cartell de 2022.<\/p>\n<h5>Un art que naix del fervor<\/h5>\n<p>Antonio D\u00edaz Arnido \u00e9s confrare en les germandats sevillanes de la Hiniesta i del Carmen Omnium Sactorum. En la seua faceta de cartellista, D\u00edaz Arnido compta amb una \u00e0mplia experi\u00e8ncia des de l&#8217;any 2005. En el seu haver, <strong>m\u00e9s de mig centenar de cartells relacionats amb festivitats i cites religioses<\/strong> v\u00e0ries entre els quals destaquen els dedicats a anunciar oficialment la Setmana Santa de Conca (2020), Almeria (2021) Huelva (2018), Jerez de la Frontera (2017) o a Sevilla els de Triana (2016) o Osuna (2016), etc.<\/p>\n<p>Les seues obres il\u00b7lustren diverses portades de publicacions natzarenes s\u00f3n tamb\u00e9 molt conegudes i benvolgudes. Seues s\u00f3n les portades del Preg\u00f3 de les Gl\u00f2ries de Sevilla (2018), del programa de m\u00e0 Cruz de guia de la Cadena Ser de Sevilla (2018), del butllet\u00ed Dulce Nombre de Sevilla (2018), del programa de m\u00e0 de la Setmana Santa de Sevilla 2016 del Grup Blogosur, de la revista Hiniesta (2015) o del butllet\u00ed Santa Cruz de Huelva (2015), entre altres.<\/p>\n<p>Amb el seu estudi-taller empla\u00e7at a Sevilla, a m\u00e9s, <strong>\u00e9s especialista en restauraci\u00f3 i conservaci\u00f3 d&#8217;obres d&#8217;art i pintura<\/strong> i col\u00b7laborador habitual de l&#8217;Institut Andal\u00fas de Patrimoni Hist\u00f2ric (IAPH) i d&#8217;institucions com l&#8217;Ajuntament i de l&#8217;Arxidi\u00f2cesi de Sevilla i de Casa Ducal de Medinaceli. La seua activitat pict\u00f2rica no es redueix a la Setmana Santa. D\u00edaz Arnido \u00e9s art\u00edfex d&#8217;obres de diversa tem\u00e0tica en col\u00b7lecci\u00f3 dins i fora d&#8217;Espanya.<\/p>\n<hr \/>\n<p>[\/vc_column_text][\/vc_column][\/vc_row][vc_row][vc_column width=&#8221;1\/2&#8243;]<audio class=\"sc_audio\" src=\"https:\/\/soundcloud.com\/ayuntamiento-de-elche\/cartel-anunciador-de-la-semana-santa-ilicitana-de-2022?utm_source=clipboard&#038;utm_medium=text&#038;utm_campaign=social_sharing\" width=\"\" height=\"\"><\/audio>[\/vc_column][vc_column width=&#8221;1\/2&#8243;]<audio class=\"sc_audio\" src=\"https:\/\/soundcloud.com\/ayuntamiento-de-elche\/cartel-anunciador-de-la-semana-santa-ilicitana-de-2023?utm_source=clipboard&#038;utm_medium=text&#038;utm_campaign=social_sharing\" width=\"\" height=\"\"><\/audio>[\/vc_column][\/vc_row][vc_row][vc_column width=&#8221;1\/6&#8243;][\/vc_column][vc_column width=&#8221;2\/3&#8243;]<audio class=\"sc_audio\" src=\"https:\/\/soundcloud.com\/ayuntamiento-de-elche\/artista-antonio-diaz?utm_source=clipboard&#038;utm_medium=text&#038;utm_campaign=social_sharing\" width=\"\" height=\"\"><\/audio>[\/vc_column][vc_column width=&#8221;1\/6&#8243;][\/vc_column][\/vc_row]<\/p>\n<\/div>","protected":false},"excerpt":{"rendered":"<p>[vc_row el_id=&#8221;SUBTITULAR_NOTICIA&#8221;][vc_column][vc_column_text] El sevill\u00e0 Antonio D\u00edaz Arnido, llicenciat en Belles arts amb una dilatada experi\u00e8ncia en cartelleria per a esdeveniments religiosos, signa una acolorida obra en la qual destaca l&#8217;ef\u00edgie [&hellip;]<\/p>\n","protected":false},"author":15,"featured_media":186497,"comment_status":"closed","ping_status":"closed","sticky":false,"template":"","format":"standard","meta":{"footnotes":""},"categories":[191,391,1312],"tags":[],"class_list":["post-186586","post","type-post","status-publish","format-standard","has-post-thumbnail","hentry","category-festes-va","category-home-va","category-noticias-va"],"_links":{"self":[{"href":"https:\/\/www.elche.es\/va\/wp-json\/wp\/v2\/posts\/186586","targetHints":{"allow":["GET"]}}],"collection":[{"href":"https:\/\/www.elche.es\/va\/wp-json\/wp\/v2\/posts"}],"about":[{"href":"https:\/\/www.elche.es\/va\/wp-json\/wp\/v2\/types\/post"}],"author":[{"embeddable":true,"href":"https:\/\/www.elche.es\/va\/wp-json\/wp\/v2\/users\/15"}],"replies":[{"embeddable":true,"href":"https:\/\/www.elche.es\/va\/wp-json\/wp\/v2\/comments?post=186586"}],"version-history":[{"count":0,"href":"https:\/\/www.elche.es\/va\/wp-json\/wp\/v2\/posts\/186586\/revisions"}],"wp:featuredmedia":[{"embeddable":true,"href":"https:\/\/www.elche.es\/va\/wp-json\/wp\/v2\/media\/186497"}],"wp:attachment":[{"href":"https:\/\/www.elche.es\/va\/wp-json\/wp\/v2\/media?parent=186586"}],"wp:term":[{"taxonomy":"category","embeddable":true,"href":"https:\/\/www.elche.es\/va\/wp-json\/wp\/v2\/categories?post=186586"},{"taxonomy":"post_tag","embeddable":true,"href":"https:\/\/www.elche.es\/va\/wp-json\/wp\/v2\/tags?post=186586"}],"curies":[{"name":"wp","href":"https:\/\/api.w.org\/{rel}","templated":true}]}}