{"id":186606,"date":"2022-03-02T10:08:01","date_gmt":"2022-03-02T09:08:01","guid":{"rendered":"https:\/\/www.elche.es\/2022\/03\/lonce-inaugura-la-seua-nova-seu-a-elx-per-a-intensificar-latencio-a-400-persones-cegues-o-amb-baixa-visio\/"},"modified":"2022-03-02T10:08:01","modified_gmt":"2022-03-02T09:08:01","slug":"lonce-inaugura-la-seua-nova-seu-a-elx-per-a-intensificar-latencio-a-400-persones-cegues-o-amb-baixa-visio","status":"publish","type":"post","link":"https:\/\/www.elche.es\/va\/2022\/03\/lonce-inaugura-la-seua-nova-seu-a-elx-per-a-intensificar-latencio-a-400-persones-cegues-o-amb-baixa-visio\/","title":{"rendered":"L&#8217;ONCE inaugura la seua nova seu a Elx per a intensificar l&#8217;atenci\u00f3 a 400 persones cegues o amb baixa visi\u00f3"},"content":{"rendered":"<div class=\"wpb-content-wrapper\"><p>[vc_row el_id=&#8221;SUBTITULAR_NOTICIA&#8221;][vc_column][vc_column_text]<\/p>\n<hr \/>\n<h4>Carlos Gonz\u00e1lez, acompanyat per Mariano Valera i Felip S\u00e0nchez, ha destacat en l&#8217;acte que \u201cla labor que desenvolupa l&#8217;ONCE \u00e9s tot un exemple per a la societat, un model a seguir que ha d&#8217;inspirar el nostre quefer diari a favor d&#8217;una societat m\u00e9s inclusiva\u201d<\/h4>\n<hr \/>\n<p>[\/vc_column_text][\/vc_column][\/vc_row][vc_row el_id=&#8221;TEXTO_NOTICIA&#8221;][vc_column][vc_column_text]L&#8217;<strong>alcalde d&#8217;Elx, Carlos Gonz\u00e1lez<\/strong>, acompanyat pel <strong>regidor de Drets Socials, Mariano Valera<\/strong>, i pel de <strong>Comer\u00e7, Felip S\u00e0nchez<\/strong>, ha assistit aquesta vesprada a la inauguraci\u00f3 de la<strong> nova seu de l&#8217;ONCE al carrer Antonio S\u00e1nchez Asencio<\/strong> <strong>n\u00famero 2<\/strong>, unes instal\u00b7lacions des de les quals l&#8217;organitzaci\u00f3 millorar\u00e0 la seua atenci\u00f3 a m\u00e9s de 400 persones cegues o amb baixa visi\u00f3; oferir\u00e0 serveis de major qualitat i intensificar\u00e0 els suports necessaris per a la inclusi\u00f3.<\/p>\n<p>A l&#8217;acte han assistit tamb\u00e9 <strong>Miguel Carballeda, president del Grup Social ONCE, Daniel Botella Hurtado, director de l&#8217;ag\u00e8ncia, i Estela Medina, directora de l&#8217;ONCE a Alacant.<\/strong><\/p>\n<p>Tal com ha destacat l&#8217;alcalde en la seua intervenci\u00f3 \u201c<strong>vivim hui un dia important per a Elx, un dia molt destacat per a avan\u00e7ar en la inclusi\u00f3 i en l&#8217;accessibilitat.<\/strong> La labor que realitzem des de l&#8217;Ajuntament de la m\u00e0 de l&#8217;ONCE per a millorar l&#8217;accessibilitat \u00e9s un treball que val la pena i pel qual continuarem apostant, perqu\u00e8 estem conven\u00e7uts que una ciutat encara m\u00e9s accessible \u00e9s possible\u201d.<\/p>\n<p>Segons ha destacat Gonz\u00e1lez, \u201c<strong>la labor que desenvolupa l&#8217;ONCE \u00e9s tot un exemple per a la societat<\/strong>, un model a seguir que ha d&#8217;inspirar el nostre quefer diari a favor d&#8217;una societat m\u00e9s inclusiva\u201d.<\/p>\n<p>Per part seua, el president del Grup Social ONCE ha destacat la<strong> gran acceptaci\u00f3 per part dels il\u00b7licitans i les il\u00b7licitanes a aquesta organitzaci\u00f3<\/strong> i ha assenyalat que \u201cels nostres treballadors ixen cada dia al carrer a exercir una ocupaci\u00f3 i a compartir la sort amb els il\u00b7licitans, per\u00f2 no sols venen joc, els nostres sentinelles de la il\u00b7lusi\u00f3 escolten les persones, una cosa important perqu\u00e8 cada vegada tenim al nostre pa\u00eds un problema seri\u00f3s de soledat, la poblaci\u00f3 \u00e9s cada vegada m\u00e9s major i molta gent no t\u00e9 amb qui parlar\u201d.<\/p>\n<p>Durant la inauguraci\u00f3, els assistents han realitzat un r<strong>ecorregut en el qual han pogut visitar els diferents departaments<\/strong> amb els quals l&#8217;ONCE ofereix els seus Serveis Socials a les persones afiliades, aix\u00ed com una exposici\u00f3 de material tecnol\u00f2gic i adaptat.[\/vc_column_text][\/vc_column][\/vc_row][vc_row el_id=&#8221;DESTACADO_NOTICIA&#8221;][vc_column][vc_gallery type=&#8221;flexslider_slide&#8221; interval=&#8221;5&#8243; images=&#8221;186580,186578,186576,186574,186572,186570&#8243; img_size=&#8221;full&#8221; el_class=&#8221;galerianoticia&#8221;][\/vc_column][\/vc_row][vc_row el_id=&#8221;TEXTO_FIN_NOTICIA&#8221;][vc_column][vc_column_text]En aquesta exposici\u00f3 han pogut veure un <strong>globus terraq\u00fci accessible<\/strong> que, amb un punter que recorre el m\u00f3n va contant en veu diferents tem\u00e0tiques; la nina Braitico, perqu\u00e8 els m\u00e9s xicotets aprenguen braille; contes infantils en braille, en relleu i amb diferents textures; alfabets braille; m\u00e0quines i ordinadors per a escriure o per a rebre informaci\u00f3 en braille; i <strong>m\u00faltiples elements per a la vida di\u00e0ria adaptats<\/strong>, com ara rellotges amb veu, material de cuina o comandaments per a activar els sem\u00e0fors.<\/p>\n<p><strong>Aules de rehabilitaci\u00f3, d&#8217;accessibilitat i maneig de Noves Tecnologies adaptades i Tiflot\u00e8cnia se<\/strong> situen en aquest nou edifici, que compta amb amplis espais per a la realitzaci\u00f3 d&#8217;activitats, de tallers, de sessions informatives\u2026 Tot all\u00f2 necessari perqu\u00e8 les persones afiliades a l&#8217;ONCE continuen gaudint del suport de l&#8217;organitzaci\u00f3.<\/p>\n<p>Actualment,<strong> l&#8217;Ag\u00e8ncia de l&#8217;ONCE a Elx compta amb 201 treballadors<\/strong>, dels quals 192 s\u00f3n agents venedors; tres auxiliars administratius; un treballador social; dos comercials, la directora i la persona que col\u00b7labora amb ella. Des de l&#8217;Ag\u00e8ncia d&#8217;Elx l&#8217;ONCE ofereix serveis socials a 400 afiliats, dels quals 14 s\u00f3n escolars en diferents etapes formatives, que reben el suport dels professionals de l&#8217;organitzaci\u00f3, en col\u00b7laboraci\u00f3 amb els serveis p\u00fablics. A m\u00e9s, serveix de base de treball per a altres professionals de l&#8217;ONCE a la Comunitat Valenciana.<\/p>\n<h5>L&#8217;ONCE a Elx<\/h5>\n<p><strong>La hist\u00f2ria de l&#8217;ONCE a Elx comen\u00e7a al Palau d&#8217;Altamira, a l&#8217;octubre de 1940, de la m\u00e0 de Jos\u00e9 Mu\u00f1oz Rom\u00e1n<\/strong>. La seu ha experimentat diversos trasllats i, en 1960 es va situar al carrer Sant Miquel, on va estar fins 1965, any en qu\u00e8 es va traslladar al carrer Mare de D\u00e9u del Remei.<\/p>\n<p>Entorn de 1975 es torna a traslladar al carrer Solars, n\u00famero 14, on s&#8217;adquireix un edifici ampli, amb cinc plantes. <strong>Despr\u00e9s de Jos\u00e9 Mu\u00f1oz Rom\u00e1n, van dirigir aquesta ag\u00e8ncia Francisco Forte Forte, Leandro L\u00f3pez Marco, Carlos Mart\u00ednez Elx, Jos\u00e9 Manuel Mu\u00f1oz Ramos i Mayte S\u00e1nchez C\u00e1novas<\/strong>.<\/p>\n<p>En 1995 se situa una seu provisional al carrer San Isidre, per reformes en l&#8217;ag\u00e8ncia, i en 1996 es torna a carrer Solars. M\u00e9s tard li segueixen en aquesta mateixa seu com a <strong>directors Jos\u00e9 Bernardo Presas Campos i finalment \u00e9s nomenada directora Ma Carmen Belmonte Rodr\u00edguez, les funcions de la qual cobreix ara Daniel Botella Hurtado<\/strong>. L&#8217;any 2016 es trasllada l&#8217;Ag\u00e8ncia a un local provisional en el n\u00famero 13 del mateix carrer.<\/p>\n<p><strong>El 27 d&#8217;octubre de 2021 es produeix el trasllat a la seu que ara s&#8217;ha inaugurat<\/strong> (carrer Antonio Ant\u00f3n Asencio, n\u00famero 2), en la qual realitza les funcions de director Daniel Botella Hurtado, nascut a Elx en 1993. Daniel Botella ha sigut venedor de l&#8217;ONCE de 2011 a 2020, any en qu\u00e8 passa a ser col\u00b7laborador del Comandament Intermedi en l&#8217;Ag\u00e8ncia de l&#8217;ONCE d&#8217;Elx, de la qual \u00e9s l&#8217;actual director, labor que comparteix amb la seua inquietud pels temes econ\u00f2mics i de gesti\u00f3, com a estudiant universitari d&#8217;Administraci\u00f3 i Direcci\u00f3 d&#8217;Empreses (ADE).<\/p>\n<p>Com a curiositat, <strong>l&#8217;actual director general de l&#8217;ONCE, \u00c1ngel S\u00e1nchez C\u00e1novas, natural d&#8217;Oriola, va iniciar les seues primeres responsabilitats en l&#8217;Organitzaci\u00f3 a la seu d&#8217;Elx<\/strong>, on va ser cap de vendes en 1988.<\/p>\n<hr \/>\n<p>&nbsp;<\/p>\n<p>[\/vc_column_text][\/vc_column][\/vc_row]<\/p>\n<\/div>","protected":false},"excerpt":{"rendered":"<p>[vc_row el_id=&#8221;SUBTITULAR_NOTICIA&#8221;][vc_column][vc_column_text] Carlos Gonz\u00e1lez, acompanyat per Mariano Valera i Felip S\u00e0nchez, ha destacat en l&#8217;acte que \u201cla labor que desenvolupa l&#8217;ONCE \u00e9s tot un exemple per a la societat, un [&hellip;]<\/p>\n","protected":false},"author":131,"featured_media":186569,"comment_status":"closed","ping_status":"closed","sticky":false,"template":"","format":"standard","meta":{"footnotes":""},"categories":[190,391,1312],"tags":[],"class_list":["post-186606","post","type-post","status-publish","format-standard","has-post-thumbnail","hentry","category-drets-socials","category-home-va","category-noticias-va"],"_links":{"self":[{"href":"https:\/\/www.elche.es\/va\/wp-json\/wp\/v2\/posts\/186606","targetHints":{"allow":["GET"]}}],"collection":[{"href":"https:\/\/www.elche.es\/va\/wp-json\/wp\/v2\/posts"}],"about":[{"href":"https:\/\/www.elche.es\/va\/wp-json\/wp\/v2\/types\/post"}],"author":[{"embeddable":true,"href":"https:\/\/www.elche.es\/va\/wp-json\/wp\/v2\/users\/131"}],"replies":[{"embeddable":true,"href":"https:\/\/www.elche.es\/va\/wp-json\/wp\/v2\/comments?post=186606"}],"version-history":[{"count":0,"href":"https:\/\/www.elche.es\/va\/wp-json\/wp\/v2\/posts\/186606\/revisions"}],"wp:featuredmedia":[{"embeddable":true,"href":"https:\/\/www.elche.es\/va\/wp-json\/wp\/v2\/media\/186569"}],"wp:attachment":[{"href":"https:\/\/www.elche.es\/va\/wp-json\/wp\/v2\/media?parent=186606"}],"wp:term":[{"taxonomy":"category","embeddable":true,"href":"https:\/\/www.elche.es\/va\/wp-json\/wp\/v2\/categories?post=186606"},{"taxonomy":"post_tag","embeddable":true,"href":"https:\/\/www.elche.es\/va\/wp-json\/wp\/v2\/tags?post=186606"}],"curies":[{"name":"wp","href":"https:\/\/api.w.org\/{rel}","templated":true}]}}