{"id":186726,"date":"2022-03-02T14:53:36","date_gmt":"2022-03-02T13:53:36","guid":{"rendered":"https:\/\/www.elche.es\/2022\/03\/la-setmana-santa-comptara-amb-el-prego-a-carrec-del-jurista-alvaro-anton-i-el-certamen-de-bandes-de-cornetes-i-tambors-al-gran-teatre\/"},"modified":"2022-03-02T14:53:37","modified_gmt":"2022-03-02T13:53:37","slug":"la-setmana-santa-comptara-amb-el-prego-a-carrec-del-jurista-alvaro-anton-i-el-certamen-de-bandes-de-cornetes-i-tambors-al-gran-teatre","status":"publish","type":"post","link":"https:\/\/www.elche.es\/va\/2022\/03\/la-setmana-santa-comptara-amb-el-prego-a-carrec-del-jurista-alvaro-anton-i-el-certamen-de-bandes-de-cornetes-i-tambors-al-gran-teatre\/","title":{"rendered":"La Setmana Santa comptar\u00e0 amb el preg\u00f3 a c\u00e0rrec del jurista \u00c1lvaro Ant\u00f3n i el Certamen de Bandes de Cornetes i Tambors al Gran Teatre"},"content":{"rendered":"<div class=\"wpb-content-wrapper\"><p>[vc_row el_id=&#8221;SUBTITULAR_NOTICIA&#8221;][vc_column][vc_column_text]<\/p>\n<hr \/>\n<h4>L&#8217;edil de Festes, Mariola Galiana, juntament amb el president de la Junta Major de Confraries i Germandats de Setmana Santa d&#8217;Elx, Joaqu\u00edn Mart\u00ednez, i la responsable de Comunicaci\u00f3 d\u2019El Corte Ingl\u00e9s Ciutat d&#8217;Elx, Silvia Aguilar, destaca que el programa de Quaresma compta aproximadament amb 70 actes<\/h4>\n<hr \/>\n<p>[\/vc_column_text][\/vc_column][\/vc_row][vc_row el_id=&#8221;TEXTO_FIN_NOTICIA&#8221;][vc_column][vc_column_text]La\u00a0Setmana Santa il\u00b7licitana comptar\u00e0 amb el preg\u00f3 a c\u00e0rrec del <strong>doctor en Dret i secretari acad\u00e8mic del centre d&#8217;Elx de la Universitat Cardenal Herrera-CEU, \u00c1lvaro Ant\u00f3n, i el Certamen de Bandes de Cornetes i Tambors<\/strong>, tal com ha anunciat aquest mat\u00ed en l&#8217;Espai Cultural d\u2019El Corte Ingl\u00e9s Ciutat d&#8217;Elx la regidora de Festes, Mariola Galiana, juntament amb el president de la Junta Major de Confraries i Germandats de Setmana Santa d&#8217;Elx, Joaqu\u00edn Mart\u00ednez, i la responsable de Comunicaci\u00f3 del centre comercial, Silvia Aguilar.<\/p>\n<p>El Certamen tindr\u00e0 lloc <strong>al Gran Teatre el 19 de mar\u00e7 a les 19.30 hores i el 2 d&#8217;abril a les 19.00 hores<\/strong>, de nou al Gran Teatre, tornar\u00e0 el preg\u00f3 de Setmana Santa.<\/p>\n<p>La programaci\u00f3 de la Quaresma d&#8217;enguany a Elx compta amb 70 actes aproximadament i entre els esdeveniments programats <strong>destaca tamb\u00e9 la presentaci\u00f3 de la Revista de Setmana Santa 2022 el 23 de mar\u00e7 a les 20.30 hores al Sal\u00f3 de Plens<\/strong> de l&#8217;Ajuntament d&#8217;Elx.<\/p>\n<p>&#8220;Despr\u00e9s d&#8217;aquests anys tan complicats, aquest \u00e9s l&#8217;any en qu\u00e8 les germandats i confraries m\u00e9s es bolcaran perqu\u00e8 al final <strong>la ciutadania necessita\u00a0tornar a reprendre\u00a0aquest tipus d&#8217;activitats, igual que la fam\u00edlia confrade<\/strong>\u00a0i crec que s&#8217;ha completat una programaci\u00f3 molt carregada d&#8217;actes i que agradar\u00e0 a tots&#8221;, ha afirmat l&#8217;edil de l&#8217;\u00e0rea.<\/p>\n<p>Per la seua part,\u00a0Joaqu\u00edn\u00a0Mart\u00ednez ha destacat que &#8220;<strong>\u00e9s molt emocionant poder contemplar a trav\u00e9s d&#8217;aquest programa com les germandats i confraries continuen molt vives<\/strong> i continuen convocant a la ciutat a gran quantitat d&#8217;activitats que demostres\u00a0aquesta\u00a0vida interior que tenen&#8221;.<\/p>\n<p>A m\u00e9s, Mart\u00ednez ha fet una crida a les persones que durant aquests dos anys han pres dist\u00e0ncia respecte a la confraria perqu\u00e8 &#8220;<strong>s&#8217;animen a viure la Quaresma amb intensitat, a tornar a la seua confraria, a la seua germandat, per a tots junts poder tornar a celebrar la Setmana Santa<\/strong> als carrers com estem acostumats a Elx i com es mereix la nostra ciutat&#8221;.<\/p>\n<p>Galiana ha agra\u00eft El\u00a0Corte\u00a0Ingl\u00e9s\u00a0d&#8217;Elx per la seua implicaci\u00f3 amb totes les festes de la ciutat, ha felicitat la Junta Major de Confraries i Germandats de Setmana Santa d&#8217;Elx per aquesta programaci\u00f3 i <strong>ha animat tots els il\u00b7licitans i il\u00b7licitanes a gaudir de tots els actes que ofereix la Setmana Santa d&#8217;Elx<\/strong>.<\/p>\n<hr \/>\n<p>[\/vc_column_text][\/vc_column][\/vc_row][vc_row][vc_column width=&#8221;1\/6&#8243;][\/vc_column][vc_column width=&#8221;2\/3&#8243;]<audio class=\"sc_audio\" src=\"https:\/\/soundcloud.com\/ayuntamiento-de-elche\/mariola-galiana-presenta-la-programacion-de-cuaresma?utm_source=clipboard&#038;utm_medium=text&#038;utm_campaign=social_sharing\" width=\"\" height=\"\"><\/audio>[\/vc_column][vc_column width=&#8221;1\/6&#8243;][\/vc_column][\/vc_row]<\/p>\n<\/div>","protected":false},"excerpt":{"rendered":"<p>[vc_row el_id=&#8221;SUBTITULAR_NOTICIA&#8221;][vc_column][vc_column_text] L&#8217;edil de Festes, Mariola Galiana, juntament amb el president de la Junta Major de Confraries i Germandats de Setmana Santa d&#8217;Elx, Joaqu\u00edn Mart\u00ednez, i la responsable de Comunicaci\u00f3 [&hellip;]<\/p>\n","protected":false},"author":131,"featured_media":186698,"comment_status":"closed","ping_status":"closed","sticky":false,"template":"","format":"standard","meta":{"footnotes":""},"categories":[191,391,1312],"tags":[],"class_list":["post-186726","post","type-post","status-publish","format-standard","has-post-thumbnail","hentry","category-festes-va","category-home-va","category-noticias-va"],"_links":{"self":[{"href":"https:\/\/www.elche.es\/va\/wp-json\/wp\/v2\/posts\/186726","targetHints":{"allow":["GET"]}}],"collection":[{"href":"https:\/\/www.elche.es\/va\/wp-json\/wp\/v2\/posts"}],"about":[{"href":"https:\/\/www.elche.es\/va\/wp-json\/wp\/v2\/types\/post"}],"author":[{"embeddable":true,"href":"https:\/\/www.elche.es\/va\/wp-json\/wp\/v2\/users\/131"}],"replies":[{"embeddable":true,"href":"https:\/\/www.elche.es\/va\/wp-json\/wp\/v2\/comments?post=186726"}],"version-history":[{"count":0,"href":"https:\/\/www.elche.es\/va\/wp-json\/wp\/v2\/posts\/186726\/revisions"}],"wp:featuredmedia":[{"embeddable":true,"href":"https:\/\/www.elche.es\/va\/wp-json\/wp\/v2\/media\/186698"}],"wp:attachment":[{"href":"https:\/\/www.elche.es\/va\/wp-json\/wp\/v2\/media?parent=186726"}],"wp:term":[{"taxonomy":"category","embeddable":true,"href":"https:\/\/www.elche.es\/va\/wp-json\/wp\/v2\/categories?post=186726"},{"taxonomy":"post_tag","embeddable":true,"href":"https:\/\/www.elche.es\/va\/wp-json\/wp\/v2\/tags?post=186726"}],"curies":[{"name":"wp","href":"https:\/\/api.w.org\/{rel}","templated":true}]}}