{"id":188118,"date":"2022-03-11T13:51:10","date_gmt":"2022-03-11T12:51:10","guid":{"rendered":"https:\/\/www.elche.es\/2022\/03\/lajuntament-dedicara-una-avinguda-a-lhistoric-pedani-i-vei-de-la-foia-jose-tari-pomares\/"},"modified":"2022-03-11T13:51:11","modified_gmt":"2022-03-11T12:51:11","slug":"lajuntament-dedicara-una-avinguda-a-lhistoric-pedani-i-vei-de-la-foia-jose-tari-pomares","status":"publish","type":"post","link":"https:\/\/www.elche.es\/va\/2022\/03\/lajuntament-dedicara-una-avinguda-a-lhistoric-pedani-i-vei-de-la-foia-jose-tari-pomares\/","title":{"rendered":"L&#8217;Ajuntament dedicar\u00e0 una avinguda a l&#8217;hist\u00f2ric pedani i ve\u00ed de la Foia Jos\u00e9 Tar\u00ed Pomares"},"content":{"rendered":"<div class=\"wpb-content-wrapper\"><p>[vc_row el_id=&#8221;SUBTITULAR_NOTICIA&#8221;][vc_column][vc_column_text]<\/p>\n<hr \/>\n<h4>El portaveu de l&#8217;Equip de Govern, H\u00e9ctor D\u00edez, informa que el carrer que canviar\u00e0 de nom est\u00e0 situat a la carretera de la Foia, la CV- 853, en el seu tram d&#8217;entrada de la pedania entre el carrer Llenya i la mercantil Materials Cano<\/h4>\n<hr \/>\n<p>[\/vc_column_text][\/vc_column][\/vc_row][vc_row el_id=&#8221;TEXTO_FIN_NOTICIA&#8221;][vc_column][vc_column_text]<strong>L&#8217;Ajuntament d&#8217;Elx, dedicar\u00e0 una avinguda a l&#8217;hist\u00f2ric pedani i ve\u00ed de la Foia, Jos\u00e9 Tar\u00ed Pomares<\/strong>, tal com ha explicat aquest mat\u00ed el portaveu de la Junta de Govern Local, H\u00e9ctor D\u00edez.<\/p>\n<p>Concretament, estar\u00e0 situada, segons D\u00edez,<strong> a la carretera de la Foia, la CV- 853, en el seu tram d&#8217;entrada de la pedania entre el Carrer Llenya i la Mercantil Materials Cano<\/strong>. Un tram que fins ara es deia Avinguda del Sol.<\/p>\n<p>M\u00e9s conegut com a &#8220;Pepe el del cine&#8221;, Tar\u00ed ha sigut pedani de la Foia durant aproximadament quasi una d\u00e8cada i &#8220;per descomptat ha sigut <strong>un dels ve\u00efns m\u00e9s estimats i reconeguts d&#8217;aquesta pedania<\/strong>, sobretot perqu\u00e8 la seua fam\u00edlia regentava l&#8217;antic cinema Pomares de la Foia i ell va treballar all\u00ed&#8221;, ha comentat el portaveu.<\/p>\n<p>A m\u00e9s, a Tar\u00ed se&#8217;l va <strong>recon\u00e9ixer tamb\u00e9 des de jove amb el moviment associatiu de la pedania<\/strong> i per la seua vinculaci\u00f3 amb el m\u00f3n de la festa.<\/p>\n<p>&#8220;Ens va deixar recentment i hui la Junta de Govern Local fa efectiu jo crec eixe sentir de la corporaci\u00f3 i de tots els ve\u00efns de la Foia de donar un carrer a aquest emblem\u00e0tic ve\u00ed&#8221;, ha destacat D\u00edez, que ha afirmat que &#8220;amb aquest acord, <strong>la Junta vol recon\u00e9ixer el seu paper, la seua traject\u00f2ria, que per descomptat passe a la mem\u00f2ria de la ciutat d&#8217;Elx<\/strong> i que forme part de la seua llista de carrers&#8221;.<\/p>\n<hr \/>\n<p>&nbsp;<\/p>\n<p>[\/vc_column_text][\/vc_column][\/vc_row][vc_row][vc_column width=&#8221;1\/6&#8243;][\/vc_column][vc_column width=&#8221;2\/3&#8243;]<audio class=\"sc_audio\" src=\"https:\/\/soundcloud.com\/ayuntamiento-de-elche\/junta-de-gobierno-del-11-de-marzo-de-2022?utm_source=clipboard&#038;utm_medium=text&#038;utm_campaign=social_sharing\" width=\"\" height=\"\"><\/audio>[\/vc_column][vc_column width=&#8221;1\/6&#8243;][\/vc_column][\/vc_row]<\/p>\n<\/div>","protected":false},"excerpt":{"rendered":"<p>[vc_row el_id=&#8221;SUBTITULAR_NOTICIA&#8221;][vc_column][vc_column_text] El portaveu de l&#8217;Equip de Govern, H\u00e9ctor D\u00edez, informa que el carrer que canviar\u00e0 de nom est\u00e0 situat a la carretera de la Foia, la CV- 853, en [&hellip;]<\/p>\n","protected":false},"author":131,"featured_media":167027,"comment_status":"closed","ping_status":"closed","sticky":false,"template":"","format":"standard","meta":{"footnotes":""},"categories":[391,1312,2235],"tags":[],"class_list":["post-188118","post","type-post","status-publish","format-standard","has-post-thumbnail","hentry","category-home-va","category-noticias-va","category-pedania"],"_links":{"self":[{"href":"https:\/\/www.elche.es\/va\/wp-json\/wp\/v2\/posts\/188118","targetHints":{"allow":["GET"]}}],"collection":[{"href":"https:\/\/www.elche.es\/va\/wp-json\/wp\/v2\/posts"}],"about":[{"href":"https:\/\/www.elche.es\/va\/wp-json\/wp\/v2\/types\/post"}],"author":[{"embeddable":true,"href":"https:\/\/www.elche.es\/va\/wp-json\/wp\/v2\/users\/131"}],"replies":[{"embeddable":true,"href":"https:\/\/www.elche.es\/va\/wp-json\/wp\/v2\/comments?post=188118"}],"version-history":[{"count":0,"href":"https:\/\/www.elche.es\/va\/wp-json\/wp\/v2\/posts\/188118\/revisions"}],"wp:featuredmedia":[{"embeddable":true,"href":"https:\/\/www.elche.es\/va\/wp-json\/wp\/v2\/media\/167027"}],"wp:attachment":[{"href":"https:\/\/www.elche.es\/va\/wp-json\/wp\/v2\/media?parent=188118"}],"wp:term":[{"taxonomy":"category","embeddable":true,"href":"https:\/\/www.elche.es\/va\/wp-json\/wp\/v2\/categories?post=188118"},{"taxonomy":"post_tag","embeddable":true,"href":"https:\/\/www.elche.es\/va\/wp-json\/wp\/v2\/tags?post=188118"}],"curies":[{"name":"wp","href":"https:\/\/api.w.org\/{rel}","templated":true}]}}