{"id":188147,"date":"2022-03-11T14:47:18","date_gmt":"2022-03-11T13:47:18","guid":{"rendered":"https:\/\/www.elche.es\/2022\/03\/lajuntament-sol%c2%b7licita-una-subvencio-de-3-milions-deuros-a-la-generalitat-per-a-dos-nous-plans-docupacio\/"},"modified":"2022-03-11T14:49:03","modified_gmt":"2022-03-11T13:49:03","slug":"lajuntament-sol%c2%b7licita-una-subvencio-de-3-milions-deuros-a-la-generalitat-per-a-dos-nous-plans-docupacio","status":"publish","type":"post","link":"https:\/\/www.elche.es\/va\/2022\/03\/lajuntament-sol%c2%b7licita-una-subvencio-de-3-milions-deuros-a-la-generalitat-per-a-dos-nous-plans-docupacio\/","title":{"rendered":"L&#8217;Ajuntament sol\u00b7licita una subvenci\u00f3 de 3 milions d&#8217;euros a la Generalitat per a dos nous plans d&#8217;ocupaci\u00f3"},"content":{"rendered":"<div class=\"wpb-content-wrapper\"><p>[vc_row el_id=&#8221;SUBTITULAR_NOTICIA&#8221;][vc_column][vc_column_text]<\/p>\n<hr \/>\n<h4>El portaveu de l&#8217;Equip de Govern, H\u00e9ctor D\u00edez, explica que aquesta ajuda permetr\u00e0 la contractaci\u00f3 de 128 persones amb una duraci\u00f3 del contracte d&#8217;un any<\/h4>\n<hr \/>\n<p>[\/vc_column_text][\/vc_column][\/vc_row][vc_row el_id=&#8221;TEXTO_NOTICIA&#8221;][vc_column][vc_column_text]La Junta de Govern Local ha aprovat sol\u00b7licitar una ajuda de 3 milions d&#8217;euros a la Generalitat Valenciana per a la posada en marxa de dos nous plans d&#8217;ocupaci\u00f3. Aix\u00ed ho ha explicat el portaveu de l&#8217;Equip de Govern, H\u00e9ctor D\u00edez, que ha aclarit que <strong>l&#8217;objectiu \u00e9s dur a terme 128 contractacions d&#8217;un any de duraci\u00f3<\/strong>.<\/p>\n<p>\u201cEl primer d&#8217;aquests plans d&#8217;ocupaci\u00f3 \u00e9s <strong>l&#8217;Empuju 2022<\/strong> dotat de 1,7 milions d&#8217;euros per a la <strong>contractaci\u00f3 de 63 persones desocupades durant un any, menors de 30 anys, per a cobrir places de t\u00e8cnics, enginyers, educadors socials, administratius, t\u00e8cnics d&#8217;integraci\u00f3 social i t\u00e8cnics d&#8217;animaci\u00f3 sociocultural<\/strong>\u201d, ha indicat l&#8217;edil, que ha afegit que d&#8217;altra banda, se sol\u00b7licita un segon pla denominat Explus 2022, dirigit a persones majors de 30 anys. En aquest cas, la subvenci\u00f3 \u00e9s de 1,2 milions d&#8217;euros per a la contractaci\u00f3 de 66 persones per a cobrir llocs de t\u00e8cnics i d&#8217;oficis a l&#8217;Ajuntament d&#8217;Elx.[\/vc_column_text][\/vc_column][\/vc_row][vc_row el_id=&#8221;DESTACADO_NOTICIA&#8221;][vc_column][vc_column_text el_class=&#8221;cuadronoticia&#8221;]<\/p>\n<h5>La Junta de Govern Local ha aprovat la resoluci\u00f3 del contracte d&#8217;explotaci\u00f3 del m\u00f2dul 3 de l&#8217;Institut Tecnol\u00f2gic de la Palmera com a centre d&#8217;investigaci\u00f3 i viver municipal<\/h5>\n<p>[\/vc_column_text][\/vc_column][\/vc_row][vc_row el_id=&#8221;TEXTO_FIN_NOTICIA&#8221;][vc_column][vc_column_text]\u201cEs tracta de contractacions per un any per a <strong>persones que estiguen aturades per 3 milions d&#8217;euros que esperem rebre de la Conselleria d&#8217;Ocupaci\u00f3<\/strong>\u201d, ha indicat D\u00edez.<\/p>\n<h5>Institut Tecnol\u00f2gic de la Palmera<\/h5>\n<p>La Junta de Govern Local ha aprovat la resoluci\u00f3 del contracte d&#8217;explotaci\u00f3 del m\u00f2dul <strong>3 de l&#8217;Institut Tecnol\u00f2gic de la Palmera com a centre d&#8217;investigaci\u00f3 i viver municipal<\/strong>.<\/p>\n<p>H\u00e9ctor D\u00edez ha recordat que en 2017 l&#8217;Ajuntament, amb el prop\u00f2sit d&#8217;afavorir la investigaci\u00f3 de la palmera<em> in vitro<\/em>, aix\u00ed com d&#8217;establir relacions amb els productors, va traure a concurs l&#8217;anomenat Institut Tecnol\u00f2gic de la Palmera que <strong>va ser adjudicat a la mercantil Gaia Lab Spain per deu anys. La concessi\u00f3 no es va arribar a posar en marxa segons all\u00f2 marcat<\/strong>. \u201cDespr\u00e9s de diversos requeriments s&#8217;ha constatat l&#8217;incompliment i aix\u00f2 es trasllada al procediment administratiu per a la resoluci\u00f3 del contracte\u201d.<\/p>\n<p>L&#8217;expedient de resoluci\u00f3 del contracte s&#8217;empara en q\u00fcestions com ara <strong>l&#8217;incompliment greu de l&#8217;objecte del contracte<\/strong>, ja que no s&#8217;han desenvolupat en cap moment treballs de recerca, treballs de promoci\u00f3 de la palmera <em>in vitro<\/em> a Elx, ni s&#8217;han comercialitzat tal com establia el plec. Tampoc s&#8217;han entregat a l&#8217;Ajuntament les quantitats de palmeres <em>in vitro<\/em> estipulades ni s&#8217;ha pagat correctament el c\u00e0non establit, ja que en data de hui es deuen 25.000 euros al consistori il\u00b7licit\u00e0.<\/p>\n<p>\u201cDavant la constataci\u00f3 d&#8217;aquest incompliment del contracte, la JGL procedeix a la resoluci\u00f3 d&#8217;aquest. A partir d&#8217;ara l&#8217;empresa t\u00e9 deu dies h\u00e0bils per a presentar al\u00b7legacions. <strong>Si al\u00b7lega, el tr\u00e0mit preceptiu \u00e9s anar al Consell Jur\u00eddic Consultiu per a resoldre definitivament<\/strong>. Si no al\u00b7lega, ser\u00e0 la JGL la que directament resolga la concessi\u00f3\u201d, ha explicat el portaveu.<\/p>\n<h5>Actuaci\u00f3 al carrer Nuestra Se\u00f1ora de la Cabeza<\/h5>\n<p>D&#8217;altra banda, s&#8217;ha procedit a declarar la caducitat de l&#8217;expedient de resoluci\u00f3 del contracte d&#8217;obres de Nuestra Se\u00f1ora de la Cabeza per a <strong>tornar a iniciar la resoluci\u00f3 d&#8217;aquest i complir amb les apreciacions del Consell Jur\u00eddic Consultiu<\/strong> i poder liquidar aquest contracte que ha donat molts problemes a l&#8217;Ajuntament.<\/p>\n<hr \/>\n<p>[\/vc_column_text][\/vc_column][\/vc_row][vc_row][vc_column width=&#8221;1\/6&#8243;][\/vc_column][vc_column width=&#8221;2\/3&#8243;]<audio class=\"sc_audio\" src=\"https:\/\/soundcloud.com\/ayuntamiento-de-elche\/junta-de-gobierno-del-11-de-marzo-de-2022?utm_source=clipboard&#038;utm_medium=text&#038;utm_campaign=social_sharing\" width=\"\" height=\"\"><\/audio>[\/vc_column][vc_column width=&#8221;1\/6&#8243;][\/vc_column][\/vc_row]<\/p>\n<\/div>","protected":false},"excerpt":{"rendered":"<p>[vc_row el_id=&#8221;SUBTITULAR_NOTICIA&#8221;][vc_column][vc_column_text] El portaveu de l&#8217;Equip de Govern, H\u00e9ctor D\u00edez, explica que aquesta ajuda permetr\u00e0 la contractaci\u00f3 de 128 persones amb una duraci\u00f3 del contracte d&#8217;un any [\/vc_column_text][\/vc_column][\/vc_row][vc_row el_id=&#8221;TEXTO_NOTICIA&#8221;][vc_column][vc_column_text]La Junta [&hellip;]<\/p>\n","protected":false},"author":131,"featured_media":188144,"comment_status":"closed","ping_status":"closed","sticky":false,"template":"","format":"standard","meta":{"footnotes":""},"categories":[391,1312,183],"tags":[],"class_list":["post-188147","post","type-post","status-publish","format-standard","has-post-thumbnail","hentry","category-home-va","category-noticias-va","category-pomocio-economica"],"_links":{"self":[{"href":"https:\/\/www.elche.es\/va\/wp-json\/wp\/v2\/posts\/188147","targetHints":{"allow":["GET"]}}],"collection":[{"href":"https:\/\/www.elche.es\/va\/wp-json\/wp\/v2\/posts"}],"about":[{"href":"https:\/\/www.elche.es\/va\/wp-json\/wp\/v2\/types\/post"}],"author":[{"embeddable":true,"href":"https:\/\/www.elche.es\/va\/wp-json\/wp\/v2\/users\/131"}],"replies":[{"embeddable":true,"href":"https:\/\/www.elche.es\/va\/wp-json\/wp\/v2\/comments?post=188147"}],"version-history":[{"count":0,"href":"https:\/\/www.elche.es\/va\/wp-json\/wp\/v2\/posts\/188147\/revisions"}],"wp:featuredmedia":[{"embeddable":true,"href":"https:\/\/www.elche.es\/va\/wp-json\/wp\/v2\/media\/188144"}],"wp:attachment":[{"href":"https:\/\/www.elche.es\/va\/wp-json\/wp\/v2\/media?parent=188147"}],"wp:term":[{"taxonomy":"category","embeddable":true,"href":"https:\/\/www.elche.es\/va\/wp-json\/wp\/v2\/categories?post=188147"},{"taxonomy":"post_tag","embeddable":true,"href":"https:\/\/www.elche.es\/va\/wp-json\/wp\/v2\/tags?post=188147"}],"curies":[{"name":"wp","href":"https:\/\/api.w.org\/{rel}","templated":true}]}}