{"id":188371,"date":"2022-03-14T12:51:46","date_gmt":"2022-03-14T11:51:46","guid":{"rendered":"https:\/\/www.elche.es\/2022\/03\/drets-socials-habilita-loficina-pangea-per-a-ajudar-i-orientar-les-persones-refugiades-ucraineses\/"},"modified":"2022-03-14T13:00:41","modified_gmt":"2022-03-14T12:00:41","slug":"drets-socials-habilita-loficina-pangea-per-a-ajudar-i-orientar-les-persones-refugiades-ucraineses","status":"publish","type":"post","link":"https:\/\/www.elche.es\/va\/2022\/03\/drets-socials-habilita-loficina-pangea-per-a-ajudar-i-orientar-les-persones-refugiades-ucraineses\/","title":{"rendered":"Drets Socials habilita l&#8217;Oficina Pangea per a ajudar i orientar les persones refugiades ucra\u00efneses"},"content":{"rendered":"<div class=\"wpb-content-wrapper\"><p>[vc_row el_id=&#8221;SUBTITULAR_NOTICIA&#8221;][vc_column][vc_column_text]<\/p>\n<hr \/>\n<h4>El regidor de l&#8217;\u00e0rea, Mariano Valera, informa que qui vulga prestar el seu segon habitatge per a l&#8217;acolliment de persones que no tenen alternativa residencial haur\u00e0 de realitzar-ho a trav\u00e9s del formulari de la p\u00e0gina web de la Generalitat <a href=\"https:\/\/gvaoberta.gva.es\/va\/ucrania\">www.gvaoberta.gva.es\/va\/ucrania<\/a><\/h4>\n<hr \/>\n<p>[\/vc_column_text][\/vc_column][\/vc_row][vc_row el_id=&#8221;TEXTO_NOTICIA&#8221;][vc_column][vc_column_text]Amb motiu de l&#8217;actual situaci\u00f3 d&#8217;invasi\u00f3 i de guerra a Ucra\u00efna, <strong>la Regidoria de Drets Socials<\/strong>, ha habilitat l<strong>&#8216;Oficina Pangea (Oficina d&#8217;Atenci\u00f3 a Persones Migrades), situada a la pla\u00e7a de Barcelona, per a ajudar i canalitzar informaci\u00f3 a les persones refugiades<\/strong> que han hagut d&#8217;abandonar la seua llar a causa del conflicte b\u00e8l\u00b7lic. Segons ha destacat <strong>l&#8217;edil de l&#8217;\u00e0rea, Mariano Valera<\/strong>, en els \u00faltims dies s&#8217;han at\u00e9s des d&#8217;aquesta oficina m\u00e9s de 30 persones ucra\u00efneses en la seua majoria amb alternativa residencial per persones que ja residien al municipi. Valera ha indicat que \u201cels refugiats que arriben a Elx amb alternativa residencial hauran de realitzar una entrevista a Pangea per a entrar dins del sistema de protecci\u00f3 internacional i, a m\u00e9s, \u00e9s important que sol\u00b7liciten el sistema de protecci\u00f3 temporal, l&#8217;eina que el Govern ha facilitat perqu\u00e8 aquestes persones puguen tindre el perm\u00eds de resid\u00e8ncia i laboral durant un any, prorrogable fins a tres\u201d.[\/vc_column_text][\/vc_column][\/vc_row][vc_row el_id=&#8221;DESTACADO_NOTICIA&#8221;][vc_column][vc_column_text el_class=&#8221;cuadronoticia&#8221;]<\/p>\n<h5>En els \u00faltims dies m\u00e9s de 30 persones ucra\u00efneses han rebut atenci\u00f3 a trav\u00e9s d&#8217;aquesta oficina i el cens de poblaci\u00f3 registrada s&#8217;ha incrementat de 239 a 313<\/h5>\n<p>[\/vc_column_text][\/vc_column][\/vc_row][vc_row el_id=&#8221;TEXTO_FIN_NOTICIA&#8221;][vc_column][vc_column_text]Mariano Valera tamb\u00e9 ha explicat que l&#8217;acolliment en territori espanyol de persones refugiades d&#8217;Ucra\u00efna es vehicular\u00e0 a trav\u00e9s del sistema d&#8217;acolliment de protecci\u00f3 internacional regulat per Generalitat Valenciana. En aquest sentit, l&#8217;edil ha assenyalat que qualsevol persona que desitge prestar el seu segon habitatge per a l&#8217;acolliment de persones que no tenen alternativa residencial haur\u00e0 de realitzar-ho a trav\u00e9s del <strong>formulari que es troba en la p\u00e0gina web de l&#8217;administraci\u00f3 auton\u00f2mica <a href=\"https:\/\/gvaoberta.gva.es\/va\/ucrania\">www.gvaoberta.gva.es\/va\/ucrania<\/a><\/strong>.<\/p>\n<p>L&#8217;edil ha puntualitzat que l&#8217;Ajuntament far\u00e0 la primera valoraci\u00f3 a les persones nouvingudes al municipi i <strong>els donar\u00e0 una resid\u00e8ncia fins que tinguen la seua pla\u00e7a al Centre d&#8217;Atenci\u00f3 Temporal per a Estrangers (CATE)<\/strong>.<\/p>\n<p>Quant a <strong>l&#8217;acolliment de xiquets, de xiquetes i d\u2019adolescents no acompanyats<\/strong>, el regidor ha destacat que \u00fanicament es pot dur a terme <strong>mitjan\u00e7ant els camins legals del sistema de protecci\u00f3 de la Generalitat<\/strong> per a garantir la seua seguretat i per a evitar que puguen ser v\u00edctimes de tr\u00e0fic.<\/p>\n<p>A m\u00e9s, les fam\u00edlies que vulguen registrar-se com a entorn d&#8217;acolliment tamb\u00e9 poden inscriure&#8217;s en el sistema de protecci\u00f3 del Consell. Valera ha declarat que <strong>el cens de poblaci\u00f3 ucra\u00efnesa registrada s&#8217;ha incrementat de 239 a 313<\/strong> en q\u00fcesti\u00f3 d&#8217;una setmana. Sobre la matriculaci\u00f3 en col\u00b7legis i instituts, Valera ha informat que es gestionar\u00e0 tot el proc\u00e9s tamb\u00e9 a trav\u00e9s de l&#8217;oficina PANGEA i es realitzar\u00e0 pel sistema de protocol habitual de menors que arriben fora de termini.<\/p>\n<p>Valera<strong> ha agra\u00eft l&#8217;enorme ona de solidaritat per part de la ciutadania il\u00b7licitana que s&#8217;est\u00e0 bolcant per a poder col\u00b7laborar en l&#8217;acolliment d&#8217;ucra\u00efnesos i ucra\u00efneses.<\/strong> Aix\u00ed mateix, ha reconegut la gran labor desenvolupada per la Comunitat Ucra\u00efnesa d&#8217;Elx juntament amb l&#8217;Ajuntament.<\/p>\n<hr \/>\n<p>&nbsp;<\/p>\n<p>[\/vc_column_text][\/vc_column][\/vc_row][vc_row][vc_column width=&#8221;1\/6&#8243;][\/vc_column][vc_column width=&#8221;2\/3&#8243;]<audio class=\"sc_audio\" src=\"https:\/\/soundcloud.com\/ayuntamiento-de-elche\/informacion-sobre-los-refugiados-de-ucrania?utm_source=clipboard&#038;utm_medium=text&#038;utm_campaign=social_sharing\" width=\"\" height=\"\"><\/audio>[\/vc_column][vc_column width=&#8221;1\/6&#8243;][\/vc_column][\/vc_row]<\/p>\n<\/div>","protected":false},"excerpt":{"rendered":"<p>[vc_row el_id=&#8221;SUBTITULAR_NOTICIA&#8221;][vc_column][vc_column_text] El regidor de l&#8217;\u00e0rea, Mariano Valera, informa que qui vulga prestar el seu segon habitatge per a l&#8217;acolliment de persones que no tenen alternativa residencial haur\u00e0 de realitzar-ho [&hellip;]<\/p>\n","protected":false},"author":131,"featured_media":188349,"comment_status":"closed","ping_status":"closed","sticky":false,"template":"","format":"standard","meta":{"footnotes":""},"categories":[190,391,1312],"tags":[],"class_list":["post-188371","post","type-post","status-publish","format-standard","has-post-thumbnail","hentry","category-drets-socials","category-home-va","category-noticias-va"],"_links":{"self":[{"href":"https:\/\/www.elche.es\/va\/wp-json\/wp\/v2\/posts\/188371","targetHints":{"allow":["GET"]}}],"collection":[{"href":"https:\/\/www.elche.es\/va\/wp-json\/wp\/v2\/posts"}],"about":[{"href":"https:\/\/www.elche.es\/va\/wp-json\/wp\/v2\/types\/post"}],"author":[{"embeddable":true,"href":"https:\/\/www.elche.es\/va\/wp-json\/wp\/v2\/users\/131"}],"replies":[{"embeddable":true,"href":"https:\/\/www.elche.es\/va\/wp-json\/wp\/v2\/comments?post=188371"}],"version-history":[{"count":0,"href":"https:\/\/www.elche.es\/va\/wp-json\/wp\/v2\/posts\/188371\/revisions"}],"wp:featuredmedia":[{"embeddable":true,"href":"https:\/\/www.elche.es\/va\/wp-json\/wp\/v2\/media\/188349"}],"wp:attachment":[{"href":"https:\/\/www.elche.es\/va\/wp-json\/wp\/v2\/media?parent=188371"}],"wp:term":[{"taxonomy":"category","embeddable":true,"href":"https:\/\/www.elche.es\/va\/wp-json\/wp\/v2\/categories?post=188371"},{"taxonomy":"post_tag","embeddable":true,"href":"https:\/\/www.elche.es\/va\/wp-json\/wp\/v2\/tags?post=188371"}],"curies":[{"name":"wp","href":"https:\/\/api.w.org\/{rel}","templated":true}]}}