{"id":188706,"date":"2022-03-16T14:13:48","date_gmt":"2022-03-16T13:13:48","guid":{"rendered":"https:\/\/www.elche.es\/2022\/03\/les-obres-del-carril-bici-a-la-interseccio-de-la-ronda-est-i-la-via-parc-per-a-atorgar-major-seguretat-als-ciclistes-estaran-enllestides-en-aproximadament-dues-setmanes\/"},"modified":"2022-03-16T14:13:49","modified_gmt":"2022-03-16T13:13:49","slug":"les-obres-del-carril-bici-a-la-interseccio-de-la-ronda-est-i-la-via-parc-per-a-atorgar-major-seguretat-als-ciclistes-estaran-enllestides-en-aproximadament-dues-setmanes","status":"publish","type":"post","link":"https:\/\/www.elche.es\/va\/2022\/03\/les-obres-del-carril-bici-a-la-interseccio-de-la-ronda-est-i-la-via-parc-per-a-atorgar-major-seguretat-als-ciclistes-estaran-enllestides-en-aproximadament-dues-setmanes\/","title":{"rendered":"Les obres del carril bici a la intersecci\u00f3 de la Ronda Est i la Via Parc per a atorgar major seguretat als ciclistes estaran enllestides en aproximadament dues setmanes"},"content":{"rendered":"<div class=\"wpb-content-wrapper\"><p>[vc_row el_id=&#8221;SUBTITULAR_NOTICIA&#8221;][vc_column][vc_column_text]<\/p>\n<hr \/>\n<h4>L&#8217;alcalde, Carlos Gonz\u00e1lez, els edils Esther D\u00edez i H\u00e9ctor D\u00edez, i el cap de la Unitat de Carreteres d&#8217;Alacant del MITMA, Jes\u00fas Redondo, visiten els treballs executats pel Ministeri per 180.000 euros<\/h4>\n<hr \/>\n<p>[\/vc_column_text][\/vc_column][\/vc_row][vc_row el_id=&#8221;TEXTO_NOTICIA&#8221;][vc_column][vc_column_text]<strong>Les obres del tram de carril bici segregat situat a la intersecci\u00f3 entre l&#8217;EL-20 (Ronda Est) i la CV-86 (Via Parc) emprenen la seua recta final<\/strong>. L&#8217;alcalde, Carlos Gonz\u00e1lez; els edils de Mobilitat i de Modernitzaci\u00f3 de l&#8217;Espai P\u00fablic, Esther D\u00edez i H\u00e9ctor D\u00edez, respectivament; i el cap de la Unitat de Carreteres d&#8217;Alacant del Ministeri de Transports, Mobilitat i Agenda Urbana (MITMA), Jes\u00fas Redondo, s&#8217;han acostat aquest mat\u00ed a visitar uns treballs que, a falta d\u2019ultimar detalls, ja es troben pr\u00e0cticament materialitzats.<\/p>\n<p>Gonz\u00e1lez, que ha aplaudit que la intervenci\u00f3 al citat punt del carril bici que connecta el nucli urb\u00e0 i Elx Parc Empresarial a trav\u00e9s de la Via Parc es trobe en la seua recta final, ha destacat que es tracta d&#8217;una actuaci\u00f3 <strong>\u201cmolt necess\u00e0ria per a millorar la seguretat a la rotonda tant per a conductors com per a ciclistes\u201d<\/strong>. Unes obres que, ha recordat, \u201centen\u00edem imprescindibles i que hem reclamat en diverses ocasions al MITMA i que per fi veurem acabades\u201d.[\/vc_column_text][\/vc_column][\/vc_row][vc_row type=&#8221;flexslider_slide&#8221; interval=&#8221;5&#8243; source=&#8221;media_library&#8221; images=&#8221;&#8221; img_size=&#8221;full&#8221; external_img_size=&#8221;&#8221; onclick=&#8221;link_image&#8221; custom_links_target=&#8221;_self&#8221; el_class=&#8221;galerianoticia&#8221; title=&#8221;&#8221; custom_srcs=&#8221;&#8221; custom_links=&#8221;&#8221;][vc_column][vc_gallery type=&#8221;flexslider_slide&#8221; interval=&#8221;5&#8243; images=&#8221;188658,188660,188662,188664,188666,188668,188670,188672,188674,188676,188678,188680,188682&#8243; img_size=&#8221;full&#8221; el_class=&#8221;galerianoticia&#8221;][\/vc_column][\/vc_row][vc_row][vc_column][vc_column_text]\u201cValorem positivament aquesta intervenci\u00f3 perqu\u00e8, entenem, no sols t\u00e9 una finalitat esportiva, sin\u00f3 tamb\u00e9 <strong>la utilitat de connectar el nucli urb\u00e0, Carr\u00fas, la ciutat, amb el Parc Empresarial<\/strong>. Una connexi\u00f3 a la qual atorguem un gran valor des del punt de vista de la seua utilitat\u201d, ha continuat l&#8217;alcalde.<\/p>\n<p>El responsable de l&#8217;Equip de Govern ha explicat que la part que resta d&#8217;aquest tram del carril compr\u00e9s en la intersecci\u00f3 de l\u2019EL-20 i la CV-86 \u00e9s dur a terme l&#8217;adequaci\u00f3 amb pintura espec\u00edfica roja \u201ci fer el carril bici m\u00e9s cridaner per a oferir una major seguretat als seus usuaris i usu\u00e0ries\u201d. Tamb\u00e9 ha destacat <strong>la col\u00b7locaci\u00f3 de la barrera exterior de seguretat que els protegir\u00e0 al llarg del recorregut per la rotonda<\/strong>.[\/vc_column_text][\/vc_column][\/vc_row][vc_row el_id=&#8221;DESTACADO_NOTICIA&#8221;][vc_column][vc_column_text el_class=&#8221;cuadronoticia&#8221;]<\/p>\n<h5>La intervenci\u00f3 permet restablir la continu\u00eftat de la via ciclista de la CV-86, segregar-la en aquest punt del tr\u00e0nsit motoritzat i instal\u00b7lar una barrera exterior que la protegir\u00e0 al llarg del seu recorregut per la glorieta<\/h5>\n<p>[\/vc_column_text][\/vc_column][\/vc_row][vc_row el_id=&#8221;TEXTO_FIN_NOTICIA&#8221;][vc_column][vc_column_text]Esther D\u00edez, per part seua, ha qualificat com a \u201cbona not\u00edcia\u201d la r\u00e0pida finalitzaci\u00f3 per a tornar a donar continu\u00eftat al carril bici de la Via Parc, at\u00e9s que <strong>permetr\u00e0 promoure que m\u00e9s persones opten per un mitj\u00e0 de transport alternatiu com la bicicleta per a arribar al Parc Empresarial<\/strong>. En relaci\u00f3 amb aix\u00f2, ha avan\u00e7at que el MITMA i la Xarxa de Ciutats per la Bicicleta \u2013de la qual el Consistori \u00e9s part de la seua executiva\u2013 replicar\u00e0 en l\u2019\u00e0mbit local la campanya \u2018Amb bici al treball\u2019.<\/p>\n<p>\u201cSabem que <strong>el 80% de les emissions contaminants de la ciutat provenen del tr\u00e0nsit privat<\/strong> i, per tant, fomentar el seu \u00fas quotidi\u00e0 ens permetr\u00e0 fer un salt de qualitat i rebaixar eixes emissions contaminants\u201d, ha afegit l&#8217;edil de Mobilitat il\u00b7licitana. \u201cPer aix\u00f2 s\u00f3n tan importants infraestructures com la que hui visitem i que contribuiran a eixe canvi modal a la ciutat\u201d, ha postil\u00b7lat.<\/p>\n<h5>Reordenaci\u00f3 del tr\u00e0nsit<\/h5>\n<p>Es dona la circumst\u00e0ncia que aquesta secci\u00f3 d&#8217;entre 200 i 300 metres del carril bici de la Via Parc va quedar suprimit amb la construcci\u00f3 de la Ronda Est, ja que la intersecci\u00f3 d\u2019ambdues carreteres a dos nivells va donar com a resultat una rotonda. Per aix\u00f2, diversos col\u00b7lectius i l&#8217;Ajuntament d&#8217;Elx, a trav\u00e9s de la Regidoria de Mobilitat i de la Junta de Govern Local \u2013l&#8217;\u00faltima vegada, al juny de 2021\u2013, <strong>van exigir al MITMA en repetides ocasions el restabliment d\u2019aquest amb les mesures necess\u00e0ries per a garantir la seguretat dels i de les ciclistes.<\/strong><\/p>\n<p><strong>El MITMA va iniciar les obres el passat 14 de febrer amb un pressupost de 180.000 euros<\/strong> i un termini d&#8217;execuci\u00f3 de dos mesos per la mercantil CHM Obres i Infraestructures. Encara que es preveu que estiga enllestit en aproximadament dues setmanes; \u00e9s a dir, que conclouran abans del que es preveu a falta d\u2019instal\u00b7lar tota la senyalitzaci\u00f3 vertical, pintar el carril i col\u00b7locar la barrera r\u00edgida de separaci\u00f3 entre la via ciclista i els carrils de circulaci\u00f3, que subsituir\u00e0 la barrera provisional blanca i roja.<\/p>\n<p>A m\u00e9s, s&#8217;ha aprofitat per a millorar l&#8217;ordenaci\u00f3 del tr\u00e0nsit en la mateixa glorieta, que comptava amb tres carrils en la seua cal\u00e7ada anular, mentre que els seus entroncaments tenen nom\u00e9s dos. Ara <strong>s&#8217;ha redu\u00eft a dos el seu n\u00famero<\/strong>, amb la qual cosa, s\u2019evitaran situacions de conflicte que es produ\u00efen.<\/p>\n<p>L&#8217;actuaci\u00f3 s&#8217;inclou dins del programa de conservaci\u00f3 i manteniment de la Xarxa de Carreteres de l&#8217;Estat, en el qual <strong>s&#8217;han invertit 117 milions d&#8217;euros des de juny de 2018 a la prov\u00edncia d&#8217;Alacant<\/strong>.<\/p>\n<hr \/>\n<p>&nbsp;<\/p>\n<p>[\/vc_column_text][\/vc_column][\/vc_row][vc_row][vc_column width=&#8221;1\/2&#8243;]<audio class=\"sc_audio\" src=\"https:\/\/soundcloud.com\/ayuntamiento-de-elche\/edil-esther-diez?utm_source=clipboard&#038;utm_medium=text&#038;utm_campaign=social_sharing\" width=\"\" height=\"\"><\/audio>[\/vc_column][vc_column width=&#8221;1\/2&#8243;]<audio class=\"sc_audio\" src=\"https:\/\/soundcloud.com\/ayuntamiento-de-elche\/recta-final-de-las-obras-del-carril-bici-de-la-rotonda-de-la-via-parque-y-la-ronda-este?utm_source=clipboard&#038;utm_medium=text&#038;utm_campaign=social_sharing\" width=\"\" height=\"\"><\/audio>[\/vc_column][\/vc_row]<\/p>\n<\/div>","protected":false},"excerpt":{"rendered":"<p>[vc_row el_id=&#8221;SUBTITULAR_NOTICIA&#8221;][vc_column][vc_column_text] L&#8217;alcalde, Carlos Gonz\u00e1lez, els edils Esther D\u00edez i H\u00e9ctor D\u00edez, i el cap de la Unitat de Carreteres d&#8217;Alacant del MITMA, Jes\u00fas Redondo, visiten els treballs executats pel [&hellip;]<\/p>\n","protected":false},"author":131,"featured_media":188687,"comment_status":"closed","ping_status":"closed","sticky":false,"template":"","format":"standard","meta":{"footnotes":""},"categories":[391,217,1312],"tags":[],"class_list":["post-188706","post","type-post","status-publish","format-standard","has-post-thumbnail","hentry","category-home-va","category-mobilitat","category-noticias-va"],"_links":{"self":[{"href":"https:\/\/www.elche.es\/va\/wp-json\/wp\/v2\/posts\/188706","targetHints":{"allow":["GET"]}}],"collection":[{"href":"https:\/\/www.elche.es\/va\/wp-json\/wp\/v2\/posts"}],"about":[{"href":"https:\/\/www.elche.es\/va\/wp-json\/wp\/v2\/types\/post"}],"author":[{"embeddable":true,"href":"https:\/\/www.elche.es\/va\/wp-json\/wp\/v2\/users\/131"}],"replies":[{"embeddable":true,"href":"https:\/\/www.elche.es\/va\/wp-json\/wp\/v2\/comments?post=188706"}],"version-history":[{"count":0,"href":"https:\/\/www.elche.es\/va\/wp-json\/wp\/v2\/posts\/188706\/revisions"}],"wp:featuredmedia":[{"embeddable":true,"href":"https:\/\/www.elche.es\/va\/wp-json\/wp\/v2\/media\/188687"}],"wp:attachment":[{"href":"https:\/\/www.elche.es\/va\/wp-json\/wp\/v2\/media?parent=188706"}],"wp:term":[{"taxonomy":"category","embeddable":true,"href":"https:\/\/www.elche.es\/va\/wp-json\/wp\/v2\/categories?post=188706"},{"taxonomy":"post_tag","embeddable":true,"href":"https:\/\/www.elche.es\/va\/wp-json\/wp\/v2\/tags?post=188706"}],"curies":[{"name":"wp","href":"https:\/\/api.w.org\/{rel}","templated":true}]}}