{"id":188790,"date":"2022-03-17T11:54:46","date_gmt":"2022-03-17T10:54:46","guid":{"rendered":"https:\/\/www.elche.es\/2022\/03\/coque-malla-actuara-el-dia-17-al-gran-teatre-amb-la-gira-una-confesion-musical\/"},"modified":"2022-03-17T15:45:14","modified_gmt":"2022-03-17T14:45:14","slug":"coque-malla-actuara-el-dia-17-al-gran-teatre-amb-la-gira-una-confesion-musical","status":"publish","type":"post","link":"https:\/\/www.elche.es\/va\/2022\/03\/coque-malla-actuara-el-dia-17-al-gran-teatre-amb-la-gira-una-confesion-musical\/","title":{"rendered":"Coque Malla actuar\u00e0 el dia 17 al Gran Teatre amb la gira Una confesi\u00f3n musical"},"content":{"rendered":"<div class=\"wpb-content-wrapper\"><p>[vc_row][vc_column][vc_column_text]<br \/>\n<strong>L\u2019Escorxador oferir\u00e0 aquest cap de setmana representacions de <em>Microteatre<\/em>, on els assistents podran veure diferents peces breus en cadascuna de les sales del centre.<\/strong><br \/>\n[\/vc_column_text][\/vc_column][\/vc_row][vc_row][vc_column][vc_column_text css=&#8221;.vc_custom_1647508391769{padding-top: 25px !important;}&#8221;]Coque Malla actuar\u00e0 dijous, 17 de mar\u00e7, a les 20.30 al Gran Teatre, on presentar\u00e0 la seua nova gira <em>Mi nombre es Coque Malla. Una confesi\u00f3n musical<\/em>. En aquest concert, el polifac\u00e8tic artista fa un xou en el qual combina l&#8217;espectacle teatral amb un rep\u00e0s dels seus grans \u00e8xits, entre els quals figura el tema <em>Este es el momento,<\/em> que va compondre per a la pel\u00b7l\u00edcula <em>Campeones<\/em> i pel qual va rebre el premi Goya a la millor can\u00e7\u00f3 en 2019.<\/p>\n<p>Tamb\u00e9 al Gran Teatre es representar\u00e0 divendres 18 la pe\u00e7a <em>The Opera Locos<\/em>, que ha sigut la guanyadora del Premi Max 2019 al Millor Espectacle Musical. Aquest espectacle c\u00f2mic est\u00e0 posat en escena per la companyia Yllana i en aquest s&#8217;interpreten algunes de les peces m\u00e9s conegudes del m\u00f3n de l&#8217;\u00f2pera.<\/p>\n<p>A L\u2019Escorxador continua la celebraci\u00f3 del mes del teatre. En aquesta ocasi\u00f3 hi haur\u00e0 representacions de <em>Microteatre<\/em>, on diferents obres molt breus es representaran en cadascuna de les sales de L\u2019Escorxador. A m\u00e9s, els m\u00e9s xicotets podran divertir-se amb el taller <em>Descubriendo el teatro musical<\/em> oferit per Teatralizarte.<\/p>\n<p>La com\u00e8dia <em>Entre rosas<\/em> es projectar\u00e0 des de dimecres 16 fins diumenge 20 de mar\u00e7 als cinemes Odeon. La hist\u00f2ria narra com una boja idea de Vera canvia la seua vida i la de la seua cap Eve. Als mateixos cinemes, dissabte 19 i diumenge 20 es podr\u00e0 veure la pel\u00b7l\u00edcula infantil <em>Operaci\u00f3n Panda<\/em> a les 17.30 hores.<\/p>\n<p>D&#8217;altra banda, al centre cultural Les Clarisses es podr\u00e0 visitar <em>Lluvia, sol y arco\u00edris<\/em>, una exposici\u00f3 que reivindica la figura de la dona.<\/p>\n<p>En l&#8217;Ordre Tercer \u00e9s l&#8217;\u00faltima setmana per a visitar <em>El c\u00e0ntic de les criatures<\/em>.[\/vc_column_text][\/vc_column][\/vc_row][vc_row][vc_column][vc_column_text css=&#8221;.vc_custom_1647508429645{padding-top: 25px !important;}&#8221;]<\/p>\n<h4>Gran Teatre<\/h4>\n<p>[\/vc_column_text][\/vc_column][\/vc_row][vc_row][vc_column][vc_column_text css=&#8221;.vc_custom_1647511932242{padding-top: 25px !important;}&#8221;]<\/p>\n<ul>\n<li><strong>Dijous 17 de mar\u00e7.<\/strong><\/li>\n<\/ul>\n<p><strong>Concert:<\/strong> <em>Mi nombre es Coque Malla. Una confesi\u00f3n musical<\/em> per Coque Malla.<\/p>\n<p><strong>Entrades:<\/strong><a href=\"https:\/\/www.instanticket.es\/mi-nombre-es-coque-malla\/?id=170322COQUEMALLA\"> Instanticket<\/a> o a la taquilla del Gran Teatre.<\/p>\n<p><strong>Horari:<\/strong> 20.30 hores.<\/p>\n<p><strong>Informaci\u00f3:<\/strong> El cantant, compositor i actor Coque Malla presenta el concert que ha elaborat per a la seua nova gira.<\/p>\n<p><strong>Sinopsi:<\/strong> Un xou a mig cam\u00ed entre l&#8217;espectacle teatral i el concert en el qual es repassar\u00e0 la traject\u00f2ria de l&#8217;artista a trav\u00e9s de can\u00e7ons que han marcat la seua hist\u00f2ria.<\/p>\n<ul>\n<li><strong>Divendres 18 de mar\u00e7.<\/strong><\/li>\n<\/ul>\n<p><strong>Musical:<\/strong> <em>The opera loco<\/em><em>s<\/em> per Yllana.<\/p>\n<p><strong>Entrades:<\/strong> <a href=\"https:\/\/www.instanticket.es\/the-opera-locos\/?id=180322THEOPERA\">Instanticket<\/a> o a la taquilla del Gran Teatre.<\/p>\n<p><strong>Horari:<\/strong> 20.00 hores.<\/p>\n<p><strong>Sinopsi:<\/strong> Una peculiar companyia d&#8217;\u00f2pera, composta per cinc exc\u00e8ntrics cantants, es disposa a realitzar un recital amb un repertori dels m\u00e9s grans compositors del g\u00e8nere. Al llarg de la representaci\u00f3 s&#8217;aniran revelant les passions ocultes i els anhels de cadascun d&#8217;ells, que portaran conseq\u00fc\u00e8ncies absurdes i impredictibles.[\/vc_column_text][vc_single_image image=&#8221;188780&#8243; img_size=&#8221;medium&#8221; alignment=&#8221;center&#8221; onclick=&#8221;link_image&#8221; css=&#8221;.vc_custom_1647513320479{padding-top: 25px !important;}&#8221;][\/vc_column][\/vc_row][vc_row][vc_column][vc_column_text css=&#8221;.vc_custom_1647511970895{padding-top: 25px !important;}&#8221;]<\/p>\n<h4>Cinemes Odeon<\/h4>\n<p>[\/vc_column_text][\/vc_column][\/vc_row][vc_row][vc_column][vc_column_text css=&#8221;.vc_custom_1647512277433{padding-top: 25px !important;}&#8221;]<\/p>\n<ul>\n<li><strong>Del dimecres 16 al diumenge 20 de mar\u00e7.<\/strong><\/li>\n<\/ul>\n<p><strong>Cinema:<\/strong> <em>Entre rosas<\/em> per Pierre Pianud (Fran\u00e7a).<\/p>\n<p><strong>Entrades:<\/strong> en <a href=\"https:\/\/www.instanticket.es\/entre-rosas\/?id=160322ROSAS\">Instanticket<\/a> i a la taquilla.<\/p>\n<p><strong>Passes:<\/strong> 17.30 i 20.00 hores.<\/p>\n<p><strong>Sinopsi:<\/strong> Eve creava les roses m\u00e9s famoses del m\u00f3n, per\u00f2 ara est\u00e0 passada de moda, amargada i a la vora de la fallida. A Vera, el seu fidel assistent, se li ocorre una idea brillant i boja que podria canviar les seues vides per sempre.<\/p>\n<ul>\n<li><strong>Del dissabte 19 al diumenge 20 de mar\u00e7.<\/strong><\/li>\n<\/ul>\n<p><strong>Cinema:<\/strong> <em>Operaci\u00f3n Panda<\/em> per Natalia Nilova i Vasiliy Rovrnskiy (R\u00fassia).<\/p>\n<p><strong>Entrades:<\/strong> en <a href=\"https:\/\/www.instanticket.es\/operacion-panda\/?id=190322PANDA\">Instanticket<\/a> i a la taquilla.<\/p>\n<p><strong>Passe:<\/strong> 17.30 hores.<\/p>\n<p><strong>Sinopsi:<\/strong> Per equivocaci\u00f3, una maldestra cigonya entrega un panda beb\u00e9 a l&#8217;adre\u00e7a incorrecta. Ser\u00e0 llavors quan un os i els seus amics s&#8217;embarquen en una auda\u00e7 aventura per a ajudar el xicotet panda a con\u00e9ixer finalment la seua vertadera fam\u00edlia i retornar-lo a la seua llar.[\/vc_column_text][\/vc_column][\/vc_row][vc_row][vc_column][vc_single_image image=&#8221;188778&#8243; img_size=&#8221;medium&#8221; alignment=&#8221;center&#8221; onclick=&#8221;link_image&#8221; el_class=&#8221;fotounicanoticiavertical&#8221;][\/vc_column][\/vc_row][vc_row][vc_column][vc_column_text css=&#8221;.vc_custom_1647512497140{padding-top: 25px !important;}&#8221;]<\/p>\n<h4>L&#8217;Escorxador<\/h4>\n<p>[\/vc_column_text][\/vc_column][\/vc_row][vc_row][vc_column][vc_column_text css=&#8221;.vc_custom_1647512846245{padding-top: 25px !important;}&#8221;]<\/p>\n<ul>\n<li><strong>Divendres 18, dissabte 19 i diumenge 20 de mar\u00e7.<\/strong><\/li>\n<\/ul>\n<p><strong>Teatre:<\/strong> <em>Microteatre a L\u2019Escorxador<\/em> per CCC L\u2019Escorxador i Fitelx.<\/p>\n<p><strong>Entrades:<\/strong> en <a href=\"https:\/\/www.instanticket.es\/mes-del-teatre-microteatro-a-lescorxador\/?id=180322MICROT\">Instanticket<\/a>, a la taquilla del Gran Teatre o una hora abans de l&#8217;espectacle en la taquilla de L\u2019Escorxador.<\/p>\n<p><strong>Horari:<\/strong> comen\u00e7a a les 18.30 hores (amb diferents passes que es poden consultar en Instanticket)<\/p>\n<p><strong>Informaci\u00f3:<\/strong> Les obres es representaran en diferents sales de L\u2019Escorxador i cadascuna d&#8217;elles durar\u00e0 15 minuts (amb 5 minuts entre cadascuna perqu\u00e8 l&#8217;espectador puga canviar de sala). La informaci\u00f3 de les obres es facilitar\u00e0 el mateix dia.<\/p>\n<ul>\n<li><strong>Dissabte 19 de mar\u00e7.<\/strong><\/li>\n<\/ul>\n<p><strong>Taller:<\/strong> <em>Descubriendo el teatro musical<\/em> per Teatralitzarte<\/p>\n<p><strong>Inscripci\u00f3:<\/strong> enviant un mail a acteatralizarte@gmail.com<\/p>\n<p><strong>Horari:<\/strong> de 10.00 a 13.00 hores.<\/p>\n<p><strong>Informaci\u00f3:<\/strong> En aquest taller es pret\u00e9n acostar els xiquets i les xiquetes al teatre musical. Es preparar\u00e0 una mostra perqu\u00e8 amics i familiars puguen veure el treball realitzat.<\/p>\n<ul>\n<li><strong>Des del divendres 4 de mar\u00e7 fins al diumenge 3 d&#8217;abril.<\/strong><\/li>\n<\/ul>\n<p><strong>Exposici\u00f3:<\/strong> <em>30 a\u00f1os de trayectoria<\/em> per NSM Teatro<\/p>\n<p><strong>Entrada:<\/strong> lliure<\/p>\n<p><strong>Horari:<\/strong> de dilluns a divendres de 17.00 A 21.00 hores. Dissabte d&#8217;11.00 A 14.00 hores i de 17.00 a 20.00 hores. Diumenge d&#8217;11.00 a 14.00 hores.<\/p>\n<p><strong>Informaci\u00f3:<\/strong> Aquesta companyia teatral il\u00b7licitana celebra els seus 30 anys de traject\u00f2ria. Es podran veure elements escenogr\u00e0fics caracter\u00edstics del grup i del seu estil, juntament amb vestuaris, cartells i fotografie que donen forma a aquest espai on es mostrar\u00e0 un trosset de la seua hist\u00f2ria.[\/vc_column_text][\/vc_column][\/vc_row][vc_row][vc_column][vc_column_text css=&#8221;.vc_custom_1647512890697{padding-top: 25px !important;}&#8221;]<\/p>\n<h4>Ordre Tercer<\/h4>\n<p>[\/vc_column_text][\/vc_column][\/vc_row][vc_row][vc_column][vc_column_text]<\/p>\n<ul>\n<li><strong>Fins al 19 de mar\u00e7.<\/strong><\/li>\n<\/ul>\n<p><strong>Exposici\u00f3:<\/strong> <em>El c\u00e0ntic de les criatures<\/em> per Josep Ginestar<\/p>\n<p><strong>Horari:<\/strong> De dimarts a dissabte: De 10.00 a 14.00 hores i de 15.00 a 18.00 hores. Diumenges i festius: De 10.00 a 14.00 hores.<\/p>\n<p><strong>Informaci\u00f3:<\/strong> Aquesta exposici\u00f3 est\u00e0 basada en els textos de Sant Francesc d\u2019Ass\u00eds.<\/p>\n<p><strong>Sinopsi:<\/strong> Ginestar rescata l&#8217;espiritual de l&#8217;oblit que ha experimentat en els dos \u00faltims segles per la cultura occidental, i ho fa d&#8217;una manera nova, poli\u00e8drica, una f\u00f3rmula personal i biogr\u00e0fica en la qual el misteri no es pensa ni s&#8217;expressa vinculat a cap confessi\u00f3 o dogma concret, si b\u00e9 beu de la tradici\u00f3 m\u00edstica i del pensament religi\u00f3s de car\u00e0cter panteista.[\/vc_column_text][\/vc_column][\/vc_row][vc_row][vc_column][vc_column_text css=&#8221;.vc_custom_1647513017087{padding-top: 25px !important;}&#8221;]<br \/>\n<strong>Les Clarisses<\/strong><br \/>\n[\/vc_column_text][\/vc_column][\/vc_row][vc_row][vc_column][vc_column_text css=&#8221;.vc_custom_1647513107010{padding-top: 25px !important;}&#8221;]<\/p>\n<ul>\n<li><strong>Des del 8 de mar\u00e7 fins al 3 d&#8217;abril.<\/strong><\/li>\n<\/ul>\n<p><strong>Exposici\u00f3:<\/strong> <em>Lluvia, sol y arco\u00edris<\/em> per Dol\u00e7a<\/p>\n<p><strong>Horari:<\/strong> de dimarts a divendres de 10.00 a 14.00 hores i de 15.00 a 18.00 hores.<\/p>\n<p><strong>Informaci\u00f3:<\/strong> En aquesta exposici\u00f3 es far\u00e0 un recorregut a trav\u00e9s dels mesos de l&#8217;any i dels colors i les emocions que els acompanyen.[\/vc_column_text][vc_single_image image=&#8221;188782&#8243; img_size=&#8221;medium&#8221; alignment=&#8221;center&#8221; onclick=&#8221;link_image&#8221; el_class=&#8221;fotounicanoticiavertical&#8221;][vc_column_text css=&#8221;.vc_custom_1647513138551{padding-top: 25px !important;}&#8221;]<\/p>\n<h4>Llotja Medieval<\/h4>\n<p>[\/vc_column_text][\/vc_column][\/vc_row][vc_row][vc_column][vc_column_text css=&#8221;.vc_custom_1647513094459{padding-top: 25px !important;}&#8221;]<\/p>\n<ul>\n<li><strong>Fins al 17 d&#8217;abril.<\/strong><\/li>\n<\/ul>\n<p><strong>Exposici\u00f3 de fotografies:<\/strong> <em>Elche. Miradas Eternas<\/em> per Beatriz Navarro.<\/p>\n<p><strong>Horari:<\/strong> de dimarts a dissabtes de 10.00 a 14.00 hores i de 15.00 a 18.00 hores. Diumenges i festius de 10.00 a 14.00 hores.[\/vc_column_text][\/vc_column][\/vc_row][vc_row][vc_column][vc_column_text css=&#8221;.vc_custom_1647513217307{padding-top: 25px !important;}&#8221;]<\/p>\n<h4>Barris i Pedanies<\/h4>\n<p>[\/vc_column_text][\/vc_column][\/vc_row][vc_row][vc_column][vc_column_text css=&#8221;.vc_custom_1647513263926{padding-top: 25px !important;}&#8221;]<\/p>\n<ul>\n<li><strong>Divendres 18 de mar\u00e7 al CENTRE SOCIAL PLA\u00c7A BARCELONA.<\/strong><\/li>\n<\/ul>\n<p><strong>M\u00fasica:<\/strong> Coral Amics Cantors<\/p>\n<p><strong>Horari:<\/strong> 18.00 hores.<\/p>\n<ul>\n<li><strong>Dissabte 19 de mar\u00e7 en CENTRE SOCIAL L\u2019ALTET.<\/strong><\/li>\n<\/ul>\n<p><strong>M\u00fasica:<\/strong> Yolanda Garc\u00eda<\/p>\n<p><strong>Horari:<\/strong> 20.00 hores.[\/vc_column_text][\/vc_column][\/vc_row]<\/p>\n<\/div>","protected":false},"excerpt":{"rendered":"<p>[vc_row][vc_column][vc_column_text] L\u2019Escorxador oferir\u00e0 aquest cap de setmana representacions de Microteatre, on els assistents podran veure diferents peces breus en cadascuna de les sales del centre. [\/vc_column_text][\/vc_column][\/vc_row][vc_row][vc_column][vc_column_text css=&#8221;.vc_custom_1647508391769{padding-top: 25px !important;}&#8221;]Coque Malla [&hellip;]<\/p>\n","protected":false},"author":131,"featured_media":188786,"comment_status":"closed","ping_status":"closed","sticky":false,"template":"","format":"standard","meta":{"footnotes":""},"categories":[193,391,1312,1341,3060],"tags":[],"class_list":["post-188790","post","type-post","status-publish","format-standard","has-post-thumbnail","hentry","category-cultura-va","category-home-va","category-noticias-va","category-ocio-y-cultura-va","category-sales-cultura"],"_links":{"self":[{"href":"https:\/\/www.elche.es\/va\/wp-json\/wp\/v2\/posts\/188790","targetHints":{"allow":["GET"]}}],"collection":[{"href":"https:\/\/www.elche.es\/va\/wp-json\/wp\/v2\/posts"}],"about":[{"href":"https:\/\/www.elche.es\/va\/wp-json\/wp\/v2\/types\/post"}],"author":[{"embeddable":true,"href":"https:\/\/www.elche.es\/va\/wp-json\/wp\/v2\/users\/131"}],"replies":[{"embeddable":true,"href":"https:\/\/www.elche.es\/va\/wp-json\/wp\/v2\/comments?post=188790"}],"version-history":[{"count":0,"href":"https:\/\/www.elche.es\/va\/wp-json\/wp\/v2\/posts\/188790\/revisions"}],"wp:featuredmedia":[{"embeddable":true,"href":"https:\/\/www.elche.es\/va\/wp-json\/wp\/v2\/media\/188786"}],"wp:attachment":[{"href":"https:\/\/www.elche.es\/va\/wp-json\/wp\/v2\/media?parent=188790"}],"wp:term":[{"taxonomy":"category","embeddable":true,"href":"https:\/\/www.elche.es\/va\/wp-json\/wp\/v2\/categories?post=188790"},{"taxonomy":"post_tag","embeddable":true,"href":"https:\/\/www.elche.es\/va\/wp-json\/wp\/v2\/tags?post=188790"}],"curies":[{"name":"wp","href":"https:\/\/api.w.org\/{rel}","templated":true}]}}