{"id":189681,"date":"2022-03-23T14:33:52","date_gmt":"2022-03-23T13:33:52","guid":{"rendered":"https:\/\/www.elche.es\/2022\/03\/lajuntament-encarrega-un-estudi-sobre-lestabilitat-del-vessant-per-a-donar-una-solucio-definitiva-a-les-foradades-de-porfiri-pasqual\/"},"modified":"2022-03-23T14:39:41","modified_gmt":"2022-03-23T13:39:41","slug":"lajuntament-encarrega-un-estudi-sobre-lestabilitat-del-vessant-per-a-donar-una-solucio-definitiva-a-les-foradades-de-porfiri-pasqual","status":"publish","type":"post","link":"https:\/\/www.elche.es\/va\/2022\/03\/lajuntament-encarrega-un-estudi-sobre-lestabilitat-del-vessant-per-a-donar-una-solucio-definitiva-a-les-foradades-de-porfiri-pasqual\/","title":{"rendered":"L&#8217;Ajuntament encarrega un estudi sobre l&#8217;estabilitat del vessant per a donar una soluci\u00f3 definitiva a les foradades de Porfiri Pasqual"},"content":{"rendered":"<div class=\"wpb-content-wrapper\"><p>[vc_row el_id=&#8221;SUBTITULAR_NOTICIA&#8221;][vc_column][vc_column_text]<\/p>\n<hr \/>\n<h4>L&#8217;edil de Manteniment, H\u00e9ctor D\u00edez, explica que es realitzaran tretze sondejos de 15 metres de profunditat per a saber en quines condicions est\u00e0 la qualitat tant del terreny natural com de l&#8217;abundant farcit, del tram entre el pont del Ferrocarril i el col\u00b7legi Ausi\u00e0s March<\/h4>\n<hr \/>\n<p>[\/vc_column_text][\/vc_column][\/vc_row][vc_row el_id=&#8221;TEXTO_FIN_NOTICIA&#8221;][vc_column][vc_column_text]L&#8217;Ajuntament d&#8217;Elx vol donar una soluci\u00f3 definitiva al problema d&#8217;aparici\u00f3 de foradades al barri Porfirio Pasqual i per aix\u00f2 <strong>realitzar\u00e0 un estudi geot\u00e8cnic per a con\u00e9ixer l&#8217;estabilitat del vessant<\/strong> en el tram compr\u00e9s entre el pont del Ferrocarril i el col\u00b7legi Ausi\u00e0s March.<\/p>\n<p>\u201cEs tracta d&#8217;una actuaci\u00f3 que suposar\u00e0 realitzar uns tretze sondejos geot\u00e8cnics que ens permeten prendre mostres del terreny per a saber en quines condicions est\u00e0 la qualitat tant del terreny natural, com de l&#8217;abundant farcit que hi ha en aquest tram del vessant del riu\u201d, ha explicat el regidor de Manteniment, H\u00e9ctor D\u00edez, que juntament amb l&#8217;enginyer municipal Luis Tebar ha explicat en qu\u00e8 consistir\u00e0 l&#8217;estudi amb el qual <strong>es pretenen con\u00e9ixer les causen que originen les foradades per a aix\u00ed donar una soluci\u00f3 definitiva a aquestes<\/strong>.<\/p>\n<p>D\u00edez ha explicat que es realitzaran sondejos en un total de tretze punts, amb una profunditat d&#8217;entre deu i quinze metres, i les mostres que s\u2019obtinguen seran analitzades al laboratori per a aix\u00ed poder estudiar quin comportament est\u00e0 seguint el vessant. <strong>Es tracta de saber si s\u00f3n foradades puntuals o aquestes poden estar relacionades amb corriments de terres subterranis<\/strong> o amb el moviment dels talussos del vessant del riu.<\/p>\n<p>\u201cEl prop\u00f2sit que persegueix el Govern Municipal amb aquest estudi \u00e9s poder garantir <strong>que l&#8217;actuaci\u00f3 que realitzem a les foradades de Porfiri Pasqual \u00e9s definitiva, \u00e9s a dir, que la soluci\u00f3 a realitzar assegure que les foradades no tornaran a apar\u00e9ixer<\/strong> i que garantisca la seguretat al barri\u201d, ha apuntat el regidor.<\/p>\n<p>D\u00edez ha puntualitzat que \u201caquesta actuaci\u00f3 est\u00e0 renyida amb les presses per tapar les foradades\u201d, per\u00f2 ha reiterat que \u201c<strong>el m\u00e9s important per al Govern Municipal \u00e9s la seguretat al barri i que el remei que es done siga definitiu\u201d<\/strong>.<\/p>\n<p>Per part seua, Tebar ha explicat que \u201cel que es vol \u00e9s caracteritzar el perfil del vessant sota el punt de vista geol\u00f2gic <strong>per a con\u00e9ixer el seu comportament mec\u00e0nic i per a saber a qu\u00e8 atindre&#8217;ns per a posteriors actuacions<\/strong>\u201d.<\/p>\n<p>L&#8217;enginyer ha indicat que ja se sap que la primera capa \u00e9s antr\u00f2pica, <strong>\u201ccreada per l&#8217;home, en certa manera de manera espont\u00e0nia\u201d<\/strong>, per la qual cosa genera m\u00e9s problemes que el terreny natural.<\/p>\n<p>Tal com ha recordat l&#8217;H\u00e9ctor D\u00edez, a finals de gener l&#8217;Ajuntament va tindre const\u00e0ncia de l&#8217;aparici\u00f3 de dues foradades a les pistes de petanca de Porfiri Pasqual. Des d&#8217;eixe moment, els t\u00e8cnics municipals van inspeccionar el terreny per a intentar esclarir les causes. Tamb\u00e9 l&#8217;empresa mixta <strong>Aig\u00fces d\u2019Elx va realitzar proves per a confirmar que la causa de les foradades no estava relacionada amb la xarxa d&#8217;aigua<\/strong>.<\/p>\n<p>Ara, amb aquest estudi <strong>l&#8217;Equip de Govern pret\u00e9n con\u00e9ixer la causa exacta de les foradades per a aix\u00ed donar una soluci\u00f3 definitiva que garantisca la seguretat de la zona.<\/strong><\/p>\n<hr \/>\n<p>&nbsp;<\/p>\n<p>[\/vc_column_text][\/vc_column][\/vc_row][vc_row][vc_column width=&#8221;1\/6&#8243;][\/vc_column][vc_column width=&#8221;2\/3&#8243;]<audio class=\"sc_audio\" src=\"https:\/\/soundcloud.com\/ayuntamiento-de-elche\/actuacion-de-los-socavones-de-porfirio-pascual?utm_source=clipboard&#038;utm_medium=text&#038;utm_campaign=social_sharing\" width=\"\" height=\"\"><\/audio>[\/vc_column][vc_column width=&#8221;1\/6&#8243;][\/vc_column][\/vc_row]<\/p>\n<\/div>","protected":false},"excerpt":{"rendered":"<p>[vc_row el_id=&#8221;SUBTITULAR_NOTICIA&#8221;][vc_column][vc_column_text] L&#8217;edil de Manteniment, H\u00e9ctor D\u00edez, explica que es realitzaran tretze sondejos de 15 metres de profunditat per a saber en quines condicions est\u00e0 la qualitat tant del terreny [&hellip;]<\/p>\n","protected":false},"author":131,"featured_media":189612,"comment_status":"closed","ping_status":"closed","sticky":false,"template":"","format":"standard","meta":{"footnotes":""},"categories":[391,680,1312],"tags":[],"class_list":["post-189681","post","type-post","status-publish","format-standard","has-post-thumbnail","hentry","category-home-va","category-mantenimiento-va","category-noticias-va"],"_links":{"self":[{"href":"https:\/\/www.elche.es\/va\/wp-json\/wp\/v2\/posts\/189681","targetHints":{"allow":["GET"]}}],"collection":[{"href":"https:\/\/www.elche.es\/va\/wp-json\/wp\/v2\/posts"}],"about":[{"href":"https:\/\/www.elche.es\/va\/wp-json\/wp\/v2\/types\/post"}],"author":[{"embeddable":true,"href":"https:\/\/www.elche.es\/va\/wp-json\/wp\/v2\/users\/131"}],"replies":[{"embeddable":true,"href":"https:\/\/www.elche.es\/va\/wp-json\/wp\/v2\/comments?post=189681"}],"version-history":[{"count":0,"href":"https:\/\/www.elche.es\/va\/wp-json\/wp\/v2\/posts\/189681\/revisions"}],"wp:featuredmedia":[{"embeddable":true,"href":"https:\/\/www.elche.es\/va\/wp-json\/wp\/v2\/media\/189612"}],"wp:attachment":[{"href":"https:\/\/www.elche.es\/va\/wp-json\/wp\/v2\/media?parent=189681"}],"wp:term":[{"taxonomy":"category","embeddable":true,"href":"https:\/\/www.elche.es\/va\/wp-json\/wp\/v2\/categories?post=189681"},{"taxonomy":"post_tag","embeddable":true,"href":"https:\/\/www.elche.es\/va\/wp-json\/wp\/v2\/tags?post=189681"}],"curies":[{"name":"wp","href":"https:\/\/api.w.org\/{rel}","templated":true}]}}