{"id":189870,"date":"2022-03-24T13:04:07","date_gmt":"2022-03-24T12:04:07","guid":{"rendered":"https:\/\/www.elche.es\/2022\/03\/la-policia-local-dete-un-home-despres-dagredir-els-agents-que-tractaven-dajudar-lo\/"},"modified":"2022-03-24T13:04:07","modified_gmt":"2022-03-24T12:04:07","slug":"la-policia-local-dete-un-home-despres-dagredir-els-agents-que-tractaven-dajudar-lo","status":"publish","type":"post","link":"https:\/\/www.elche.es\/va\/2022\/03\/la-policia-local-dete-un-home-despres-dagredir-els-agents-que-tractaven-dajudar-lo\/","title":{"rendered":"La Policia Local det\u00e9 un home despr\u00e9s d&#8217;agredir els agents que tractaven d&#8217;ajudar-lo"},"content":{"rendered":"<div class=\"wpb-content-wrapper\"><p>[vc_row el_id=&#8221;SUBTITULAR_NOTICIA&#8221;][vc_column][vc_column_text]<\/p>\n<hr \/>\n<h4>L&#8217;implicat, que es trobava assegut al voral de la CV-86, va propinar als integrants de la patrulla, sense mediar paraula, puntades i punyades a la mand\u00edbula<\/h4>\n<hr \/>\n<p>[\/vc_column_text][\/vc_column][\/vc_row][vc_row el_id=&#8221;TEXTO_FIN_NOTICIA&#8221;][vc_column][vc_column_text]La <strong>Policia Local d&#8217;Elx va detindre un home de 30 anys despr\u00e9s d&#8217;agredir els agents que tractaven d&#8217;ajudar-lo.<\/strong> El dilluns 21 de mar\u00e7, sobre les 14.20 hores, una patrulla va observar a la CV-86 una motxilla i, nom\u00e9s a uns metres, una persona asseguda al voral, per la qual cosa els agents van detindre el vehicle per a interessar-se pel seu estat.<\/p>\n<p>Els policies li van preguntar si necessitava algun tipus d&#8217;ajuda sense baixar-se del cotxe, q\u00fcesti\u00f3 a la qual no va respondre. Sobtadament,<strong> l&#8217;home es va acostar a la finestreta del copilot i va comen\u00e7ar a assenyalar amb el dit \u00edndex de la seua m\u00e0 dreta el cel<\/strong>, motiu pel qual un dels agents va baixar del cotxe patrulla i va ser quan l&#8217;home, sense mediar paraula, es va abalan\u00e7ar sobre ell i li va donar una punyada a la mand\u00edbula.<\/p>\n<p>R\u00e0pidament, l&#8217;altre component de la patrulla va baixar del vehicle per a soc\u00f3rrer el seu company i finalment <strong>va ser v\u00edctima de puntades i tamb\u00e9 de punyades a la mand\u00edbula, pels quals va quedar atordit<\/strong>. Despr\u00e9s del forcejament, els policies van reduir-lo, i el van engrillonar amb la col\u00b7laboraci\u00f3 d&#8217;altres dues dotacions donada la seua agressivitat.<\/p>\n<p>Aquesta persona<strong> va ser detinguda i traslladada a la Comissaria de la Policia Nacional<\/strong>, on va prosseguir amb la seua actitud agressiva i va intentar en tot moment colpejar els agents, que van ser atesos en un centre m\u00e8dic pels diversos colps patits.<\/p>\n<hr \/>\n<p>[\/vc_column_text][\/vc_column][\/vc_row]<\/p>\n<\/div>","protected":false},"excerpt":{"rendered":"<p>[vc_row el_id=&#8221;SUBTITULAR_NOTICIA&#8221;][vc_column][vc_column_text] L&#8217;implicat, que es trobava assegut al voral de la CV-86, va propinar als integrants de la patrulla, sense mediar paraula, puntades i punyades a la mand\u00edbula [\/vc_column_text][\/vc_column][\/vc_row][vc_row el_id=&#8221;TEXTO_FIN_NOTICIA&#8221;][vc_column][vc_column_text]La [&hellip;]<\/p>\n","protected":false},"author":131,"featured_media":176380,"comment_status":"closed","ping_status":"closed","sticky":false,"template":"","format":"standard","meta":{"footnotes":""},"categories":[2864,238],"tags":[],"class_list":["post-189870","post","type-post","status-publish","format-standard","has-post-thumbnail","hentry","category-breus","category-policia-local-va"],"_links":{"self":[{"href":"https:\/\/www.elche.es\/va\/wp-json\/wp\/v2\/posts\/189870","targetHints":{"allow":["GET"]}}],"collection":[{"href":"https:\/\/www.elche.es\/va\/wp-json\/wp\/v2\/posts"}],"about":[{"href":"https:\/\/www.elche.es\/va\/wp-json\/wp\/v2\/types\/post"}],"author":[{"embeddable":true,"href":"https:\/\/www.elche.es\/va\/wp-json\/wp\/v2\/users\/131"}],"replies":[{"embeddable":true,"href":"https:\/\/www.elche.es\/va\/wp-json\/wp\/v2\/comments?post=189870"}],"version-history":[{"count":0,"href":"https:\/\/www.elche.es\/va\/wp-json\/wp\/v2\/posts\/189870\/revisions"}],"wp:featuredmedia":[{"embeddable":true,"href":"https:\/\/www.elche.es\/va\/wp-json\/wp\/v2\/media\/176380"}],"wp:attachment":[{"href":"https:\/\/www.elche.es\/va\/wp-json\/wp\/v2\/media?parent=189870"}],"wp:term":[{"taxonomy":"category","embeddable":true,"href":"https:\/\/www.elche.es\/va\/wp-json\/wp\/v2\/categories?post=189870"},{"taxonomy":"post_tag","embeddable":true,"href":"https:\/\/www.elche.es\/va\/wp-json\/wp\/v2\/tags?post=189870"}],"curies":[{"name":"wp","href":"https:\/\/api.w.org\/{rel}","templated":true}]}}