{"id":190078,"date":"2022-03-25T12:40:15","date_gmt":"2022-03-25T11:40:15","guid":{"rendered":"https:\/\/www.elche.es\/2022\/03\/lalcalde-reafirma-el-suport-municipal-a-la-trobada-oftalmologica-facoelche-en-lobertura-de-la-seua-xxiv-edicio\/"},"modified":"2022-03-25T12:40:16","modified_gmt":"2022-03-25T11:40:16","slug":"lalcalde-reafirma-el-suport-municipal-a-la-trobada-oftalmologica-facoelche-en-lobertura-de-la-seua-xxiv-edicio","status":"publish","type":"post","link":"https:\/\/www.elche.es\/va\/2022\/03\/lalcalde-reafirma-el-suport-municipal-a-la-trobada-oftalmologica-facoelche-en-lobertura-de-la-seua-xxiv-edicio\/","title":{"rendered":"L&#8217;alcalde reafirma el suport municipal a la trobada oftalmol\u00f2gica FacoElche en l&#8217;obertura de la seua XXIV edici\u00f3"},"content":{"rendered":"<div class=\"wpb-content-wrapper\"><p>[vc_row el_id=&#8221;SUBTITULAR_NOTICIA&#8221;][vc_column][vc_column_text]<\/p>\n<hr \/>\n<h4>Carlos Gonz\u00e1lez, l&#8217;edil de Sanitat, Mariola Galiana, el director del congr\u00e9s, el doctor Fernando Soler, i el catedr\u00e0tic Luis Fern\u00e1ndez-Vega, inauguren una cita que congrega m\u00e9s de 1.300 professionals fins dem\u00e0 a l&#8217;hotel Hort del Cura<\/h4>\n<hr \/>\n<p>[\/vc_column_text][\/vc_column][\/vc_row][vc_row el_id=&#8221;TEXTO_NOTICIA&#8221;][vc_column][vc_column_text]L&#8217;alcalde, Carlos Gonz\u00e1lez, <strong>va reafirmar ahir a la vesprada el suport municipal a la trobada oftalmol\u00f2gica dedicada a la cirurgia facorefractiva FacoElche en l&#8217;obertura de la seua XXIV edici\u00f3<\/strong>, que, amb m\u00e9s de 1.300 assistents, se celebrar\u00e0 fins dem\u00e0, dissabte, a l&#8217;hotel Hort del Cura. El regidor il\u00b7licit\u00e0, i l&#8217;edil de Sanitat, Mariola Galiana, juntament amb el director del congr\u00e9s, el doctor Fernando Soler, i l&#8217;expresident honor\u00edfic de la Societat Espanyola d&#8217;Oftalmologia (SEU), el catedr\u00e0tic Luis Fern\u00e1ndez-Vega, van inaugurar la cita, que t\u00e9 Elx com a escenari des de 1999.<\/p>\n<p>\u201cFacoElche t\u00e9 a l&#8217;Ajuntament, i en mi com el seu alcalde, <strong>un aliat per a fer junts que continue creixent i continue sent important per a la localitat i, sobretot, per als professionals de l&#8217;oftalmologia<\/strong> i el que hi ha darrere d&#8217;ells: benestar i qualitat de vida per a les persones que pateixen malalties oftalmol\u00f2giques\u201d, va manifestar Gonz\u00e1lez.[\/vc_column_text][\/vc_column][\/vc_row][vc_row type=&#8221;flexslider_slide&#8221; interval=&#8221;5&#8243; source=&#8221;media_library&#8221; images=&#8221;&#8221; img_size=&#8221;full&#8221; external_img_size=&#8221;&#8221; onclick=&#8221;link_image&#8221; custom_links_target=&#8221;_self&#8221; el_class=&#8221;galerianoticia&#8221; title=&#8221;&#8221; custom_srcs=&#8221;&#8221; custom_links=&#8221;&#8221;][vc_column][vc_gallery type=&#8221;flexslider_slide&#8221; interval=&#8221;5&#8243; images=&#8221;190037,190057,190042,190044,190039,190046,190063,190048,190050,190052,190054,190059,190061&#8243; img_size=&#8221;full&#8221; el_class=&#8221;galerianoticia&#8221;][\/vc_column][\/vc_row][vc_row el_id=&#8221;TEXTO_FIN_NOTICIA&#8221;][vc_column][vc_column_text]En eixe sentit, <strong>el director de FacoElche va destacar que, en els pr\u00f2xims anys, Elx prepara grans canvis, \u201cun d&#8217;ells al Palau de Congressos\u201d<\/strong>, per la qual cosa va sol\u00b7licitar a Gonz\u00e1lez que tinga en compte FacoElche. \u201cEl doctor Soler sap que des de l&#8217;Equip de Govern estem conscienciats amb la rellev\u00e0ncia que t\u00e9 FacoElche per a la ciutat i, per tant, que t\u00e9 un aliat nat en tots els objectius i prop\u00f2sits que ens plantegem\u201d, es va comprometre l&#8217;alcalde.<\/p>\n<p><strong>FacoElche \u00e9s una reuni\u00f3 cient\u00edfica dedicada a la cirurgia facorefractiva que es programa tots els anys a la capital del Baix Vinalop\u00f3<\/strong> i que est\u00e0 dirigida des de la seua primera edici\u00f3 pel doctor Fernando Soler. T\u00e9 com a seu, des dels seus inicis, l&#8217;hotel Hort del Cura, a excepci\u00f3 de 2021, quan va tindre lloc a la Instituci\u00f3 Firal Alacantina (IFA) amb les mesures higienicosanit\u00e0ries adaptades a la tercera i a la quarta ona del coronavirus.<\/p>\n<p>A m\u00e9s dels habituals simposis i cirurgies en directe, <strong>en aquesta edici\u00f3 de 2022 es presentar\u00e0 un nou col\u00b7liri per al tractament de la presb\u00edcia<\/strong>, es brindar\u00e0 homenatge a l&#8217;oftalm\u00f2loga Carmen Piera i es premiar\u00e0 la doctora Elena Barraquer.<\/p>\n<p>El doctor Fern\u00e1ndez-Vega, finalment, <strong>va valorar positivament el \u201cple espectacular\u201d de l&#8217;esdeveniment, va agrair al Consistori il\u00b7licit\u00e0 el suport a FacoElche i va recalcar la labor organitzativa del doctor Soler<\/strong>. El professor va recordar que el congr\u00e9s va ser l&#8217;\u00faltima cita oftalmol\u00f2gica a celebrar-se abans de la pand\u00e8mia, que es va desenvolupar tamb\u00e9 durant aquesta, i que, ara, \u00e9s la primera \u201cen aquest context de \u2018quasi\u2019 postpand\u00e8mia\u201d.<\/p>\n<hr \/>\n<p>&nbsp;<\/p>\n<p>[\/vc_column_text][\/vc_column][\/vc_row][vc_row][vc_column width=&#8221;1\/6&#8243;][\/vc_column][vc_column width=&#8221;2\/3&#8243;]<audio class=\"sc_audio\" src=\"https:\/\/soundcloud.com\/ayuntamiento-de-elche\/el-alcalde-reafirma-el-apoyo-municipal-al-encuentro-oftalmologico-facoelche?utm_source=clipboard&#038;utm_medium=text&#038;utm_campaign=social_sharing\" width=\"\" height=\"\"><\/audio>[\/vc_column][vc_column width=&#8221;1\/6&#8243;][\/vc_column][\/vc_row]<\/p>\n<\/div>","protected":false},"excerpt":{"rendered":"<p>[vc_row el_id=&#8221;SUBTITULAR_NOTICIA&#8221;][vc_column][vc_column_text] Carlos Gonz\u00e1lez, l&#8217;edil de Sanitat, Mariola Galiana, el director del congr\u00e9s, el doctor Fernando Soler, i el catedr\u00e0tic Luis Fern\u00e1ndez-Vega, inauguren una cita que congrega m\u00e9s de 1.300 [&hellip;]<\/p>\n","protected":false},"author":131,"featured_media":190036,"comment_status":"closed","ping_status":"closed","sticky":false,"template":"","format":"standard","meta":{"footnotes":""},"categories":[391,1312,893],"tags":[],"class_list":["post-190078","post","type-post","status-publish","format-standard","has-post-thumbnail","hentry","category-home-va","category-noticias-va","category-sanidad-va"],"_links":{"self":[{"href":"https:\/\/www.elche.es\/va\/wp-json\/wp\/v2\/posts\/190078","targetHints":{"allow":["GET"]}}],"collection":[{"href":"https:\/\/www.elche.es\/va\/wp-json\/wp\/v2\/posts"}],"about":[{"href":"https:\/\/www.elche.es\/va\/wp-json\/wp\/v2\/types\/post"}],"author":[{"embeddable":true,"href":"https:\/\/www.elche.es\/va\/wp-json\/wp\/v2\/users\/131"}],"replies":[{"embeddable":true,"href":"https:\/\/www.elche.es\/va\/wp-json\/wp\/v2\/comments?post=190078"}],"version-history":[{"count":0,"href":"https:\/\/www.elche.es\/va\/wp-json\/wp\/v2\/posts\/190078\/revisions"}],"wp:featuredmedia":[{"embeddable":true,"href":"https:\/\/www.elche.es\/va\/wp-json\/wp\/v2\/media\/190036"}],"wp:attachment":[{"href":"https:\/\/www.elche.es\/va\/wp-json\/wp\/v2\/media?parent=190078"}],"wp:term":[{"taxonomy":"category","embeddable":true,"href":"https:\/\/www.elche.es\/va\/wp-json\/wp\/v2\/categories?post=190078"},{"taxonomy":"post_tag","embeddable":true,"href":"https:\/\/www.elche.es\/va\/wp-json\/wp\/v2\/tags?post=190078"}],"curies":[{"name":"wp","href":"https:\/\/api.w.org\/{rel}","templated":true}]}}