{"id":190334,"date":"2022-03-28T09:58:10","date_gmt":"2022-03-28T08:58:10","guid":{"rendered":"https:\/\/www.elche.es\/2022\/03\/la-conselleria-aten-la-sol%c2%b7licitud-de-la-regidoria-de-comerc-i-trasllada-el-festiu-de-lliure-obertura-del-dilluns-15-dagost-al-diumenge-14-daquest-mes\/"},"modified":"2022-03-28T10:25:22","modified_gmt":"2022-03-28T09:25:22","slug":"la-conselleria-aten-la-sol%c2%b7licitud-de-la-regidoria-de-comerc-i-trasllada-el-festiu-de-lliure-obertura-del-dilluns-15-dagost-al-diumenge-14-daquest-mes","status":"publish","type":"post","link":"https:\/\/www.elche.es\/va\/2022\/03\/la-conselleria-aten-la-sol%c2%b7licitud-de-la-regidoria-de-comerc-i-trasllada-el-festiu-de-lliure-obertura-del-dilluns-15-dagost-al-diumenge-14-daquest-mes\/","title":{"rendered":"La Conselleria at\u00e9n la sol\u00b7licitud de la Regidoria de Comer\u00e7 i trasllada el festiu de lliure obertura del dilluns 15 al diumenge 14 d&#8217;agost"},"content":{"rendered":"<div class=\"wpb-content-wrapper\"><p>[vc_row el_id=&#8221;SUBTITULAR_NOTICIA&#8221;][vc_column][vc_column_text]<\/p>\n<hr \/>\n<h4>L&#8217;edil de l&#8217;\u00e0rea, Felip S\u00e0nchez, informa que amb aquesta petici\u00f3 \u201cs&#8217;ha buscat afavorir que el major nombre de treballadors i de treballadores puguen gaudir de les festivitats locals\u201d, ja que el 15 \u00e9s el dia gran de les celebracions patronals<\/h4>\n<hr \/>\n<p>[\/vc_column_text][\/vc_column][\/vc_row][vc_row el_id=&#8221;TEXTO_NOTICIA&#8221;][vc_column][vc_column_text]El regidor de Comer\u00e7, <strong>Felip S\u00e0nchez, ha informat que s&#8217;ha rebut perm\u00eds per part de la Conselleria<\/strong> per a efectuar l&#8217;\u00faltim canvi sol\u00b7licitat sobre els festius habilitats per a la pr\u00e0ctica comercial.<\/p>\n<p>La llei estableix una obligatorietat de permetre un m\u00ednim d&#8217;onze festius anuals amb obertura comercial per als establiments de m\u00e9s de 300 metres quadrats. L<strong>a Regidoria de Comer\u00e7 havia sol\u00b7licitat deshabilitar el dia dilluns 15 d&#8217;agost, dia gran de les festes patronals, i en el seu lloc habilitar el diumenge 14 d&#8217;agost,<\/strong> ja que, com que coincideixen dos dies festius, \u00e9s obligatori obrir un d\u2019aquests.[\/vc_column_text][\/vc_column][\/vc_row][vc_row el_id=&#8221;DESTACADO_NOTICIA&#8221;][vc_column][vc_column_text el_class=&#8221;cuadronoticia&#8221;]<\/p>\n<h5>El 14 d&#8217;abril, Dijous Sant; el 17 d&#8217;abril, Diumenge de Pasqua; i el 25 d&#8217;abril, segon Dilluns de Mona, tindran la consideraci\u00f3 de jornades festives de lliure obertura<\/h5>\n<p>[\/vc_column_text][\/vc_column][\/vc_row][vc_row el_id=&#8221;TEXTO_FIN_NOTICIA&#8221;][vc_column][vc_column_text]Segons S\u00e0nchez, <strong>\u201cs&#8217;ha buscat afavorir que el major nombre de treballadors i de treballadores puguen gaudir de les festivitats locals\u201d<\/strong>. Tamb\u00e9 ha recordat que pr\u00e8viament la Regidoria de Comer\u00e7 va portar a la Junta de Govern Local per a la seua aprovaci\u00f3 el trasllat de l&#8217;obertura comercial del Diumenge de Rams a un altre festiu local, com permet la llei, la qual cosa es va realitzar amb el canvi al dia 25 d&#8217;abril, segon Dilluns de Mona. Amb el perm\u00eds rebut de la Conselleria, el calendari d&#8217;obertures comercials en festius queda tancat definitivament.<\/p>\n<p>S\u00e0nchez ha manifestat que \u201c<strong>per a la Regidoria de Comer\u00e7 \u00e9s molt important no superar el nombre m\u00ednim obligatori de festius de lliure obertura<\/strong>, perqu\u00e8 el nostre inter\u00e9s \u00e9s prioritzar la conciliaci\u00f3 laboral i familiar de les persones que treballen al comer\u00e7 il\u00b7licit\u00e0\u201d.<\/p>\n<p>En les pr\u00f2ximes festivitats de Setmana Santa, ha recordat l&#8217;edil, hi haur\u00e0 els seg\u00fcents festius amb obertura comercial: <strong>14 d&#8217;abril, Dijous Sant; 17 d&#8217;abril, Diumenge de Pasqua; 25 d&#8217;abril, segon Dilluns de Mona<\/strong>.<\/p>\n<hr \/>\n<p>&nbsp;<\/p>\n<p>[\/vc_column_text][\/vc_column][\/vc_row][vc_row][vc_column width=&#8221;1\/6&#8243;][\/vc_column][vc_column width=&#8221;2\/3&#8243;]<audio class=\"sc_audio\" src=\"https:\/\/soundcloud.com\/ayuntamiento-de-elche\/audio-traslado-de-festivo-aperturable?utm_source=clipboard&#038;utm_medium=text&#038;utm_campaign=social_sharing\" width=\"\" height=\"\"><\/audio>[\/vc_column][vc_column width=&#8221;1\/6&#8243;][\/vc_column][\/vc_row]<\/p>\n<\/div>","protected":false},"excerpt":{"rendered":"<p>[vc_row el_id=&#8221;SUBTITULAR_NOTICIA&#8221;][vc_column][vc_column_text] L&#8217;edil de l&#8217;\u00e0rea, Felip S\u00e0nchez, informa que amb aquesta petici\u00f3 \u201cs&#8217;ha buscat afavorir que el major nombre de treballadors i de treballadores puguen gaudir de les festivitats locals\u201d, [&hellip;]<\/p>\n","protected":false},"author":131,"featured_media":190338,"comment_status":"closed","ping_status":"closed","sticky":false,"template":"","format":"standard","meta":{"footnotes":""},"categories":[2636,391,1312],"tags":[],"class_list":["post-190334","post","type-post","status-publish","format-standard","has-post-thumbnail","hentry","category-comerc-va","category-home-va","category-noticias-va"],"_links":{"self":[{"href":"https:\/\/www.elche.es\/va\/wp-json\/wp\/v2\/posts\/190334","targetHints":{"allow":["GET"]}}],"collection":[{"href":"https:\/\/www.elche.es\/va\/wp-json\/wp\/v2\/posts"}],"about":[{"href":"https:\/\/www.elche.es\/va\/wp-json\/wp\/v2\/types\/post"}],"author":[{"embeddable":true,"href":"https:\/\/www.elche.es\/va\/wp-json\/wp\/v2\/users\/131"}],"replies":[{"embeddable":true,"href":"https:\/\/www.elche.es\/va\/wp-json\/wp\/v2\/comments?post=190334"}],"version-history":[{"count":0,"href":"https:\/\/www.elche.es\/va\/wp-json\/wp\/v2\/posts\/190334\/revisions"}],"wp:featuredmedia":[{"embeddable":true,"href":"https:\/\/www.elche.es\/va\/wp-json\/wp\/v2\/media\/190338"}],"wp:attachment":[{"href":"https:\/\/www.elche.es\/va\/wp-json\/wp\/v2\/media?parent=190334"}],"wp:term":[{"taxonomy":"category","embeddable":true,"href":"https:\/\/www.elche.es\/va\/wp-json\/wp\/v2\/categories?post=190334"},{"taxonomy":"post_tag","embeddable":true,"href":"https:\/\/www.elche.es\/va\/wp-json\/wp\/v2\/tags?post=190334"}],"curies":[{"name":"wp","href":"https:\/\/api.w.org\/{rel}","templated":true}]}}