{"id":191052,"date":"2022-03-31T10:36:41","date_gmt":"2022-03-31T09:36:41","guid":{"rendered":"https:\/\/www.elche.es\/2022\/03\/el-festival-abril-en-danza-comenca-diumenge-3-dabril-amb-lobra-gran-bolero-al-gran-teatre\/"},"modified":"2022-03-31T10:48:17","modified_gmt":"2022-03-31T09:48:17","slug":"el-festival-abril-en-danza-comenca-diumenge-3-dabril-amb-lobra-gran-bolero-al-gran-teatre","status":"publish","type":"post","link":"https:\/\/www.elche.es\/va\/2022\/03\/el-festival-abril-en-danza-comenca-diumenge-3-dabril-amb-lobra-gran-bolero-al-gran-teatre\/","title":{"rendered":"El festival &#8216;Abril en danza&#8217; comen\u00e7a diumenge 3 d\u2019abril al Gran Teatre amb l&#8217;obra Gran Bolero"},"content":{"rendered":"<div class=\"wpb-content-wrapper\"><p>[vc_row][vc_column][vc_column_text css=&#8221;.vc_custom_1648710971214{padding-top: 25px !important;}&#8221;]<br \/>\n<strong>El grup Guadalupe Plata actuar\u00e0 dissabte 2 a la sala cultural La Llotja<\/strong><br \/>\n[\/vc_column_text][\/vc_column][\/vc_row][vc_row][vc_column][vc_column_text]El festival <em>Abril en danza<\/em>, que enguany celebra l&#8217;onzena edici\u00f3 sota el lema <em>Intergeneracionals<\/em>, donar\u00e0 protagonisme a ballarins de diferents generacions amb l&#8217;objectiu de mesclar la saviesa amb la frescor. Jes\u00fas Rubio \u00e9s l&#8217;encarregat d&#8217;obrir el festival diumenge 3 d&#8217;abril, al Gran Teatre, amb l&#8217;espectacle <em>Gran Bolero<\/em>, en el qual dansa al ritme de la famosa pe\u00e7a composta per Maurice Ravel.<\/p>\n<p>Aix\u00ed mateix, dijous i tamb\u00e9 al Gran Teatre es posa en escena l&#8217;obra <em>Para acabar con Eddy Bellegueule <\/em>\u00a0en la qual l&#8217;espectador podr\u00e0 ser testimoni de la transformaci\u00f3 i la lluita del personatge. Finalment, dissabte 2 al mateix recinte, es representar\u00e0 <em>El cr\u00e9dito<\/em> de la m\u00e0 de S\u00e0hara Teatre.<\/p>\n<p>Dissabte, dia 2 d&#8217;abril, a La Llotja, actuar\u00e0 la banda Guadalupe Plata, que fusiona de manera peculiar el <em>blues<\/em> i el <em>rock<\/em> amb la psicod\u00e8lia per a aconseguir un estil personal.<\/p>\n<p>El drama <em>No odiar\u00e1s<\/em> es projectar\u00e0 des de dimecres 30 fins diumenge 3 d&#8217;abril als Cinemes Odeon. La hist\u00f2ria narra la vida del metge jueu Simone Segre. La seua vida donar\u00e0 un gir quan descobreix que la persona que estava operant portava un tatuatge nazi. A m\u00e9s, dijous 31 es visualitzar\u00e0 la pel\u00b7l\u00edcula en <em>Mientras dure la guerra<\/em> amb un posterior col\u00b7loqui a c\u00e0rrec de Jos\u00e9 Manuel Guardia. Als mateixos cinemes, per\u00f2 dissabte 2 i diumenge 3 es podr\u00e0 veure la pel\u00b7l\u00edcula infantil <em>El lobo y el le\u00f3n<\/em> a les 17.30 hores.<\/p>\n<p>A L\u2019Escorxador actuar\u00e0 dissabte 2 d&#8217;abril a les 21.00 hores el grup andal\u00fas amb ess\u00e8ncia dels 70s <em>Morreo<\/em>. A m\u00e9s, els m\u00e9s xicotets podran divertir-se amb el taller <em>La dama<\/em> oferit per Menuts i menudes artistes.<\/p>\n<p>D&#8217;altra banda, al centre cultural Les Clarisses es podr\u00e0 visitar <em>Lluvia, sol y arco\u00edris<\/em>, una exposici\u00f3 que reivindica la figura de la dona.<\/p>\n<p>A l&#8217;Ordre Tercer continua l&#8217;exposici\u00f3 <em>Marcap\u00e0gines,<\/em> que estar\u00e0 vigent fins a maig.[\/vc_column_text][vc_column_text css=&#8221;.vc_custom_1648711959634{padding-top: 25px !important;}&#8221;]<\/p>\n<h4>Gran Teatre<\/h4>\n<p>[\/vc_column_text][\/vc_column][\/vc_row][vc_row][vc_column][vc_column_text css=&#8221;.vc_custom_1648711911973{padding-top: 25px !important;}&#8221;]<\/p>\n<ul>\n<li><strong>Dijous 31 de mar\u00e7.<\/strong><\/li>\n<\/ul>\n<p><strong>Teatre:<\/strong> <em>Para acabar con Eddy Bellegueule <\/em>per LaJoven.<\/p>\n<p><strong>Entrades:<\/strong> Instanticket o a la taquilla del Gran Teatre.<\/p>\n<p><strong>Horari:<\/strong> 20.00 hores.<\/p>\n<p><strong>Informaci\u00f3:<\/strong> \u00c9douard Louis i Eddy Bellegueule s\u00f3n la mateixa persona i no ho s\u00f3n. La hist\u00f2ria narra una transformaci\u00f3: la del xiquet peculiar que ha de sobreviure a l&#8217;entorn de viol\u00e8ncia, masclisme, pobresa i homof\u00f2bia en el qual t\u00e9 la mala sort de n\u00e0ixer.<\/p>\n<ul>\n<li><strong>Divendres 1 d&#8217;abril.<\/strong><\/li>\n<\/ul>\n<p><strong>Teatre:<\/strong> <em>El cr\u00e9dito<\/em> (de Jordi Gal\u00e1n) per S\u00e0hara Teatre.<\/p>\n<p><strong>Entrades<\/strong>: Instanticket o a la taquilla del Gran Teatre.<\/p>\n<p><strong>Horari:<\/strong> 20.00 hores.<\/p>\n<p><strong>Informaci\u00f3:<\/strong> Antonio necessita que una sucursal banc\u00e0ria li concedisca un redu\u00eft cr\u00e8dit per a continuar amb la seua vida. No t\u00e9 avals ni propietats nom\u00e9s compta amb la seua \u201cparaula d&#8217;honor\u201d perqu\u00e8 el banc s&#8217;assegure la seua devoluci\u00f3. La negativa del director de l&#8217;oficina els col\u00b7loca als dos en una situaci\u00f3 molt delicada.<\/p>\n<ul>\n<li><strong>Diumenge 3 d&#8217;abril.<\/strong><\/li>\n<\/ul>\n<p><strong>Dansa:<\/strong> <em>Gran Bolero<\/em> per Jes\u00fas Rubio.<\/p>\n<p><strong>Entrades:<\/strong> Instanticket o a la taquilla del Gran Teatre.<\/p>\n<p><strong>Horari:<\/strong> 19.00 hores.<\/p>\n<p><strong>Sinopsi:<\/strong> Commemoraci\u00f3 del Dia Mundial de la Dansa[\/vc_column_text][\/vc_column][\/vc_row][vc_row][vc_column][vc_column_text css=&#8221;.vc_custom_1648712018845{padding-top: 25px !important;}&#8221;]<\/p>\n<h4>Cinemes Odeon<\/h4>\n<p>[\/vc_column_text][\/vc_column][\/vc_row][vc_row][vc_column][vc_column_text css=&#8221;.vc_custom_1648712141502{padding-top: 25px !important;}&#8221;]<\/p>\n<ul>\n<li><strong>Del dimecres 30 al diumenge 3 d&#8217;abril.<\/strong><\/li>\n<\/ul>\n<p><strong>Cinema:<\/strong> <em>No odiar\u00e1s<\/em> per Mauro Mancini (It\u00e0lia).<\/p>\n<p><strong>Entrades:<\/strong> en Instanticket i a la taquilla.<\/p>\n<p><strong>Passes:<\/strong> 17.30 i 20.00 hores.<\/p>\n<p><strong>Sinopsi:<\/strong> En el cor de Trieste viu Simone Segre, un conegut cirurgi\u00e0 d&#8217;origen jueu: gaudeix d&#8217;una vida aparentment resolta. Els durs conflictes amb el seu pare, supervivent d&#8217;un camp de concentraci\u00f3 recentment mort, l&#8217;han portat, durant anys, a distanciar-se d&#8217;ell. Durant la seua pr\u00e0ctica de rem, Simone auxilia a un home que ha sigut v\u00edctima d&#8217;un accident automobil\u00edstic: per\u00f2 quan descobreix un tatuatge nazi en el seu pit l&#8217;abandona a la seua sort.<\/p>\n<ul>\n<li><strong>Dijous 31 de mar\u00e7.<\/strong><\/li>\n<\/ul>\n<p><strong>Cinema:<\/strong> <em>Mientras dure la guerra<\/em> per Alejandro Amen\u00e1bar (Espanya).<\/p>\n<p><strong>Entrades<\/strong>: en Instanticket i a la taquilla.<\/p>\n<p><strong>Passes:<\/strong> 19.00 hores.<\/p>\n<p><strong>Sinopsi:<\/strong> Espanya. Estiu de 1936. El c\u00e8lebre escriptor Miguel d&#8217;Unamuno decideix secundar p\u00fablicament la revolta militar que promet portar ordre a la convulsa situaci\u00f3 del pa\u00eds. Immediatament \u00e9s destitu\u00eft pel govern republic\u00e0 com a rector de la Universitat de Salamanca. Mentrestant, el general Franco aconsegueix sumar les seues tropes al capdavant revoltat i inicia una reeixida campanya amb la secreta esperan\u00e7a de fer-se amb el comandament \u00fanic de la guerra.[\/vc_column_text][\/vc_column][\/vc_row][vc_row][vc_column][vc_single_image image=&#8221;191024&#8243; img_size=&#8221;medium&#8221; alignment=&#8221;center&#8221; onclick=&#8221;link_image&#8221; css=&#8221;.vc_custom_1648712307215{padding-top: 25px !important;}&#8221;][\/vc_column][\/vc_row][vc_row][vc_column][vc_column_text css=&#8221;.vc_custom_1648712410920{padding-top: 25px !important;}&#8221;]<\/p>\n<ul>\n<li><strong>Del dissabte 2 al diumenge 3 d&#8217;abril.<\/strong><\/li>\n<\/ul>\n<p><strong>Cinema:<\/strong> <em>El lobo y el le\u00f3n<\/em> per Gilles de Maistre (Fran\u00e7a).<\/p>\n<p><strong>Entrades:<\/strong> en Instanticket i a la taquilla.<\/p>\n<p><strong>Passe:<\/strong> 17.30 hores.<\/p>\n<p><strong>Sinopsi:<\/strong> Despr\u00e9s de la mort del seu avi, Alma, una pianista de 20 anys, torna a la casa de la seua inf\u00e0ncia en una illa del Canad\u00e0. A l&#8217;illa, la seua vida fa un tomb quan rescata un cadell de llop i un cadell de lle\u00f3. A mesura que els animals creixen, els tres formen un vincle inseparable, per\u00f2 el seu m\u00f3n prompte s&#8217;esfondra quan es descobreix el seu idil\u00b7li secret. El lle\u00f3 \u00e9s capturat i enviat a un circ ambulant i al llop se l&#8217;emporten uns cient\u00edfics per a investigar. El llop est\u00e0 decidit a trobar el seu germ\u00e0 lle\u00f3 i a reunir la seua fam\u00edlia.[\/vc_column_text][\/vc_column][\/vc_row][vc_row][vc_column][vc_column_text css=&#8221;.vc_custom_1648712439933{padding-top: 25px !important;}&#8221;]<\/p>\n<h4>La Llotja<\/h4>\n<p>[\/vc_column_text][\/vc_column][\/vc_row][vc_row][vc_column][vc_column_text css=&#8221;.vc_custom_1648712739728{padding-top: 25px !important;}&#8221;]<\/p>\n<ul>\n<li><strong>Dissabte 2 d&#8217;abril.<\/strong><\/li>\n<\/ul>\n<p><strong>M\u00fasica:<\/strong> Guadalupe Plata<\/p>\n<p><strong>Entrades:<\/strong> en <a href=\"https:\/\/silbato.compralaentrada.com\/eventos\/4094\/4115?venta_online=test\">Silbato<\/a>, a la taquilla del Gran Teatre o mitja hora abans de l&#8217;espectacle a la taquilla de La Llotja.<\/p>\n<p><strong>Passe:<\/strong> 21.30 hores.<\/p>\n<p><strong>Sinopsi:<\/strong> Guadalupe Plata porta molts anys com a banda. Quan van publicar el seu primer EP hom\u00f2nim, va ser el que els va marcar una clara directriu per a aquesta banda <em>underground<\/em>: treball, milit\u00e0ncia i una manifesta passi\u00f3 pels cl\u00e0ssics.[\/vc_column_text][\/vc_column][\/vc_row][vc_row][vc_column][vc_single_image image=&#8221;191029&#8243; img_size=&#8221;medium&#8221; alignment=&#8221;center&#8221; onclick=&#8221;link_image&#8221; el_class=&#8221;fotounicanoticiavertical&#8221;][\/vc_column][\/vc_row][vc_row][vc_column][vc_column_text css=&#8221;.vc_custom_1648713226468{padding-top: 25px !important;}&#8221;]<\/p>\n<h4>L&#8217;Escorxador<\/h4>\n<p>[\/vc_column_text][\/vc_column][\/vc_row][vc_row][vc_column][vc_column_text css=&#8221;.vc_custom_1648713476382{padding-top: 25px !important;}&#8221;]<\/p>\n<ul>\n<li><strong>Dissabte 2 d&#8217;abril.<\/strong><\/li>\n<\/ul>\n<p><strong>Concert:<\/strong> <em>Morreo<\/em><\/p>\n<p><strong>Entrades:<\/strong> en Instanticket, a la taquilla del Gran Teatre o una hora abans de l&#8217;espectacle a la taquilla de L\u2019Escorxador.<\/p>\n<p><strong>Horari:<\/strong> 21.00 hores<\/p>\n<p><strong>Informaci\u00f3:<\/strong> <em>Morreo<\/em> est\u00e0 compost per dos joves: Germ\u00e1n i Joseca. Dos andalusos establits a Madrid que transmeten el seu amor a trav\u00e9s de les melodies, el <em>pop<\/em> dels seixanta i la psicod\u00e8lia del setanta, que s\u00f3n el seu principal senyal d&#8217;identitat.[\/vc_column_text][\/vc_column][\/vc_row][vc_row][vc_column][vc_single_image image=&#8221;191036&#8243; img_size=&#8221;medium&#8221; alignment=&#8221;center&#8221; onclick=&#8221;link_image&#8221; css=&#8221;.vc_custom_1648713536697{padding-top: 25px !important;}&#8221;][\/vc_column][\/vc_row][vc_row][vc_column][vc_column_text css=&#8221;.vc_custom_1648713606256{padding-top: 25px !important;}&#8221;]<\/p>\n<ul>\n<li><strong>Diumenge 3 d&#8217;abril.<\/strong><\/li>\n<\/ul>\n<p><strong>Taller:<\/strong> <em>La Dama<\/em> per Menuts i menudes artistes.<\/p>\n<p><strong>Inscripci\u00f3:<\/strong> enviant un WhatsApp al 684 082 555.<\/p>\n<p><strong>Horari:<\/strong> d&#8217;11.00 a 13.00 hores.<\/p>\n<p><strong>Informaci\u00f3:<\/strong> Homenatge a la Dama d&#8217;Elx. Es modelar\u00e0 el bust amb argila o es pintar\u00e0 sobre una tauleta. Cada alumne i alumna podr\u00e0 utilitzar qualsevol t\u00e8cnica per a representar-la.[\/vc_column_text][\/vc_column][\/vc_row][vc_row][vc_column][vc_column_text css=&#8221;.vc_custom_1648713670061{padding-top: 25px !important;}&#8221;]<\/p>\n<ul>\n<li><strong>Des del divendres 4 de mar\u00e7 fins al diumenge 3 d&#8217;abril.<\/strong><\/li>\n<\/ul>\n<p><strong>Exposici\u00f3:<\/strong> <em>30 a\u00f1os de trayectoria<\/em> per NSM Teatro<\/p>\n<p><strong>Entrada:<\/strong> lliure<\/p>\n<p><strong>Horari:<\/strong> de dilluns a divendres de 17.00 A 21.00 hores. Dissabte d&#8217;11.00 A 14.00 hores i de 17.00 a 20.00 hores. Diumenge d&#8217;11.00 a 14.00 hores.<\/p>\n<p><strong>Informaci\u00f3:<\/strong> Aquesta companyia teatral il\u00b7licitana celebra els seus 30 anys de traject\u00f2ria. Es podran veure elements escenogr\u00e0fics caracter\u00edstics del grup i del seu estil, juntament amb vestuaris, cartells i fotografies, que li donaran forma a aquest espai on es mostrar\u00e0 un trosset de la seua hist\u00f2ria.[\/vc_column_text][\/vc_column][\/vc_row][vc_row][vc_column][vc_column_text css=&#8221;.vc_custom_1648714069970{padding-top: 25px !important;}&#8221;]<\/p>\n<h4>Les Clarisses<\/h4>\n<p>[\/vc_column_text][\/vc_column][\/vc_row][vc_row][vc_column][vc_column_text css=&#8221;.vc_custom_1648714107051{padding-top: 25px !important;}&#8221;]<\/p>\n<ul>\n<li><strong>Des del 8 de mar\u00e7 fins al 3 d&#8217;abril.<\/strong><\/li>\n<\/ul>\n<p><strong>Exposici\u00f3:<\/strong> <em>Lluvia, sol y arco\u00edris<\/em> per Dol\u00e7a<\/p>\n<p><strong>Horari:<\/strong> de dimarts a divendres de 10.00 a 14.00 hores i de 15.00 a 18.00 hores.<\/p>\n<p><strong>Informaci\u00f3:<\/strong> En aquesta exposici\u00f3 far\u00e0s un recorregut a trav\u00e9s dels mesos de l&#8217;any i dels colors i les emocions que els acompanyen. Tamb\u00e9 et far\u00e9 pensar en perqu\u00e8 penses que est\u00e0s ac\u00ed.[\/vc_column_text][\/vc_column][\/vc_row][vc_row][vc_column][vc_single_image image=&#8221;188782&#8243; img_size=&#8221;medium&#8221; alignment=&#8221;center&#8221; onclick=&#8221;link_image&#8221; el_class=&#8221;fotounicanoticiavertical&#8221; css=&#8221;.vc_custom_1648714195484{padding-top: 25px !important;}&#8221;][\/vc_column][\/vc_row][vc_row][vc_column][vc_column_text css=&#8221;.vc_custom_1648714222847{padding-top: 25px !important;}&#8221;]<\/p>\n<h4>Llotja Medieval<\/h4>\n<p>[\/vc_column_text][\/vc_column][\/vc_row][vc_row][vc_column][vc_column_text css=&#8221;.vc_custom_1648714279809{padding-top: 25px !important;}&#8221;]<\/p>\n<ul>\n<li><strong>Fins al 17 d&#8217;abril.<\/strong><\/li>\n<\/ul>\n<p><strong>Exposici\u00f3 de fotografies:<\/strong> <em>Elx. Mirades Eternes<\/em> per Beatriz Navarro.<\/p>\n<p><strong>Horari:<\/strong> de dimarts a dissabtes de 10.00 a 14.00 hores i de 15.00 a 18.00 hores. Diumenges i festius de 10.00 a 14.00 hores.[\/vc_column_text][\/vc_column][\/vc_row][vc_row][vc_column][vc_column_text css=&#8221;.vc_custom_1648714269164{padding-top: 25px !important;}&#8221;]<\/p>\n<h4>MAHE<\/h4>\n<p>[\/vc_column_text][\/vc_column][\/vc_row][vc_row][vc_column][vc_column_text css=&#8221;.vc_custom_1648714309384{padding-top: 25px !important;}&#8221;]<\/p>\n<ul>\n<li><strong>Dissabtes i diumenges (des d&#8217;octubre fins a juny).<\/strong><\/li>\n<\/ul>\n<p><strong>Visites Guiades<\/strong><\/p>\n<p><strong>Horari:<\/strong> A les 11.30 hores i a les 13.00 hores[\/vc_column_text][\/vc_column][\/vc_row][vc_row][vc_column][vc_column_text css=&#8221;.vc_custom_1648714356942{padding-top: 25px !important;}&#8221;]<\/p>\n<h4>Ordre Tercera<\/h4>\n<p>[\/vc_column_text][\/vc_column][\/vc_row][vc_row][vc_column][vc_column_text]<\/p>\n<ul>\n<li><strong>Del 23 de mar\u00e7 a l&#8217;1 de maig.<\/strong><\/li>\n<\/ul>\n<p><strong>Exposici\u00f3:<\/strong> <em>La Volta al M\u00f3n en 140 Marcap\u00e0gines<\/em>, per Biblioteques Municipals d&#8217;Elx.<\/p>\n<p><strong>Horari:<\/strong> de dimarts a dissabtes de 10.00 a 14.00 hores i de 15.00 a 18.00 hores. Diumenges i festius de 10.00 a 14.00 hores.<\/p>\n<p><strong>Informaci\u00f3:<\/strong> La mostra que es presenta constitueix una selecci\u00f3 de marcap\u00e0gines de la col\u00b7lecci\u00f3 particular de Sergio Esteban. A trav\u00e9s d&#8217;aquests xicotets objectes, es pret\u00e9n fer un volt al m\u00f3n, als cinc continents: als t\u00f2pics o als estereotips dels diferents pa\u00efsos, a la varietat de cultures que representen o a les expressions art\u00edstiques de col\u00b7lectius i de les \u00e8tnies.<\/p>\n<p>Els dies 24 i 31 de mar\u00e7 i 7 d&#8217;abril, a la biblioteca Pedro Ibarra es realitza una visita+taller sobre aquesta exposici\u00f3 per \u201cCon mi Pap\u00e1, con mi Mam\u00e1\u201d, de 17.30 a 19.00 hores.[\/vc_column_text][\/vc_column][\/vc_row][vc_row][vc_column][vc_column_text css=&#8221;.vc_custom_1648714440387{padding-top: 25px !important;}&#8221;]<\/p>\n<h4>Espai Hernandi\u00e0<\/h4>\n<p>[\/vc_column_text][\/vc_column][\/vc_row][vc_row][vc_column][vc_column_text css=&#8221;.vc_custom_1648714573261{padding-top: 25px !important;}&#8221;]<\/p>\n<ul>\n<li><strong>Divendres 1 d&#8217;abril<\/strong><\/li>\n<\/ul>\n<p><strong>Taller:<\/strong> <em>El largo recorrido de las Uvas de la Ira<\/em> per Israel Gil.<\/p>\n<p><strong>Entrades:<\/strong> Lliure.<\/p>\n<p><strong>Horari:<\/strong> 20.00 hores.<\/p>\n<p>[\/vc_column_text][\/vc_column][\/vc_row][vc_row][vc_column][vc_column_text css=&#8221;.vc_custom_1648714604587{padding-top: 25px !important;}&#8221;]<\/p>\n<h4>Soterrani Biblioteca Pedro Ibarra<\/h4>\n<p>[\/vc_column_text][\/vc_column][\/vc_row][vc_row][vc_column][vc_column_text css=&#8221;.vc_custom_1648714643450{padding-top: 25px !important;}&#8221;]<\/p>\n<ul>\n<li><strong>Jueves 31 de mar\u00e7.<\/strong><\/li>\n<\/ul>\n<p><strong>Club de lectura:<\/strong> <em>Bajo el cielo de Tabarca<\/em> per Fini del Amor.<\/p>\n<p><strong>Horari:<\/strong> 17.00 hores.[\/vc_column_text][\/vc_column][\/vc_row]<\/p>\n<\/div>","protected":false},"excerpt":{"rendered":"<p>[vc_row][vc_column][vc_column_text css=&#8221;.vc_custom_1648710971214{padding-top: 25px !important;}&#8221;] El grup Guadalupe Plata actuar\u00e0 dissabte 2 a la sala cultural La Llotja [\/vc_column_text][\/vc_column][\/vc_row][vc_row][vc_column][vc_column_text]El festival Abril en danza, que enguany celebra l&#8217;onzena edici\u00f3 sota el lema [&hellip;]<\/p>\n","protected":false},"author":131,"featured_media":191042,"comment_status":"closed","ping_status":"closed","sticky":false,"template":"","format":"standard","meta":{"footnotes":""},"categories":[193,454,1312,1341,3060],"tags":[],"class_list":["post-191052","post","type-post","status-publish","format-standard","has-post-thumbnail","hentry","category-cultura-va","category-museus","category-noticias-va","category-ocio-y-cultura-va","category-sales-cultura"],"_links":{"self":[{"href":"https:\/\/www.elche.es\/va\/wp-json\/wp\/v2\/posts\/191052","targetHints":{"allow":["GET"]}}],"collection":[{"href":"https:\/\/www.elche.es\/va\/wp-json\/wp\/v2\/posts"}],"about":[{"href":"https:\/\/www.elche.es\/va\/wp-json\/wp\/v2\/types\/post"}],"author":[{"embeddable":true,"href":"https:\/\/www.elche.es\/va\/wp-json\/wp\/v2\/users\/131"}],"replies":[{"embeddable":true,"href":"https:\/\/www.elche.es\/va\/wp-json\/wp\/v2\/comments?post=191052"}],"version-history":[{"count":0,"href":"https:\/\/www.elche.es\/va\/wp-json\/wp\/v2\/posts\/191052\/revisions"}],"wp:featuredmedia":[{"embeddable":true,"href":"https:\/\/www.elche.es\/va\/wp-json\/wp\/v2\/media\/191042"}],"wp:attachment":[{"href":"https:\/\/www.elche.es\/va\/wp-json\/wp\/v2\/media?parent=191052"}],"wp:term":[{"taxonomy":"category","embeddable":true,"href":"https:\/\/www.elche.es\/va\/wp-json\/wp\/v2\/categories?post=191052"},{"taxonomy":"post_tag","embeddable":true,"href":"https:\/\/www.elche.es\/va\/wp-json\/wp\/v2\/tags?post=191052"}],"curies":[{"name":"wp","href":"https:\/\/api.w.org\/{rel}","templated":true}]}}