{"id":191828,"date":"2022-04-04T13:23:49","date_gmt":"2022-04-04T12:23:49","guid":{"rendered":"https:\/\/www.elche.es\/2022\/04\/la-policia-local-dete-una-dona-per-agredir-diverses-persones-i-presentar-resistencia-a-lautoritat\/"},"modified":"2022-04-04T13:23:50","modified_gmt":"2022-04-04T12:23:50","slug":"la-policia-local-dete-una-dona-per-agredir-diverses-persones-i-presentar-resistencia-a-lautoritat","status":"publish","type":"post","link":"https:\/\/www.elche.es\/va\/2022\/04\/la-policia-local-dete-una-dona-per-agredir-diverses-persones-i-presentar-resistencia-a-lautoritat\/","title":{"rendered":"La Policia Local det\u00e9 una dona per agredir diverses persones i presentar resist\u00e8ncia a l&#8217;autoritat"},"content":{"rendered":"<div class=\"wpb-content-wrapper\"><p>[vc_row el_id=&#8221;SUBTITULAR_NOTICIA&#8221;][vc_column][vc_column_text]<\/p>\n<hr \/>\n<h4>L&#8217;arrestada, de 28 anys, que va protagonitzar una acci\u00f3 similar pr\u00e8viament, va colpejar i va escopir tres joves sense dir res i va arribar a mossegar un dels agents<\/h4>\n<hr \/>\n<p>[\/vc_column_text][\/vc_column][\/vc_row][vc_row el_id=&#8221;TEXTO_FIN_NOTICIA&#8221;][vc_column][vc_column_text]<strong>La Policia Local d&#8217;Elx va detindre la matinada del passat 3 d&#8217;abril una dona de 28 anys per agredir a diverses persones<\/strong> i els agents, que van ser alertats per la Sala d&#8217;Operacions (092) del cos de seguretat municipal per a intervindre en una possible baralla al centre de la ciutat.<\/p>\n<p>Quan els policies van arribar al lloc dels fets, van observar una dona que proferia forts crits a tres joves que es trobaven al costat d&#8217;ella, els quals van assenyalar que, sense dir res ni con\u00e9ixer-la, <strong>aquesta es va aproximar a ells, els va agredir i, fins i tot, els va escopir.<\/strong><\/p>\n<p>Un dels agents va tractar, sense \u00e8xit, d\u2019obtindre informaci\u00f3 d\u2019all\u00f2 succe\u00eft per part de la dona, que va comen\u00e7ar a insultar tant els agredits com els policies. Igualment, la presumpta agressora es va negar en reiterades ocasions a identificar-se, va elevar la viol\u00e8ncia verbal i va mostrar intenci\u00f3 de tornar a colpejar els tres homes. <strong>En tractar d&#8217;impedir-ho, els agents van ser el blanc de les seues agressions i van haver de reduir-la<\/strong>. Malgrat aix\u00f2, va persistir en la seua actitud, va llan\u00e7ar puntades i es va resistir a ser introdu\u00efda al cotxe patrulla.<\/p>\n<p>L&#8217;arrestada, durant el seu trasllat al centre sanitari per a la realitzaci\u00f3 d&#8217;un comunicat m\u00e8dic, <strong>va continuar colpejant l&#8217;habitacle del vehicle policial i va ocasionar-li diversos desperfectes<\/strong>. Fins i tot a les instal\u00b7lacions sanit\u00e0ries, va continuar escopint els agents i va arribar a mossegar la m\u00e0 d&#8217;un d&#8217;ells, encara que sense conseq\u00fc\u00e8ncies perqu\u00e8 aquest portava guants antitall.<\/p>\n<p>A penes una hora abans de la intervenci\u00f3, <strong>la mateixa persona havia agredit, d&#8217;igual manera, altres dos joves a la porta d&#8217;un establiment<\/strong> vint-i-quatre hores i va ser identificada aix\u00ed mateix per una patrulla de la Policia Local per a la posterior den\u00fancia per part dels afectats, aix\u00ed com proposada per a sanci\u00f3 per insults als agents.<\/p>\n<hr \/>\n<p>&nbsp;<\/p>\n<p>[\/vc_column_text][\/vc_column][\/vc_row]<\/p>\n<\/div>","protected":false},"excerpt":{"rendered":"<p>[vc_row el_id=&#8221;SUBTITULAR_NOTICIA&#8221;][vc_column][vc_column_text] L&#8217;arrestada, de 28 anys, que va protagonitzar una acci\u00f3 similar pr\u00e8viament, va colpejar i va escopir tres joves sense dir res i va arribar a mossegar un dels [&hellip;]<\/p>\n","protected":false},"author":131,"featured_media":191826,"comment_status":"closed","ping_status":"closed","sticky":false,"template":"","format":"standard","meta":{"footnotes":""},"categories":[2864,238],"tags":[],"class_list":["post-191828","post","type-post","status-publish","format-standard","has-post-thumbnail","hentry","category-breus","category-policia-local-va"],"_links":{"self":[{"href":"https:\/\/www.elche.es\/va\/wp-json\/wp\/v2\/posts\/191828","targetHints":{"allow":["GET"]}}],"collection":[{"href":"https:\/\/www.elche.es\/va\/wp-json\/wp\/v2\/posts"}],"about":[{"href":"https:\/\/www.elche.es\/va\/wp-json\/wp\/v2\/types\/post"}],"author":[{"embeddable":true,"href":"https:\/\/www.elche.es\/va\/wp-json\/wp\/v2\/users\/131"}],"replies":[{"embeddable":true,"href":"https:\/\/www.elche.es\/va\/wp-json\/wp\/v2\/comments?post=191828"}],"version-history":[{"count":0,"href":"https:\/\/www.elche.es\/va\/wp-json\/wp\/v2\/posts\/191828\/revisions"}],"wp:featuredmedia":[{"embeddable":true,"href":"https:\/\/www.elche.es\/va\/wp-json\/wp\/v2\/media\/191826"}],"wp:attachment":[{"href":"https:\/\/www.elche.es\/va\/wp-json\/wp\/v2\/media?parent=191828"}],"wp:term":[{"taxonomy":"category","embeddable":true,"href":"https:\/\/www.elche.es\/va\/wp-json\/wp\/v2\/categories?post=191828"},{"taxonomy":"post_tag","embeddable":true,"href":"https:\/\/www.elche.es\/va\/wp-json\/wp\/v2\/tags?post=191828"}],"curies":[{"name":"wp","href":"https:\/\/api.w.org\/{rel}","templated":true}]}}