{"id":192039,"date":"2022-04-05T13:49:12","date_gmt":"2022-04-05T12:49:12","guid":{"rendered":"https:\/\/www.elche.es\/2022\/04\/neteja-comenca-la-col%c2%b7locacio-de-contenidors-de-recollida-organica-per-a-la-posada-en-marxa-de-la-ruta-de-grans-productors\/"},"modified":"2022-04-05T13:58:53","modified_gmt":"2022-04-05T12:58:53","slug":"neteja-comenca-la-col%c2%b7locacio-de-contenidors-de-recollida-organica-per-a-la-posada-en-marxa-de-la-ruta-de-grans-productors","status":"publish","type":"post","link":"https:\/\/www.elche.es\/va\/2022\/04\/neteja-comenca-la-col%c2%b7locacio-de-contenidors-de-recollida-organica-per-a-la-posada-en-marxa-de-la-ruta-de-grans-productors\/","title":{"rendered":"Neteja comen\u00e7a la col\u00b7locaci\u00f3 de contenidors de recollida org\u00e0nica per a la posada en marxa de la ruta de grans productors"},"content":{"rendered":"<div class=\"wpb-content-wrapper\"><p>[vc_row el_id=&#8221;SUBTITULAR_NOTICIA&#8221;][vc_column][vc_column_text]<\/p>\n<hr \/>\n<h4>L&#8217;edil de l&#8217;\u00e0rea, H\u00e9ctor D\u00edez, explica que donar\u00e0 servei als col\u00b7legis d&#8217;Elx, als mercats de prove\u00efments, a restaurants, a instal\u00b7lacions esportives amb cantina, a hospitals, a resid\u00e8ncies de majors i a l&#8217;aeroport d&#8217;Elx<\/h4>\n<hr \/>\n<p>[\/vc_column_text][\/vc_column][\/vc_row][vc_row el_id=&#8221;TEXTO_NOTICIA&#8221;][vc_column][vc_column_text]\u201cL&#8217;Ajuntament d&#8217;Elx segueix endavant amb la implantaci\u00f3 del nou servei de neteja complint els terminis previstos malgrat el complicat moment en el qual ens trobem per la crisi geopol\u00edtica internacional\u201d. Aix\u00ed ho ha assenyalat <strong>l&#8217;edil de Neteja, H\u00e9ctor D\u00edez, que, juntament amb el gerent de l\u2019UTE Elx, Alberto Bleda<\/strong>, ha anunciat la posada en marxa de la ruta de grans productors per al contenidor org\u00e0nic quan falta prop d&#8217;un mes perqu\u00e8 es complisca el primer any de funcionament de la nova contracta.<\/p>\n<p>\u201cUna de les novetats m\u00e9s importants del nou servei de neteja \u00e9s la recollida selectiva de la fracci\u00f3 org\u00e0nica, \u00e9s a dir, la implantaci\u00f3 de l&#8217;anomenat cinqu\u00e9 contenidor\u201d, ha indicat <strong>D\u00edez, que ha recordat que en aquest primer any de contracte es tenia previst posar en marxa dues l\u00ednies: una ruta pilot al barri del Pla, que porta funcionant un mes<\/strong>, i la ruta dels grans productors, els contenidors de la qual ja han comen\u00e7at a col\u00b7locar-se i que entrar\u00e0 en funcionament el 26 d&#8217;abril.[\/vc_column_text][\/vc_column][\/vc_row][vc_row type=&#8221;flexslider_slide&#8221; interval=&#8221;5&#8243; source=&#8221;media_library&#8221; images=&#8221;&#8221; img_size=&#8221;full&#8221; external_img_size=&#8221;&#8221; onclick=&#8221;link_image&#8221; custom_links_target=&#8221;_self&#8221; el_class=&#8221;galerianoticia&#8221; title=&#8221;&#8221; custom_srcs=&#8221;&#8221; custom_links=&#8221;&#8221;][vc_column][vc_gallery type=&#8221;flexslider_slide&#8221; interval=&#8221;5&#8243; images=&#8221;192019,192021&#8243; img_size=&#8221;full&#8221; el_class=&#8221;galerianoticia&#8221;][\/vc_column][\/vc_row][vc_row][vc_column][vc_column_text]Aquesta ruta de grans productors pret\u00e9n donar servei als col\u00b7legis d&#8217;Elx, als mercats de prove\u00efments, a restaurants, a instal\u00b7lacions esportives amb cantina, a hospitals, a resid\u00e8ncies de majors i a l&#8217;aeroport d&#8217;Elx.<\/p>\n<p><strong>\u201cComptar\u00e0 amb un centenar de contenidors per a donar servei a unes 70 entitats i el servei es prestar\u00e0 a trav\u00e9s de contenidors de 2.000 litres\u201d<\/strong>, ha indicat el regidor, que ha aclarit que \u201caquests contenidors s\u00f3n d&#8217;\u00fas exclusiu per a cadascuna de les entitats amb les quals hem concertat el servei\u201d.<\/p>\n<p>Aquests contenidors <strong>tindran un adhesiu que especifica a qui correspon el seu \u00fas i a aquests, com que s\u00f3n d&#8217;\u00fas exclusiu<\/strong>, s&#8217;haur\u00e0 d&#8217;accedir a trav\u00e9s d&#8217;una clau que s&#8217;entregar\u00e0 als participants en aquesta ruta de recollida org\u00e0nica.[\/vc_column_text][\/vc_column][\/vc_row][vc_row el_id=&#8221;DESTACADO_NOTICIA&#8221;][vc_column][vc_column_text el_class=&#8221;cuadronoticia&#8221;]<\/p>\n<h5>El servei entra en funcionament el 26 d&#8217;abril i compta amb un centenar de contenidors per a unes 70 entitats mitjan\u00e7ant contenidors de 2.000 litres<\/h5>\n<p>[\/vc_column_text][\/vc_column][\/vc_row][vc_row el_id=&#8221;TEXTO_FIN_NOTICIA&#8221;][vc_column][vc_column_text]La ruta funcionar\u00e0 de dilluns a diumenge, el servei ser\u00e0 nocturn i <strong>la recollida es realitzar\u00e0 mitjan\u00e7ant un cami\u00f3 de c\u00e0rrega lateral de 25 metres c\u00fabics propulsat per gas natural<\/strong> (l&#8217;energia neta s&#8217;ha concertat amb l&#8217;UTE Elx per a tots els vehicles de gran tonatge).<\/p>\n<p>\u201cAmb aquesta ruta fem un pas m\u00e9s en la implantaci\u00f3 de <strong>la fracci\u00f3 org\u00e0nica a Elx i estem conven\u00e7uts que ser\u00e0 molt profitosa i que aportar\u00e0 gran quantitat de residu en origen per a poder portar-lo a la planta<\/strong> i ser compostat\u201d.<\/p>\n<h5>Un notable alt per als ve\u00efns de la ruta pilot del Pla<\/h5>\n<p>H\u00e9ctor D\u00edez ha fet balan\u00e7 del funcionament de la ruta pilot de recollida d&#8217;org\u00e0nic al Pla. El regidor ha recordat que tots els ve\u00efns del barri van rebre una carta de l&#8217;alcalde que informava de la posada en marxa de la campanya i l&#8217;1 de mar\u00e7 es va posar en marxa el servei. Despr\u00e9s d&#8217;aquest primer mes s&#8217;han recollit entorn de 50 tones de residus org\u00e0nics. <strong>\u201cAix\u00f2 posa de manifest que hi ha hagut un gran inter\u00e9s per part dels ve\u00efns i les ve\u00efnes i que hi ha consci\u00e8ncia al barri respecte a la recollida selectiva\u201d<\/strong>, ha assenyalat el responsable de Neteja.<\/p>\n<p>Durant aquest temps <strong>la mitjana di\u00e0ria ha sigut de 1.500 quilos<\/strong>, el dia de m\u00e9s recollida va ser de dues tones i els divendres \u00e9s el dia que m\u00e9s es recull.<\/p>\n<p>\u201cEls ve\u00efns i les ve\u00efnes del Pla han dut a terme aquesta recollida selectiva amb una <strong>nota de notable alt tenint en compte que el percentatge de residus impropis dins del contenidor marr\u00f3 ha estat per davall del 17%<\/strong>, quan la mitjana est\u00e0 entorn del 25%\u201d.<\/p>\n<h5>Pr\u00f2ximes actuacions<\/h5>\n<p>D\u00edez ha dit que les previsions per al segon any de la posada en marxa de la nova contracta s&#8217;implementaran les noves rutes de l&#8217;org\u00e0nic despr\u00e9s de les vacances estivals. En aquest cas, <strong>es tornaran a fer campanyes informatives als barris per a informar la ciutadania a Carr\u00fas Oest, a la zona del Pont Nou- Poeta Miguel Hern\u00e1ndez i a les pedanies<\/strong>, en aquest cas als nuclis urbans de l&#8217;Altet i de Torrellano.<\/p>\n<p>[\/vc_column_text][\/vc_column][\/vc_row][vc_row][vc_column width=&#8221;1\/6&#8243;][\/vc_column][vc_column width=&#8221;2\/3&#8243;]<audio class=\"sc_audio\" src=\"https:\/\/soundcloud.com\/ayuntamiento-de-elche\/presentacion-del-contenedor-organico-de-grandes-consumidores?utm_source=clipboard&#038;utm_medium=text&#038;utm_campaign=social_sharing\" width=\"\" height=\"\"><\/audio>[\/vc_column][vc_column width=&#8221;1\/6&#8243;][\/vc_column][\/vc_row]<\/p>\n<\/div>","protected":false},"excerpt":{"rendered":"<p>[vc_row el_id=&#8221;SUBTITULAR_NOTICIA&#8221;][vc_column][vc_column_text] L&#8217;edil de l&#8217;\u00e0rea, H\u00e9ctor D\u00edez, explica que donar\u00e0 servei als col\u00b7legis d&#8217;Elx, als mercats de prove\u00efments, a restaurants, a instal\u00b7lacions esportives amb cantina, a hospitals, a resid\u00e8ncies de [&hellip;]<\/p>\n","protected":false},"author":131,"featured_media":191934,"comment_status":"closed","ping_status":"closed","sticky":false,"template":"","format":"standard","meta":{"footnotes":""},"categories":[391,2783,1312],"tags":[],"class_list":["post-192039","post","type-post","status-publish","format-standard","has-post-thumbnail","hentry","category-home-va","category-limpieza-va","category-noticias-va"],"_links":{"self":[{"href":"https:\/\/www.elche.es\/va\/wp-json\/wp\/v2\/posts\/192039","targetHints":{"allow":["GET"]}}],"collection":[{"href":"https:\/\/www.elche.es\/va\/wp-json\/wp\/v2\/posts"}],"about":[{"href":"https:\/\/www.elche.es\/va\/wp-json\/wp\/v2\/types\/post"}],"author":[{"embeddable":true,"href":"https:\/\/www.elche.es\/va\/wp-json\/wp\/v2\/users\/131"}],"replies":[{"embeddable":true,"href":"https:\/\/www.elche.es\/va\/wp-json\/wp\/v2\/comments?post=192039"}],"version-history":[{"count":0,"href":"https:\/\/www.elche.es\/va\/wp-json\/wp\/v2\/posts\/192039\/revisions"}],"wp:featuredmedia":[{"embeddable":true,"href":"https:\/\/www.elche.es\/va\/wp-json\/wp\/v2\/media\/191934"}],"wp:attachment":[{"href":"https:\/\/www.elche.es\/va\/wp-json\/wp\/v2\/media?parent=192039"}],"wp:term":[{"taxonomy":"category","embeddable":true,"href":"https:\/\/www.elche.es\/va\/wp-json\/wp\/v2\/categories?post=192039"},{"taxonomy":"post_tag","embeddable":true,"href":"https:\/\/www.elche.es\/va\/wp-json\/wp\/v2\/tags?post=192039"}],"curies":[{"name":"wp","href":"https:\/\/api.w.org\/{rel}","templated":true}]}}