{"id":192049,"date":"2022-04-05T14:16:30","date_gmt":"2022-04-05T13:16:30","guid":{"rendered":"https:\/\/www.elche.es\/2022\/04\/lajuntament-delx-i-la-junta-major-de-confraries-i-germandats-distribueixen-aquest-any-28-000-exemplars-del-programa-de-setmana-santa-3-000-mes-que-en-anys-anteriors\/"},"modified":"2022-04-05T14:23:46","modified_gmt":"2022-04-05T13:23:46","slug":"lajuntament-delx-i-la-junta-major-de-confraries-i-germandats-distribueixen-aquest-any-28-000-exemplars-del-programa-de-setmana-santa-3-000-mes-que-en-anys-anteriors","status":"publish","type":"post","link":"https:\/\/www.elche.es\/va\/2022\/04\/lajuntament-delx-i-la-junta-major-de-confraries-i-germandats-distribueixen-aquest-any-28-000-exemplars-del-programa-de-setmana-santa-3-000-mes-que-en-anys-anteriors\/","title":{"rendered":"L&#8217;Ajuntament d&#8217;Elx i la Junta Major de Confraries i Germandats distribueixen aquest any 28.000 exemplars del programa de Setmana Santa, 3.000 m\u00e9s que en anys anteriors"},"content":{"rendered":"<div class=\"wpb-content-wrapper\"><p>[vc_row el_id=&#8221;SUBTITULAR_NOTICIA&#8221;][vc_column][vc_column_text]<\/p>\n<hr \/>\n<h4>La regidora de Festes, Mariola Galiana, informa que la programaci\u00f3 es podr\u00e0 arreplegar a la tradicional caseta on tamb\u00e9 tindr\u00e0 lloc la venda de localitats partir del dimecres, 6 d\u2019abril, a la Pla\u00e7a de Baix<\/h4>\n<hr \/>\n<p>[\/vc_column_text][\/vc_column][\/vc_row][vc_row type=&#8221;square&#8221; style_color=&#8221;original&#8221; style=&#8221;filled&#8221; size=&#8221;large&#8221; icon=&#8221;inherit&#8221; color=&#8221;&#8221; bg_color=&#8221;&#8221; align=&#8221;center&#8221; link=&#8221;&#8221; target=&#8221;_blank&#8221; popup=&#8221;&#8221; rel=&#8221;&#8221; id=&#8221;&#8221; class=&#8221;btndentronoticia&#8221; animation=&#8221;none&#8221; width=&#8221;&#8221; height=&#8221;&#8221; top=&#8221;small&#8221; bottom=&#8221;small&#8221; left=&#8221;huge&#8221; right=&#8221;huge&#8221;][vc_column]<a href=\"https:\/\/www.elche.es\/wp-content\/uploads\/2022\/03\/PROGRAMA-SEMANA-SANTA-2022.pdf\" target=\"_blank\" class=\"sc_button sc_button_square sc_button_style_filled style_original sc_button_size_large aligncenter btndentronoticia margin_top_small margin_right_huge margin_bottom_small margin_left_huge\">Consulte ac\u00ed la programaci\u00f3<\/a>[\/vc_column][\/vc_row][vc_row el_id=&#8221;TEXTO_NOTICIA&#8221;][vc_column][vc_column_text]Elx t\u00e9 preparat ja el programa de la Setmana Santa 2022 despr\u00e9s de dos anys en qu\u00e8 la pand\u00e8mia ha impedit que els passos isquen pels carrers de la ciutat. Enguany arriba amb algunes <strong>novetats com el canvi del recorregut d&#8217;una desena de processons per a evitar aglomeracions.<\/strong> Aix\u00ed ho ha destacat la regidora de Festes, Mariola Galiana, acompanyada del president de la Junta Major de Confraries i Germandats, Joaqu\u00edn Mart\u00ednez.<\/p>\n<p>L&#8217;edil ha assenyalat que per a no perdre&#8217;s cap detall de la Setmana Santa <strong>s&#8217;han editat 28.000 exemplars del programa, 3.000 m\u00e9s que en anys anteriors<\/strong>, que seran distribu\u00efts a partir de dem\u00e0. \u201cUna guia de butxaca que recull en 15 p\u00e0gines els itineraris de les 31 processons que tindran lloc a la ciutat, des del Diumenge de Rams fins al d\u2019Al\u00b7leluies\u201d, ha indicat.[\/vc_column_text][\/vc_column][\/vc_row][vc_row el_id=&#8221;DESTACADO_NOTICIA&#8221;][vc_column][vc_column_text el_class=&#8221;cuadronoticia&#8221;]<\/p>\n<h5>El president de la Junta Major anuncia que els seients tindran un preu de 5 euros en les processons del Diumenge de Rams al Dijous Sant i de 7 euros en les del Divendres Sant<\/h5>\n<p>[\/vc_column_text][\/vc_column][\/vc_row][vc_row][vc_column][vc_column_text]Galiana ha informat que la programaci\u00f3 de Setmana Santa es podr\u00e0 arreplegar a <strong>l&#8217;Oficina de Turisme, a la Regidoria de Festes o a la tradicional caseta<\/strong> on tamb\u00e9 tindr\u00e0 lloc la venda de seients a partir de dimecres, 6 d\u2019abril, a la Pla\u00e7a de Baix i <strong>estar\u00e0 fins al Divendres Sant de 10.00 a 13.30 hores i de 17.00 a 20.00 hores.<\/strong><\/p>\n<p>La regidora ha anunciat que <strong>s&#8217;han modificat els recorreguts de les processons que ixen de la parr\u00f2quia d\u2019El Salvador i per aix\u00f2 s&#8217;ha habilitat el pas pel carrer Sant Miquel<\/strong>, mentre que per a les confraries que ixen de la parr\u00f2quia de Sant Joan s&#8217;ha habilitat el pas pels carrers Juan Ram\u00f3n Jim\u00e9nez i Alfons XII.<\/p>\n<p>\u201cEl motiu d&#8217;aquestes modificacions ve donat per la necessitat d&#8217;evitar els carrers m\u00e9s estrets del centre de la ciutat, <strong>amb la finalitat d&#8217;adaptar-nos a les indicacions i recomanacions de les autoritats sanit\u00e0ries<\/strong>\u201d, ha subratllat Mariola Galiana, que ha puntualitzat que s&#8217;implementar\u00e0 un protocol en el qual es recullen, entre altres mesures, l&#8217;obligatorietat de l&#8217;\u00fas de la m\u00e0scara dels portants amb la finalitat de desenvolupar les processons en les millors condicions de seguretat tant per al p\u00fablic com per als participants.[\/vc_column_text][\/vc_column][\/vc_row][vc_row][vc_column][vc_column_text el_class=&#8221;cuadronoticia&#8221;]<\/p>\n<h5>El president de la Junta Major anuncia que els seients tindran un preu de 5 euros en les processons del Diumenge de Rams al Dijous Sant i de 7 euros en les del Divendres Sant<\/h5>\n<p>[\/vc_column_text][\/vc_column][\/vc_row][vc_row el_id=&#8221;TEXTO_FIN_NOTICIA&#8221;][vc_column][vc_column_text]Una altra de les novetats enguany \u00e9s que la Germandat de la Santa Cena substituir\u00e0 la seua <strong>process\u00f3 per un acte penitenciari a l&#8217;interior de la parr\u00f2quia de Sant Joan<\/strong>.<\/p>\n<p>A m\u00e9s, <strong>hi haur\u00e0 quatre carrers que estaran tallats durant la celebraci\u00f3 de les processons<\/strong>. Aquests carrers s\u00f3n Desemparats, en el tram d&#8217;entrada a Pla\u00e7a de Baix; Fira, des de la cantonada amb Bisbe Tormo, fins a la porta principal de Santa Maria; Pintor Murillo, des de Major del Pla fins a Mestre Serrano; i Major de la Vila, en el recorregut de la process\u00f3 general del Divendres Sant.<\/p>\n<p>Galiana ha reconegut \u201cel gran esfor\u00e7 de coordinaci\u00f3 realitzat entre l&#8217;Ajuntament d&#8217;Elx i la Junta Major de Confraries <strong>per a realitzar aquestes modificacions tan necess\u00e0ries per a poder dur a terme les processons en les millors condicions possibles<\/strong>\u201d.<\/p>\n<p>Per part seua, Mart\u00ednez ha agra\u00eft l&#8217;enorme treball addicional realitzat per la Regidoria de Festes a causa dels canvis produ\u00efts enguany. Quant als preus de les cadires, el president de la Junta Major ha anunciat que <strong>els seients tindran un preu de 5 euros en les processons del Diumenge de Rams al Dijous Sant i de 7 euros en les del Divendres Sant<\/strong>.<\/p>\n<hr \/>\n<p>&nbsp;<\/p>\n<p>[\/vc_column_text][\/vc_column][\/vc_row][vc_row][vc_column width=&#8221;1\/6&#8243;][\/vc_column][vc_column width=&#8221;2\/3&#8243;]<audio class=\"sc_audio\" src=\"https:\/\/soundcloud.com\/ayuntamiento-de-elche\/presentacion-de-la-programacion-de-semana-santa?utm_source=clipboard&#038;utm_medium=text&#038;utm_campaign=social_sharing\" width=\"\" height=\"\"><\/audio>[\/vc_column][vc_column width=&#8221;1\/6&#8243;][\/vc_column][\/vc_row]<\/p>\n<\/div>","protected":false},"excerpt":{"rendered":"<p>[vc_row el_id=&#8221;SUBTITULAR_NOTICIA&#8221;][vc_column][vc_column_text] La regidora de Festes, Mariola Galiana, informa que la programaci\u00f3 es podr\u00e0 arreplegar a la tradicional caseta on tamb\u00e9 tindr\u00e0 lloc la venda de localitats partir del dimecres, [&hellip;]<\/p>\n","protected":false},"author":131,"featured_media":191949,"comment_status":"closed","ping_status":"closed","sticky":false,"template":"","format":"standard","meta":{"footnotes":""},"categories":[191,391,1312],"tags":[],"class_list":["post-192049","post","type-post","status-publish","format-standard","has-post-thumbnail","hentry","category-festes-va","category-home-va","category-noticias-va"],"_links":{"self":[{"href":"https:\/\/www.elche.es\/va\/wp-json\/wp\/v2\/posts\/192049","targetHints":{"allow":["GET"]}}],"collection":[{"href":"https:\/\/www.elche.es\/va\/wp-json\/wp\/v2\/posts"}],"about":[{"href":"https:\/\/www.elche.es\/va\/wp-json\/wp\/v2\/types\/post"}],"author":[{"embeddable":true,"href":"https:\/\/www.elche.es\/va\/wp-json\/wp\/v2\/users\/131"}],"replies":[{"embeddable":true,"href":"https:\/\/www.elche.es\/va\/wp-json\/wp\/v2\/comments?post=192049"}],"version-history":[{"count":0,"href":"https:\/\/www.elche.es\/va\/wp-json\/wp\/v2\/posts\/192049\/revisions"}],"wp:featuredmedia":[{"embeddable":true,"href":"https:\/\/www.elche.es\/va\/wp-json\/wp\/v2\/media\/191949"}],"wp:attachment":[{"href":"https:\/\/www.elche.es\/va\/wp-json\/wp\/v2\/media?parent=192049"}],"wp:term":[{"taxonomy":"category","embeddable":true,"href":"https:\/\/www.elche.es\/va\/wp-json\/wp\/v2\/categories?post=192049"},{"taxonomy":"post_tag","embeddable":true,"href":"https:\/\/www.elche.es\/va\/wp-json\/wp\/v2\/tags?post=192049"}],"curies":[{"name":"wp","href":"https:\/\/api.w.org\/{rel}","templated":true}]}}