{"id":193283,"date":"2022-04-12T14:50:03","date_gmt":"2022-04-12T13:50:03","guid":{"rendered":"https:\/\/www.elche.es\/2022\/04\/lequip-de-govern-aconsegueix-un-principi-dacord-amb-els-agents-socials-per-a-concretar-el-pla-de-resposta-a-la-crisi-ducraina-dotat-amb-7-milions\/"},"modified":"2022-04-12T14:50:04","modified_gmt":"2022-04-12T13:50:04","slug":"lequip-de-govern-aconsegueix-un-principi-dacord-amb-els-agents-socials-per-a-concretar-el-pla-de-resposta-a-la-crisi-ducraina-dotat-amb-7-milions","status":"publish","type":"post","link":"https:\/\/www.elche.es\/va\/2022\/04\/lequip-de-govern-aconsegueix-un-principi-dacord-amb-els-agents-socials-per-a-concretar-el-pla-de-resposta-a-la-crisi-ducraina-dotat-amb-7-milions\/","title":{"rendered":"L&#8217;Equip de Govern aconsegueix un principi d&#8217;acord amb els agents socials per a concretar el pla de resposta a la crisi d&#8217;Ucra\u00efna dotat amb 7 milions"},"content":{"rendered":"<div class=\"wpb-content-wrapper\"><p>[vc_row el_id=&#8221;SUBTITULAR_NOTICIA&#8221;][vc_column][vc_column_text]<\/p>\n<hr \/>\n<h4>Carlos Gonz\u00e1lez recorda que l&#8217;objectiu \u00e9s \u201cajudar a pal\u00b7liar, des de l\u2019\u00e0mbit local, les conseq\u00fc\u00e8ncies econ\u00f2miques que la guerra est\u00e0 tenint en el nostre teixit econ\u00f2mic i en les fam\u00edlies de la nostra ciutat\u201d<\/h4>\n<hr \/>\n<p>[\/vc_column_text][\/vc_column][\/vc_row][vc_row el_id=&#8221;TEXTO_NOTICIA&#8221;][vc_column][vc_column_text]L&#8217;alcalde d&#8217;Elx, Carlos Gonz\u00e1lez, i els edils de Gesti\u00f3 Tribut\u00e0ria, Patricia Maci\u00e0; de Comer\u00e7, Felip S\u00e0nchez i de Promoci\u00f3 Econ\u00f2mica, Carles Molina, s&#8217;han reunit <strong>amb els agents socials de la ciutat per a presentar les l\u00ednies b\u00e0siques del \u2018Pla de resposta davant les conseq\u00fc\u00e8ncies de la crisi per la guerra d&#8217;Ucra\u00efna<\/strong>\u2019 i per a rebre aportacions a aquest.<\/p>\n<p>\u201cHem convocat els agents socials a aquesta reuni\u00f3 amb l&#8217;objectiu de tancar un acord per a la resposta a les conseq\u00fc\u00e8ncies econ\u00f2miques i socials que est\u00e0 causant a Elx la guerra a Ucra\u00efna\u201d, ha explicat l&#8217;alcalde, que ha informat que \u201c<strong>des de l&#8217;Equip de Govern hem decidit destinar m\u00e9s de 7 milions d&#8217;euros per a ajudar les petites empreses, els aut\u00f2noms i les fam\u00edlies m\u00e9s vulnerables a fer front a la pujada dels preus<\/strong> a conseq\u00fc\u00e8ncia de la crisi energ\u00e8tica\u201d.[\/vc_column_text][\/vc_column][\/vc_row][vc_row el_id=&#8221;DESTACADO_NOTICIA&#8221;][vc_column][vc_column_text el_class=&#8221;cuadronoticia&#8221;]<\/p>\n<h5>Inicialment es destinaran set milions d&#8217;euros en dues l\u00ednies: suport social a les persones i les fam\u00edlies i una segona per a la reactivaci\u00f3 econ\u00f2mica i l&#8217;ocupaci\u00f3<\/h5>\n<p>[\/vc_column_text][\/vc_column][\/vc_row][vc_row][vc_column][vc_column_text]En la reuni\u00f3 han sigut presents representants dels sindicats <strong>UGT i CCOO, del Cercle Empresarial d&#8217;Elx i Comarca (Cedelco), de l&#8217;Associaci\u00f3 d&#8217;Empreses de Serveis (Aesec) i les dues plataformes d&#8217;hostaleria<\/strong> que hi ha a Elx.<\/p>\n<p>Tal com va anunciar recentment l&#8217;alcalde, aquest pla es dotar\u00e0 inicialment de set milions d&#8217;euros que estaran destinats fonamentalment a les fam\u00edlies i a les empreses, especialment als aut\u00f2noms i a les micropimes. L&#8217;objectiu de l&#8217;Equip de Govern \u00e9s <strong>donar resposta a trav\u00e9s de recursos municipals a l&#8217;escalada en els costos energ\u00e8tics i el que aix\u00f2 est\u00e0 suposant per a les fam\u00edlies i per a les petites i les mitjanes empreses<\/strong>.<\/p>\n<p>L&#8217;Equip de Govern mobilitzar\u00e0 inicialment set milions d&#8217;euros entorn de quatre eixos de treball. <strong>El primer d&#8217;ells ser\u00e0 impulsar bons per a compensar l&#8217;increment dels costos energ\u00e8tics de les fam\u00edlies<\/strong>. Una altra l\u00ednia estar\u00e0 dirigida a la reactivaci\u00f3 econ\u00f2mica del sector comercial. Una tercera l\u00ednia ser\u00e0 d&#8217;ajudes socials a fam\u00edlies, que refor\u00e7aran les ajudes d&#8217;emerg\u00e8ncia social que ja han crescut en el pressupost d&#8217;enguany i incrementaran la partida destinada a les ajudes a l&#8217;IBI perqu\u00e8 aquestes arriben a un major nombre de fam\u00edlies.[\/vc_column_text][\/vc_column][\/vc_row][vc_row][vc_column][vc_column_text el_class=&#8221;cuadronoticia&#8221;]<\/p>\n<h5>L&#8217;alcalde i membres de l&#8217;Equip de Govern avancen en l&#8217;esborrany de mesures amb representants dels sindicats UGT i CCOO, del Cercle Empresarial d&#8217;Elx i Comarca (Cedelco), de l&#8217;Associaci\u00f3 d&#8217;Empreses de Serveis (Aesec) i de les dues plataformes d&#8217;hostaleria<\/h5>\n<p>[\/vc_column_text][\/vc_column][\/vc_row][vc_row el_id=&#8221;TEXTO_FIN_NOTICIA&#8221;][vc_column][vc_column_text]El quart eix de treball se centrar\u00e0 en implementar una l\u00ednia de subvencions per a <strong>esmortir l&#8217;increment dels costos energ\u00e8tics en els aut\u00f2noms, les micropimes i les pimes<\/strong>.<\/p>\n<p><strong>L&#8217;objectiu final \u00e9s donar una resposta des de l\u2019\u00e0mbit local a les conseq\u00fc\u00e8ncies econ\u00f2miques<\/strong> que la guerra est\u00e0 tenint en el nostre teixit econ\u00f2mic i en les fam\u00edlies de la nostra ciutat.<\/p>\n<p>Les ajudes es destinaran a dues l\u00ednies d&#8217;actuaci\u00f3. En primer lloc, a les mesures per a la reactivaci\u00f3 econ\u00f2mica i l&#8217;ocupaci\u00f3. <strong>Es destinar\u00e0 un mili\u00f3 d&#8217;euros en \u2018Bons d&#8217;energia empreses\u2019, \u00e9s a dir, en ajudes a aut\u00f2noms i a micropimes per a pal\u00b7liar l&#8217;efecte dels costos energ\u00e8tics<\/strong>.<\/p>\n<p>En segon lloc, <strong>es destinar\u00e0 un altre mili\u00f3 d&#8217;euros a \u2018Bons Comer\u00e7\u2019 bons de reactivaci\u00f3 i impuls<\/strong> de l&#8217;activitat comercial.<\/p>\n<p>Tamb\u00e9 es preveu destinar <strong>550.000 euros al \u2018Bo bici-patinet\u2019<\/strong>, bons per a l&#8217;adquisici\u00f3 de vehicles de mobilitat personal.<\/p>\n<p>I a m\u00e9s d\u2019aix\u00f2, es destinen <strong>800.000 euros per a l&#8217;exempci\u00f3 fiscal de la taxa de taules i cadires durant tot l&#8217;any 2022<\/strong>.<\/p>\n<p>Quant a les mesures de suport social a les persones i a les fam\u00edlies, l&#8217;esborrany presentat per l&#8217;Equip de Govern preveu una <strong>inversi\u00f3 de 1,2 milions d&#8217;euros destinats a ajudes a les fam\u00edlies per a pal\u00b7liar l&#8217;increment dels costos energ\u00e8tics, el \u2018Bo energia fam\u00edlies\u2019<\/strong>.<\/p>\n<p><strong>Es destinen 1,6 milions d&#8217;euros a les ajudes a les fam\u00edlies per al pagament del seu habitatge<\/strong>, \u00e9s a dir, per a l&#8217;Impost de B\u00e9ns Immobles.<\/p>\n<p>La tercera l\u00ednia d&#8217;ajudes \u00e9s el <strong>\u2018\u2019Bo electrodom\u00e8stics eficients\u2019, 1,3 milions d&#8217;euros<\/strong> per a ajudes a la millora de l&#8217;efici\u00e8ncia energ\u00e8tica a la llar.<\/p>\n<p>Finalment, l&#8217;esborrany planteja dedicar <strong>300.000 euros en ajudes socials<\/strong> per a facilitar el lloguer d&#8217;habitatges.<\/p>\n<hr \/>\n<p>&nbsp;<\/p>\n<p>[\/vc_column_text][\/vc_column][\/vc_row][vc_row][vc_column width=&#8221;1\/6&#8243;][\/vc_column][vc_column width=&#8221;2\/3&#8243;]<audio class=\"sc_audio\" src=\"\" width=\"\" height=\"\"><\/audio>[\/vc_column][vc_column width=&#8221;1\/6&#8243;][\/vc_column][\/vc_row]<\/p>\n<\/div>","protected":false},"excerpt":{"rendered":"<p>[vc_row el_id=&#8221;SUBTITULAR_NOTICIA&#8221;][vc_column][vc_column_text] Carlos Gonz\u00e1lez recorda que l&#8217;objectiu \u00e9s \u201cajudar a pal\u00b7liar, des de l\u2019\u00e0mbit local, les conseq\u00fc\u00e8ncies econ\u00f2miques que la guerra est\u00e0 tenint en el nostre teixit econ\u00f2mic i en [&hellip;]<\/p>\n","protected":false},"author":131,"featured_media":193275,"comment_status":"closed","ping_status":"closed","sticky":false,"template":"","format":"standard","meta":{"footnotes":""},"categories":[2636,488,391,1312,183],"tags":[],"class_list":["post-193283","post","type-post","status-publish","format-standard","has-post-thumbnail","hentry","category-comerc-va","category-hisenda","category-home-va","category-noticias-va","category-pomocio-economica"],"_links":{"self":[{"href":"https:\/\/www.elche.es\/va\/wp-json\/wp\/v2\/posts\/193283","targetHints":{"allow":["GET"]}}],"collection":[{"href":"https:\/\/www.elche.es\/va\/wp-json\/wp\/v2\/posts"}],"about":[{"href":"https:\/\/www.elche.es\/va\/wp-json\/wp\/v2\/types\/post"}],"author":[{"embeddable":true,"href":"https:\/\/www.elche.es\/va\/wp-json\/wp\/v2\/users\/131"}],"replies":[{"embeddable":true,"href":"https:\/\/www.elche.es\/va\/wp-json\/wp\/v2\/comments?post=193283"}],"version-history":[{"count":0,"href":"https:\/\/www.elche.es\/va\/wp-json\/wp\/v2\/posts\/193283\/revisions"}],"wp:featuredmedia":[{"embeddable":true,"href":"https:\/\/www.elche.es\/va\/wp-json\/wp\/v2\/media\/193275"}],"wp:attachment":[{"href":"https:\/\/www.elche.es\/va\/wp-json\/wp\/v2\/media?parent=193283"}],"wp:term":[{"taxonomy":"category","embeddable":true,"href":"https:\/\/www.elche.es\/va\/wp-json\/wp\/v2\/categories?post=193283"},{"taxonomy":"post_tag","embeddable":true,"href":"https:\/\/www.elche.es\/va\/wp-json\/wp\/v2\/tags?post=193283"}],"curies":[{"name":"wp","href":"https:\/\/api.w.org\/{rel}","templated":true}]}}