{"id":193317,"date":"2022-04-13T11:44:57","date_gmt":"2022-04-13T10:44:57","guid":{"rendered":"https:\/\/www.elche.es\/2022\/04\/pan-de-limon-con-semillas-de-amapola-es-projecta-aquesta-setmana-als-cinemes-odeon\/"},"modified":"2022-04-13T11:44:58","modified_gmt":"2022-04-13T10:44:58","slug":"pan-de-limon-con-semillas-de-amapola-es-projecta-aquesta-setmana-als-cinemes-odeon","status":"publish","type":"post","link":"https:\/\/www.elche.es\/va\/2022\/04\/pan-de-limon-con-semillas-de-amapola-es-projecta-aquesta-setmana-als-cinemes-odeon\/","title":{"rendered":"Pan de lim\u00f3n con semillas de amapola es projecta aquesta setmana als Cinemes Odeon"},"content":{"rendered":"<div class=\"wpb-content-wrapper\"><p>[vc_row][vc_column][vc_column_text]La pel\u00b7l\u00edcula <em>Pan de lim\u00f3n con semillas de amapola<\/em> es podr\u00e0 veure des del dimecres 13 fins al diumenge 17 d&#8217;abril als Cinemes Odeon. Aquest drama dirigit per Benito Zambrano, narra el retrobament entre dues germanes que porten vides totalment diferents per\u00f2 que hauran d&#8217;unir-se per a fer front a les adversitats de l&#8217;her\u00e8ncia de la seua mare. El dissabte 16 i el diumenge 17 tamb\u00e9 es projectar\u00e0 als Cinemes Oe\u00e8on la pel\u00b7l\u00edcula infantil <em>Clifford, el gran perro rojo <\/em>a les 17.30 hores.<\/p>\n<p>A l&#8217;Ordre Tercer, a la Llotja Medieval i a Les Clarisses, per altra banda, continuen totes les exposicions vigents.[\/vc_column_text][\/vc_column][\/vc_row][vc_row][vc_column][vc_column_text css=&#8221;.vc_custom_1649842691054{padding-top: 25px !important;}&#8221;]<\/p>\n<h4>Cinemes Odeon<\/h4>\n<p>[\/vc_column_text][\/vc_column][\/vc_row][vc_row][vc_column][vc_column_text css=&#8221;.vc_custom_1649842836738{padding-top: 25px !important;}&#8221;]<\/p>\n<ul>\n<li><strong>Del dimecres 13 al diumenge 17 d&#8217;abril<\/strong><\/li>\n<\/ul>\n<p><strong>Cinema<\/strong>: <em>Pan de lim\u00f3n con semillas de amapola<\/em> de Benito Zambrano (Espanya).<\/p>\n<p><strong>Entrades<\/strong>: en <a href=\"https:\/\/www.instanticket.es\/pan-de-limon-con-semilas-de-amapola\/?id=130422PAN\">Instanticket<\/a> i a la taquilla.<\/p>\n<p><strong>Passes<\/strong>: 17.30, 20.00 i 22.30 hores.<\/p>\n<p><strong>Sinopsi<\/strong>: A Valldemossa, un xicotet poble de l&#8217;interior de Mallorca, Anna i Marina dues germanes que van ser separades en la seua adolesc\u00e8ncia, es troben de nou per a vendre una fleca que han heretat d&#8217;una misteriosa dona a la qual creuen que no coneixen. Mentre intenten descobrir els secrets que tanca la seua enigm\u00e0tica her\u00e8ncia, Anna i Marina hauran de fer front a vells conflictes familiars i intentar recuperar els anys perduts.<\/p>\n<ul>\n<li><strong>Del dissabte 16 al diumenge 17 d&#8217;abril<\/strong><\/li>\n<\/ul>\n<p><strong>Cinema:<\/strong> <em>Clifford, el gran perro rojo<\/em> de Walt Becker (els Estats Units).<\/p>\n<p><strong>Entrades:<\/strong> en <a href=\"https:\/\/www.instanticket.es\/clifford,-el-gran-perro-rojo\/?id=160422CLIFFORD\">Instanticket<\/a> i a la taquilla.<\/p>\n<p><strong>Passe:<\/strong> 17.30 hores.<\/p>\n<p><strong>Sinopsi:<\/strong> Quan Emily Elizabeth coneix un rescatador m\u00e0gic d&#8217;animals que li regala un xicotet cadell roig, mai s&#8217;haguera imaginat que en despertar-se es trobaria un gos gegant de tres metres al seu xicotet apartament de Nova York. Mentre la seua mare soltera es troba de viatge de negocis, Emily i el seu divertit per\u00f2 impulsiu oncle Casey s&#8217;embarquen en una gran aventura.[\/vc_column_text][\/vc_column][\/vc_row][vc_row][vc_column][vc_single_image image=&#8221;193310&#8243; img_size=&#8221;medium&#8221; alignment=&#8221;center&#8221; onclick=&#8221;link_image&#8221; el_class=&#8221;fotounicanoticiavertical&#8221;][\/vc_column][\/vc_row][vc_row][vc_column][vc_column_text css=&#8221;.vc_custom_1649843038711{padding-top: 25px !important;}&#8221;]<\/p>\n<h4>Llotja Medieval<\/h4>\n<p>[\/vc_column_text][\/vc_column][\/vc_row][vc_row][vc_column][vc_column_text css=&#8221;.vc_custom_1649843082611{padding-top: 25px !important;}&#8221;]<\/p>\n<ul>\n<li><strong>Fins al 17 d&#8217;abril<\/strong><\/li>\n<\/ul>\n<p><strong>Exposici\u00f3 de fotografies:<\/strong> <em>Elx. Mirades Eternes<\/em> de Beatriz Navarro.<\/p>\n<p><strong>Horari:<\/strong> de dimarts a dissabtes de 10.00 a 14.00 hores i de 15.00 a 18.00 hores. Diumenges i festius de 10.00 a 14.00 hores.<\/p>\n<p>&nbsp;[\/vc_column_text][\/vc_column][\/vc_row][vc_row][vc_column][vc_column_text css=&#8221;.vc_custom_1649843114923{padding-top: 25px !important;}&#8221;]<\/p>\n<h4>Sala Capella Clarisses<\/h4>\n<p>[\/vc_column_text][\/vc_column][\/vc_row][vc_row][vc_column][vc_column_text css=&#8221;.vc_custom_1649843147135{padding-top: 25px !important;}&#8221;]<\/p>\n<ul>\n<li><strong>Fins a l&#8217;11 de maig<\/strong><\/li>\n<\/ul>\n<p><strong>Exposici\u00f3:<\/strong> <em>Nuestras damas<\/em>.<\/p>\n<p><strong>Horari:<\/strong> de dimarts a dissabte de 10.00 a 14.00 hores i de 16.00 a 18.00 hores. Diumenges i festius de 10.00 a 14.00 hores.[\/vc_column_text][\/vc_column][\/vc_row][vc_row][vc_column][vc_column_text css=&#8221;.vc_custom_1649843203423{padding-top: 25px !important;}&#8221;]<\/p>\n<h4>Claustre de les Clarisses<\/h4>\n<p>[\/vc_column_text][\/vc_column][\/vc_row][vc_row][vc_column][vc_column_text css=&#8221;.vc_custom_1649843272762{padding-top: 25px !important;}&#8221;]<\/p>\n<ul>\n<li><strong>Fins al 26 d&#8217;abril<\/strong><\/li>\n<\/ul>\n<p><strong>Exposici\u00f3:<\/strong> <em>Fervor y pasi\u00f3n<\/em> d&#8217;Antonio Gomis.<\/p>\n<p><strong>Horari:<\/strong> de dimarts a dissabte de 10.00 a 14.00 hores i de 15.00 a 18.00 hores. Diumenges i festius de 10.00 a 14.00 hores.<\/p>\n<ul>\n<li><strong>Diumenge 17 d&#8217;abril<\/strong><\/li>\n<\/ul>\n<p><strong>Concert:<\/strong> Andr\u00e9s Herrera, <em>P\u00e1jaro<\/em>.<\/p>\n<p><strong>Horari:<\/strong> a les 12.00 hores.<\/p>\n<p><strong>Entrada:<\/strong> gratu\u00efta.[\/vc_column_text][\/vc_column][\/vc_row][vc_row][vc_column][vc_column_text css=&#8221;.vc_custom_1649843312195{padding-top: 25px !important;}&#8221;]<\/p>\n<h4>Ordre Tercer<\/h4>\n<p>[\/vc_column_text][\/vc_column][\/vc_row][vc_row][vc_column][vc_column_text css=&#8221;.vc_custom_1649843450957{padding-top: 25px !important;}&#8221;]<\/p>\n<ul>\n<li><strong>Fins a l&#8217;1 de maig<\/strong><\/li>\n<\/ul>\n<p><strong>Exposici\u00f3:<\/strong> <em>La Volta al m\u00f3n en 160 Marcap\u00e0gines<\/em> de les Biblioteques Municipals d&#8217;Elx.<\/p>\n<p><strong>Horari:<\/strong> de dimarts a dissabtes de 10.00 a 14.00 hores i de 15.00 a 18.00 hores. Diumenges i festius de 10.00 a 14.00 hores.<\/p>\n<p><strong>Informaci\u00f3:<\/strong> la mostra que es presenta constitueix una selecci\u00f3 de marcap\u00e0gines de la col\u00b7lecci\u00f3 particular de Sergio Esteban. A trav\u00e9s d&#8217;aquests xicotets objectes, es pret\u00e9n fer una volta al m\u00f3n als cinc continents: als t\u00f2pics o als estereotips dels diferents pa\u00efsos, a la varietat de cultures que representen o a les expressions art\u00edstiques de col\u00b7lectius i d\u2019\u00e8tnies.[\/vc_column_text][\/vc_column][\/vc_row][vc_row][vc_column][vc_column_text css=&#8221;.vc_custom_1649843494414{padding-top: 25px !important;}&#8221;]<\/p>\n<ul>\n<li><strong>Dissabte 16 d&#8217;abril al Centre social L\u2019Altet<\/strong><\/li>\n<\/ul>\n<p><strong>Teatre:<\/strong> <em>Las siete glorias<\/em> <em>de Alerta<\/em> per SOS Risas.<\/p>\n<p><strong>Horari:<\/strong> a les 20.00 hores<\/p>\n<p><strong>Entrada:<\/strong> lliure.[\/vc_column_text][\/vc_column][\/vc_row][vc_row][vc_column][vc_column_text css=&#8221;.vc_custom_1649843513333{padding-top: 25px !important;}&#8221;]<\/p>\n<h4>MAHE<\/h4>\n<p>[\/vc_column_text][\/vc_column][\/vc_row][vc_row][vc_column][vc_column_text css=&#8221;.vc_custom_1649843537568{padding-top: 25px !important;}&#8221;]<\/p>\n<ul>\n<li><strong>Dissabtes i diumenges des d&#8217;octubre fins a juny<\/strong><\/li>\n<\/ul>\n<p>Visites Guiades<\/p>\n<p><strong>Horari:<\/strong> A les 11.30 hores i a les 13.00 hores.[\/vc_column_text][\/vc_column][\/vc_row]<\/p>\n<\/div>","protected":false},"excerpt":{"rendered":"<p>[vc_row][vc_column][vc_column_text]La pel\u00b7l\u00edcula Pan de lim\u00f3n con semillas de amapola es podr\u00e0 veure des del dimecres 13 fins al diumenge 17 d&#8217;abril als Cinemes Odeon. Aquest drama dirigit per Benito Zambrano, [&hellip;]<\/p>\n","protected":false},"author":131,"featured_media":193314,"comment_status":"closed","ping_status":"closed","sticky":false,"template":"","format":"standard","meta":{"footnotes":""},"categories":[193,454,1312,1341,3060],"tags":[],"class_list":["post-193317","post","type-post","status-publish","format-standard","has-post-thumbnail","hentry","category-cultura-va","category-museus","category-noticias-va","category-ocio-y-cultura-va","category-sales-cultura"],"_links":{"self":[{"href":"https:\/\/www.elche.es\/va\/wp-json\/wp\/v2\/posts\/193317","targetHints":{"allow":["GET"]}}],"collection":[{"href":"https:\/\/www.elche.es\/va\/wp-json\/wp\/v2\/posts"}],"about":[{"href":"https:\/\/www.elche.es\/va\/wp-json\/wp\/v2\/types\/post"}],"author":[{"embeddable":true,"href":"https:\/\/www.elche.es\/va\/wp-json\/wp\/v2\/users\/131"}],"replies":[{"embeddable":true,"href":"https:\/\/www.elche.es\/va\/wp-json\/wp\/v2\/comments?post=193317"}],"version-history":[{"count":0,"href":"https:\/\/www.elche.es\/va\/wp-json\/wp\/v2\/posts\/193317\/revisions"}],"wp:featuredmedia":[{"embeddable":true,"href":"https:\/\/www.elche.es\/va\/wp-json\/wp\/v2\/media\/193314"}],"wp:attachment":[{"href":"https:\/\/www.elche.es\/va\/wp-json\/wp\/v2\/media?parent=193317"}],"wp:term":[{"taxonomy":"category","embeddable":true,"href":"https:\/\/www.elche.es\/va\/wp-json\/wp\/v2\/categories?post=193317"},{"taxonomy":"post_tag","embeddable":true,"href":"https:\/\/www.elche.es\/va\/wp-json\/wp\/v2\/tags?post=193317"}],"curies":[{"name":"wp","href":"https:\/\/api.w.org\/{rel}","templated":true}]}}