{"id":193571,"date":"2022-04-19T11:31:51","date_gmt":"2022-04-19T10:31:51","guid":{"rendered":"https:\/\/www.elche.es\/2022\/04\/la-policia-local-dete-un-home-per-infringir-una-ordre-dallunyament-mentre-atenia-un-intent-de-robatori-en-una-casa-de-camp-a-la-partida-de-la-marina\/"},"modified":"2022-04-19T11:31:51","modified_gmt":"2022-04-19T10:31:51","slug":"la-policia-local-dete-un-home-per-infringir-una-ordre-dallunyament-mentre-atenia-un-intent-de-robatori-en-una-casa-de-camp-a-la-partida-de-la-marina","status":"publish","type":"post","link":"https:\/\/www.elche.es\/va\/2022\/04\/la-policia-local-dete-un-home-per-infringir-una-ordre-dallunyament-mentre-atenia-un-intent-de-robatori-en-una-casa-de-camp-a-la-partida-de-la-marina\/","title":{"rendered":"La Policia Local det\u00e9 un home per infringir una ordre d&#8217;allunyament mentre atenia un intent de robatori en una casa de camp a la partida de la Marina"},"content":{"rendered":"<div class=\"wpb-content-wrapper\"><p>[vc_row el_id=&#8221;SUBTITULAR_NOTICIA&#8221;][vc_column][vc_column_text]<\/p>\n<hr \/>\n<h4>El sospit\u00f3s, que va tractar d&#8217;evadir a les patrulles i es va amagar darrere d&#8217;un mur, no podia romandre en un radi de 300 metres de la ubicaci\u00f3 on va ser descobert<\/h4>\n<hr \/>\n<p>[\/vc_column_text][\/vc_column][\/vc_row][vc_row el_id=&#8221;TEXTO_NOTICIA&#8221;][vc_column][vc_column_text]<strong>La Policia Local d&#8217;Elx va detindre el diumenge 10 d&#8217;abril<\/strong>, sobre les 01.55 hores, <strong>un home de 42 anys a la partida de la Marina per trencament de condemna<\/strong>; en concret, d&#8217;una ordre d&#8217;allunyament.<\/p>\n<p>Tot va oc\u00f3rrer quan <strong>diverses patrulles del cos de seguretat municipal van ser alertades per la Sala d&#8217;Operacions (092)<\/strong> en produir-se una temptativa de robatori en una casa de camp.<\/p>\n<p>Una de les dotacions, <strong>quan es dirigia al lloc, va observar en un cam\u00ed, als voltants de l&#8217;immoble, una persona eixir d&#8217;una \u00e0rea sense il\u00b7luminaci\u00f3<\/strong>.<\/p>\n<p>En adonar-se de la pres\u00e8ncia policial, va emprendre la fugida a l&#8217;empara de la nit. Encara que els agents van aconseguir veure la seua fesomia i la indument\u00e0ria, per la qual cosa, despr\u00e9s d&#8217;aproximadament una hora de batudes, <strong>el sospit\u00f3s va ser localitzat amagat darrere d&#8217;un xicotet mur<\/strong>.[\/vc_column_text][\/vc_column][\/vc_row][vc_row el_id=&#8221;DESTACADO_NOTICIA&#8221;][vc_column][vc_column_text el_class=&#8221;cuadronoticia&#8221;]<\/p>\n<h5>El propietari de l&#8217;habitatge no va poder recon\u00e9ixer la persona que va for\u00e7ar la porta del seu estatge amb una barra de ferro, encara que es va fer constar en les dilig\u00e8ncies realitzades l&#8217;arrest de la persona per si fora el presumpte autor<\/h5>\n<p>[\/vc_column_text][\/vc_column][\/vc_row][vc_row el_id=&#8221;TEXTO_FIN_NOTICIA&#8221;][vc_column][vc_column_text]Una vegada identificat i comprovat si constaven antecedents, <strong>la base de dades va establir que tenia una ordre d&#8217;allunyament de 300 metres de la ubicaci\u00f3 on els agents l&#8217;havien vist la primera vegada<\/strong> i va ser arrestat per un delicte de trencament de condemna i traslladat a les depend\u00e8ncies de la Gu\u00e0rdia Civil a Santa Pola.<\/p>\n<p>Donada la proximitat al lloc de l&#8217;intent de robatori, <strong>es va fer constar en les dilig\u00e8ncies realitzades per si fora el presumpte autor<\/strong>.<\/p>\n<p>D&#8217;igual manera, una de les patrulles locals es va entrevistar amb el propietari de l&#8217;habitatge, <strong>que no va poder aportar dades de l&#8217;individu que havia for\u00e7at la porta amb una barra de ferro per a tractar d&#8217;accedir al seu estatge<\/strong>, ja que nom\u00e9s va poder apreciar l&#8217;ombra del presumpte assaltant.<\/p>\n<hr \/>\n<p>[\/vc_column_text][\/vc_column][\/vc_row][vc_row][vc_column width=&#8221;1\/6&#8243;][\/vc_column][vc_column width=&#8221;2\/3&#8243;]<audio class=\"sc_audio\" src=\"\" width=\"\" height=\"\"><\/audio>[\/vc_column][vc_column width=&#8221;1\/6&#8243;][\/vc_column][\/vc_row]<\/p>\n<\/div>","protected":false},"excerpt":{"rendered":"<p>[vc_row el_id=&#8221;SUBTITULAR_NOTICIA&#8221;][vc_column][vc_column_text] El sospit\u00f3s, que va tractar d&#8217;evadir a les patrulles i es va amagar darrere d&#8217;un mur, no podia romandre en un radi de 300 metres de la ubicaci\u00f3 [&hellip;]<\/p>\n","protected":false},"author":131,"featured_media":193562,"comment_status":"closed","ping_status":"closed","sticky":false,"template":"","format":"standard","meta":{"footnotes":""},"categories":[2864,238],"tags":[],"class_list":["post-193571","post","type-post","status-publish","format-standard","has-post-thumbnail","hentry","category-breus","category-policia-local-va"],"_links":{"self":[{"href":"https:\/\/www.elche.es\/va\/wp-json\/wp\/v2\/posts\/193571","targetHints":{"allow":["GET"]}}],"collection":[{"href":"https:\/\/www.elche.es\/va\/wp-json\/wp\/v2\/posts"}],"about":[{"href":"https:\/\/www.elche.es\/va\/wp-json\/wp\/v2\/types\/post"}],"author":[{"embeddable":true,"href":"https:\/\/www.elche.es\/va\/wp-json\/wp\/v2\/users\/131"}],"replies":[{"embeddable":true,"href":"https:\/\/www.elche.es\/va\/wp-json\/wp\/v2\/comments?post=193571"}],"version-history":[{"count":0,"href":"https:\/\/www.elche.es\/va\/wp-json\/wp\/v2\/posts\/193571\/revisions"}],"wp:featuredmedia":[{"embeddable":true,"href":"https:\/\/www.elche.es\/va\/wp-json\/wp\/v2\/media\/193562"}],"wp:attachment":[{"href":"https:\/\/www.elche.es\/va\/wp-json\/wp\/v2\/media?parent=193571"}],"wp:term":[{"taxonomy":"category","embeddable":true,"href":"https:\/\/www.elche.es\/va\/wp-json\/wp\/v2\/categories?post=193571"},{"taxonomy":"post_tag","embeddable":true,"href":"https:\/\/www.elche.es\/va\/wp-json\/wp\/v2\/tags?post=193571"}],"curies":[{"name":"wp","href":"https:\/\/api.w.org\/{rel}","templated":true}]}}