{"id":193651,"date":"2022-04-19T14:11:03","date_gmt":"2022-04-19T13:11:03","guid":{"rendered":"https:\/\/www.elche.es\/2022\/04\/la-fira-de-sant-jordi-comptara-aquest-dissabte-amb-els-escriptors-espido-freire-juan-manuel-de-prada-nativel-preciado-i-benjamin-prado\/"},"modified":"2022-04-19T15:40:26","modified_gmt":"2022-04-19T14:40:26","slug":"la-fira-de-sant-jordi-comptara-aquest-dissabte-amb-els-escriptors-espido-freire-juan-manuel-de-prada-nativel-preciado-i-benjamin-prado","status":"publish","type":"post","link":"https:\/\/www.elche.es\/va\/2022\/04\/la-fira-de-sant-jordi-comptara-aquest-dissabte-amb-els-escriptors-espido-freire-juan-manuel-de-prada-nativel-preciado-i-benjamin-prado\/","title":{"rendered":"La Fira de Sant Jordi comptar\u00e0 aquest dissabte amb els escriptors Espido Freire, Juan Manuel de Prada, Nativel Preciado, i Benjam\u00edn Prado"},"content":{"rendered":"<div class=\"wpb-content-wrapper\"><p>[vc_row el_id=&#8221;SUBTITULAR_NOTICIA&#8221;][vc_column][vc_column_text]<\/p>\n<hr \/>\n<h4>La mostra impulsada per la Regidoria de Comer\u00e7 se celebrar\u00e0 a la Pla\u00e7a de Baix de 10.00 a 21.00 hores i comptar\u00e0 amb la participaci\u00f3 de 14 llibreries de la ciutat i d&#8217;una associaci\u00f3 liter\u00e0ria<\/h4>\n<hr \/>\n<p>[\/vc_column_text][\/vc_column][\/vc_row][vc_row type=&#8221;square&#8221; style_color=&#8221;original&#8221; style=&#8221;filled&#8221; size=&#8221;large&#8221; icon=&#8221;inherit&#8221; color=&#8221;&#8221; bg_color=&#8221;&#8221; align=&#8221;center&#8221; link=&#8221;&#8221; target=&#8221;_blank&#8221; popup=&#8221;&#8221; rel=&#8221;&#8221; id=&#8221;&#8221; class=&#8221;btndentronoticia&#8221; animation=&#8221;none&#8221; width=&#8221;&#8221; height=&#8221;&#8221; top=&#8221;small&#8221; bottom=&#8221;small&#8221; left=&#8221;huge&#8221; right=&#8221;huge&#8221;][vc_column]<a href=\"https:\/\/www.elche.es\/wp-content\/uploads\/2022\/04\/programa-Sant-Jordi.pdf\" target=\"_blank\" class=\"sc_button sc_button_square sc_button_style_filled style_original sc_button_size_large aligncenter btndentronoticia margin_top_small margin_right_huge margin_bottom_small margin_left_huge\">Consulte ac\u00ed la programaci\u00f3<\/a>[\/vc_column][\/vc_row][vc_row el_id=&#8221;TEXTO_NOTICIA&#8221;][vc_column][vc_column_text]La Fira de Sant Jordi impulsada per la Regidoria de Comer\u00e7 de l&#8217;Ajuntament d&#8217;Elx dissabte 23 a la Pla\u00e7a de Baix <strong>comptar\u00e0 amb escriptors com Espido Freire, Juan Manuel de Prada, Nativel Preciado i Benjam\u00edn Prado i amb activitats infantils amb Harry Potter com a tem\u00e0tica<\/strong> a m\u00e9s de les firmes de llibres i de taules redones.<\/p>\n<p>La <strong>mostra se celebrar\u00e0 de 10.00 a 21.00 hores i comptar\u00e0 amb la participaci\u00f3 de 14 llibreries<\/strong> de la ciutat i d&#8217;una associaci\u00f3 liter\u00e0ria.[\/vc_column_text][\/vc_column][\/vc_row][vc_row el_id=&#8221;DESTACADO_NOTICIA&#8221;][vc_column][vc_column_text el_class=&#8221;cuadronoticia&#8221;]<\/p>\n<h5>Durant la jornada tindr\u00e0 lloc una taula redona sobre la literatura dels bombardejos\u00a0 amb els escriptors Enrique Botella, Carlos Fidalgo i l&#8217;il\u00b7licit\u00e0 Eduardo Boix i una altra de novel\u00b7la negra amb la participaci\u00f3 de Mariano S\u00e1nchez Soler, Blas Ruiz, V\u00edctor del \u00c1rbol i Carlos Salem<\/h5>\n<p>[\/vc_column_text][\/vc_column][\/vc_row][vc_row][vc_column][vc_column_text]Aix\u00ed mateix, els escriptors <strong>Enrique Botella, Carlos Fidalgo i l&#8217;il\u00b7licit\u00e0 Eduardo Boix participaran en una taula redona de 13.00 a 14.00 hores sobre la literatura dels bombardejos<\/strong>, mentre que, de 17.00 a 18.00 hores, tindr\u00e0 lloc una altra taula, aquesta vegada amb els autors Mariano S\u00e1nchez Soler, Blas Ruiz, V\u00edctor del \u00c1rbol i Carlos Salem relacionada amb la situaci\u00f3 de la novela negra en l&#8217;actualitat.<\/p>\n<p>Tot seguit, el poeta Benjam\u00edn Prado oferir\u00e0 una confer\u00e8ncia sobre la saga de Juan Urbano seguida d&#8217;un recital de la poetessa Raquel Lanseros i <strong>d&#8217;una xarrada de l&#8217;escriptor i cr\u00edtic literari Juan Manuel de Prada sobre la tamb\u00e9 poetessa Ana Mar\u00eda Mart\u00ednez Sagi<\/strong>. Tots aquests autors al costat de l&#8217;escriptora Nativel Preciado estaran signant exemplars dels seus llibres al llarg del dia.[\/vc_column_text][\/vc_column][\/vc_row][vc_row][vc_column][vc_column_text el_class=&#8221;cuadronoticia&#8221;]<\/p>\n<h5>L&#8217;edil de l&#8217;\u00e0rea, Felip S\u00e0nchez, destaca a m\u00e9s que per al p\u00fablic infantil estan programats contacontes i tallers sobre la tem\u00e0tica de Harry Potter<\/h5>\n<p>[\/vc_column_text][\/vc_column][\/vc_row][vc_row el_id=&#8221;TEXTO_FIN_NOTICIA&#8221;][vc_column][vc_column_text]&#8221;Hem volgut que els autors locals puguen participar mitjan\u00e7ant el suport a la seua obra i <strong>portar a autors de reconegut prestigi que donen m\u00e9s atractiu a aquesta fira i que atraguen tamb\u00e9 les poblacions del nostre entorn<\/strong>&#8220;, ha comentat l&#8217;edil de l&#8217;\u00e0rea, Felip S\u00e0nchez.<\/p>\n<p>A m\u00e9s, per al p\u00fablic infantil estan programats contacontes, tallers amb manualitats entorn de la tem\u00e0tica de Harry Potter, <strong>una xarrada de l&#8217;escriptora Espido Freire sobre dones pioneres de la hist\u00f2ria<\/strong> i una altra de l&#8217;escriptor de Jos\u00e9 Luis Ferris sobre Miguel Hern\u00e1ndez per a xiquets.<\/p>\n<p>&#8220;\u00c9s una fira bastant potent que crec que tindr\u00e0 un gran atractiu i <strong>esperem que per a les llibreries il\u00b7licitanes tinga impacte en les seues vendes<\/strong>&#8220;, ha destacat S\u00e0nchez, que ha anunciat que la Regidoria donar\u00e0 a les llibreries unes roses perqu\u00e8 les entreguen juntament amb la venda dels llibres.<\/p>\n<p>Els participants de la fira <strong>faran un descompte del 10% en els llibres que venguen.<\/strong><\/p>\n<hr \/>\n<p>&nbsp;<\/p>\n<p>[\/vc_column_text][\/vc_column][\/vc_row][vc_row][vc_column width=&#8221;1\/6&#8243;][\/vc_column][vc_column width=&#8221;2\/3&#8243;]<audio class=\"sc_audio\" src=\"https:\/\/soundcloud.com\/ayuntamiento-de-elche\/fira-de-sant-jordi-2022?utm_source=clipboard&#038;utm_medium=text&#038;utm_campaign=social_sharing\" width=\"\" height=\"\"><\/audio>[\/vc_column][vc_column width=&#8221;1\/6&#8243;][\/vc_column][\/vc_row]<\/p>\n<\/div>","protected":false},"excerpt":{"rendered":"<p>[vc_row el_id=&#8221;SUBTITULAR_NOTICIA&#8221;][vc_column][vc_column_text] La mostra impulsada per la Regidoria de Comer\u00e7 se celebrar\u00e0 a la Pla\u00e7a de Baix de 10.00 a 21.00 hores i comptar\u00e0 amb la participaci\u00f3 de 14 llibreries [&hellip;]<\/p>\n","protected":false},"author":131,"featured_media":193593,"comment_status":"closed","ping_status":"closed","sticky":false,"template":"","format":"standard","meta":{"footnotes":""},"categories":[2636,391,1312],"tags":[],"class_list":["post-193651","post","type-post","status-publish","format-standard","has-post-thumbnail","hentry","category-comerc-va","category-home-va","category-noticias-va"],"_links":{"self":[{"href":"https:\/\/www.elche.es\/va\/wp-json\/wp\/v2\/posts\/193651","targetHints":{"allow":["GET"]}}],"collection":[{"href":"https:\/\/www.elche.es\/va\/wp-json\/wp\/v2\/posts"}],"about":[{"href":"https:\/\/www.elche.es\/va\/wp-json\/wp\/v2\/types\/post"}],"author":[{"embeddable":true,"href":"https:\/\/www.elche.es\/va\/wp-json\/wp\/v2\/users\/131"}],"replies":[{"embeddable":true,"href":"https:\/\/www.elche.es\/va\/wp-json\/wp\/v2\/comments?post=193651"}],"version-history":[{"count":0,"href":"https:\/\/www.elche.es\/va\/wp-json\/wp\/v2\/posts\/193651\/revisions"}],"wp:featuredmedia":[{"embeddable":true,"href":"https:\/\/www.elche.es\/va\/wp-json\/wp\/v2\/media\/193593"}],"wp:attachment":[{"href":"https:\/\/www.elche.es\/va\/wp-json\/wp\/v2\/media?parent=193651"}],"wp:term":[{"taxonomy":"category","embeddable":true,"href":"https:\/\/www.elche.es\/va\/wp-json\/wp\/v2\/categories?post=193651"},{"taxonomy":"post_tag","embeddable":true,"href":"https:\/\/www.elche.es\/va\/wp-json\/wp\/v2\/tags?post=193651"}],"curies":[{"name":"wp","href":"https:\/\/api.w.org\/{rel}","templated":true}]}}