{"id":193659,"date":"2022-04-19T14:50:54","date_gmt":"2022-04-19T13:50:54","guid":{"rendered":"https:\/\/www.elche.es\/2022\/04\/medi-ambient-i-margallo-organitzen-una-exposicio-pel-centenari-de-la-central-hidroelectrica-del-panta\/"},"modified":"2022-04-19T14:50:55","modified_gmt":"2022-04-19T13:50:55","slug":"medi-ambient-i-margallo-organitzen-una-exposicio-pel-centenari-de-la-central-hidroelectrica-del-panta","status":"publish","type":"post","link":"https:\/\/www.elche.es\/va\/2022\/04\/medi-ambient-i-margallo-organitzen-una-exposicio-pel-centenari-de-la-central-hidroelectrica-del-panta\/","title":{"rendered":"Medi Ambient i Margall\u00f3 organitzen una exposici\u00f3 pel centenari de la central hidroel\u00e8ctrica del pant\u00e0"},"content":{"rendered":"<div class=\"wpb-content-wrapper\"><p>[vc_row el_id=&#8221;SUBTITULAR_NOTICIA&#8221;][vc_column][vc_column_text]<\/p>\n<hr \/>\n<h4>Les jornades \u2018Sense Biodiversitat no hi ha vida\u2019 se celebraran els caps de setmana del 23 al 25 d&#8217;abril i del 30 d&#8217;abril a l&#8217;1 de maig a la mateixa instal\u00b7laci\u00f3<\/h4>\n<hr \/>\n<p>[\/vc_column_text][\/vc_column][\/vc_row][vc_row el_id=&#8221;TEXTO_NOTICIA&#8221;][vc_column][vc_column_text]La central hidroel\u00e8ctrica del pant\u00e0 d&#8217;Elx compleix 100 anys des de la seua construcci\u00f3 i amb aquest motiu la Regidoria de Medi Ambient i Margall\u00f3-Ecologistes en Acci\u00f3 han organitzat les jornades \u2018Sense Biodiversitat no hi ha vida\u2019 que <strong>se celebraran els caps de setmana del 23 al 25 d&#8217;abril i del 30 d&#8217;abril a l&#8217;1 de maig a la mateixa central<\/strong>.[\/vc_column_text][\/vc_column][\/vc_row][vc_row source=&#8221;media_library&#8221; image=&#8221;&#8221; img_size=&#8221;full&#8221; external_img_size=&#8221;&#8221; add_caption=&#8221;&#8221; alignment=&#8221;left&#8221; style=&#8221;&#8221; external_style=&#8221;&#8221; border_color=&#8221;grey&#8221; external_border_color=&#8221;grey&#8221; onclick=&#8221;link_image&#8221; img_link_target=&#8221;_self&#8221; el_class=&#8221;fotounicanoticia&#8221; title=&#8221;&#8221; custom_src=&#8221;&#8221; caption=&#8221;&#8221; link=&#8221;&#8221; img_link_large=&#8221;&#8221;][vc_column][vc_single_image image=&#8221;193617&#8243; img_size=&#8221;full&#8221; onclick=&#8221;link_image&#8221; el_class=&#8221;fotounicanoticia&#8221;][\/vc_column][\/vc_row][vc_row][vc_column][vc_column_text]Amb motiu d&#8217;aquesta celebraci\u00f3,<strong> s&#8217;ha organitzat l&#8217;exposici\u00f3 \u2018Sense biodiversitat no hi ha vida\u2019 que comen\u00e7ar\u00e0 el dia 23<\/strong>. Eixa mateixa jornada, a les 11 hores, Gregorio Alemany impartir\u00e0 la xarrada \u2018Les f\u00e0briques de llum a Elx\u2019. El dia 24 Gaspar Agull\u00f3 dur\u00e0 a terme una visita patrimonial guiada i a les 16 hores se celebrar\u00e0 un taller d&#8217;iniciaci\u00f3 al sarangollo per part del Grup Antimilitarista Tortuga.[\/vc_column_text][\/vc_column][\/vc_row][vc_row el_id=&#8221;DESTACADO_NOTICIA&#8221;][vc_column][vc_column_text el_class=&#8221;cuadronoticia&#8221;]<\/p>\n<h5>L&#8217;edil de l&#8217;\u00e0rea, Esther D\u00edez, afirma que s&#8217;est\u00e0 treballant perqu\u00e8 l&#8217;\u00e0rea natural siga declarada paratge municipal<\/h5>\n<p>[\/vc_column_text][\/vc_column][\/vc_row][vc_row el_id=&#8221;TEXTO_FIN_NOTICIA&#8221;][vc_column][vc_column_text]<strong>El seg\u00fcent cap de setmana s&#8217;ha organitzat un taller d&#8217;iniciaci\u00f3 a l&#8217;observaci\u00f3 d&#8217;ocells per part de Margall\u00f3 i de la societat il\u00b7licitana d&#8217;Ornitologia<\/strong>, que tindr\u00e0 lloc el dissabte a les 10 hores. El diumenge, tamb\u00e9 a les 10 hores, tindr\u00e0 lloc un taller de reconeixement de flora aut\u00f2ctona a c\u00e0rrec d&#8217;ARBA.<\/p>\n<p>La regidora de Medi Ambient, Esther D\u00edez, ha explicat que \u201c<strong>el nostre pant\u00e0 \u00e9s un s\u00edmbol del municipi, per la seua contribuci\u00f3 ambiental, per\u00f2 tamb\u00e9 pel seu significat cultural i hist\u00f2ric<\/strong>, per la qual cosa una celebraci\u00f3 com aquesta ens permet posar encara m\u00e9s en valor el seu llegat i contribuir a la seua conservaci\u00f3\u201d.<\/p>\n<p>\u201cPrecisament, <strong>la senda del Pant\u00e0 que vam posar en marxa en l&#8217;anterior legislatura, ha perm\u00e9s que milers d&#8217;il\u00b7licitans i d\u2019il\u00b7licitanes, aix\u00ed com visitants, gaudisquen d&#8217;aquest entorn \u00fanic<\/strong>, en el qual estem treballant perqu\u00e8 siga declarat paratge natural municipal\u201d, ha ressaltat D\u00edez.<\/p>\n<p>Per part seua, Toni Verd\u00fa, membre de Margall\u00f3, ha indicat que \u201cel pant\u00e0 d&#8217;Elx i el seu entorn \u00e9s un dels enclavaments amb major biodiversitat del nostre municipi, no sols conviuen ac\u00ed esp\u00e8cies t\u00edpiques de zones humides, sin\u00f3 <strong>tamb\u00e9 \u00e9s un lloc idoni per a contemplar la fauna i la flora t\u00edpica de zones semi\u00e0rides, com la nostra<\/strong>; per aix\u00f2 aquesta exposici\u00f3 serveix per a reivindicar una vegada m\u00e9s la necessitat de la seua protecci\u00f3, igual que ja s&#8217;ha fet al terme municipal d&#8217;Asp, amb la creaci\u00f3 del paratge natural municipal dels Algezares\u201d.<\/p>\n<hr \/>\n<p>&nbsp;<\/p>\n<p>[\/vc_column_text][\/vc_column][\/vc_row][vc_row][vc_column width=&#8221;1\/6&#8243;][\/vc_column][vc_column width=&#8221;2\/3&#8243;]<audio class=\"sc_audio\" src=\"https:\/\/soundcloud.com\/ayuntamiento-de-elche\/audio-esther-diez-pantano?utm_source=clipboard&#038;utm_medium=text&#038;utm_campaign=social_sharing\" width=\"\" height=\"\"><\/audio>[\/vc_column][vc_column width=&#8221;1\/6&#8243;][\/vc_column][\/vc_row]<\/p>\n<\/div>","protected":false},"excerpt":{"rendered":"<p>[vc_row el_id=&#8221;SUBTITULAR_NOTICIA&#8221;][vc_column][vc_column_text] Les jornades \u2018Sense Biodiversitat no hi ha vida\u2019 se celebraran els caps de setmana del 23 al 25 d&#8217;abril i del 30 d&#8217;abril a l&#8217;1 de maig a [&hellip;]<\/p>\n","protected":false},"author":131,"featured_media":193614,"comment_status":"closed","ping_status":"closed","sticky":false,"template":"","format":"standard","meta":{"footnotes":""},"categories":[391,211,1312],"tags":[],"class_list":["post-193659","post","type-post","status-publish","format-standard","has-post-thumbnail","hentry","category-home-va","category-medi-ambient-va","category-noticias-va"],"_links":{"self":[{"href":"https:\/\/www.elche.es\/va\/wp-json\/wp\/v2\/posts\/193659","targetHints":{"allow":["GET"]}}],"collection":[{"href":"https:\/\/www.elche.es\/va\/wp-json\/wp\/v2\/posts"}],"about":[{"href":"https:\/\/www.elche.es\/va\/wp-json\/wp\/v2\/types\/post"}],"author":[{"embeddable":true,"href":"https:\/\/www.elche.es\/va\/wp-json\/wp\/v2\/users\/131"}],"replies":[{"embeddable":true,"href":"https:\/\/www.elche.es\/va\/wp-json\/wp\/v2\/comments?post=193659"}],"version-history":[{"count":0,"href":"https:\/\/www.elche.es\/va\/wp-json\/wp\/v2\/posts\/193659\/revisions"}],"wp:featuredmedia":[{"embeddable":true,"href":"https:\/\/www.elche.es\/va\/wp-json\/wp\/v2\/media\/193614"}],"wp:attachment":[{"href":"https:\/\/www.elche.es\/va\/wp-json\/wp\/v2\/media?parent=193659"}],"wp:term":[{"taxonomy":"category","embeddable":true,"href":"https:\/\/www.elche.es\/va\/wp-json\/wp\/v2\/categories?post=193659"},{"taxonomy":"post_tag","embeddable":true,"href":"https:\/\/www.elche.es\/va\/wp-json\/wp\/v2\/tags?post=193659"}],"curies":[{"name":"wp","href":"https:\/\/api.w.org\/{rel}","templated":true}]}}