{"id":193856,"date":"2022-04-20T13:55:49","date_gmt":"2022-04-20T12:55:49","guid":{"rendered":"https:\/\/www.elche.es\/2022\/04\/cultura-alliberara-el-proxim-divendres-1-150-llibres-en-22-punts-del-municipi-amb-motiu-de-la-xii-edicio-del-bookcrossing-elx\/"},"modified":"2022-04-20T13:55:50","modified_gmt":"2022-04-20T12:55:50","slug":"cultura-alliberara-el-proxim-divendres-1-150-llibres-en-22-punts-del-municipi-amb-motiu-de-la-xii-edicio-del-bookcrossing-elx","status":"publish","type":"post","link":"https:\/\/www.elche.es\/va\/2022\/04\/cultura-alliberara-el-proxim-divendres-1-150-llibres-en-22-punts-del-municipi-amb-motiu-de-la-xii-edicio-del-bookcrossing-elx\/","title":{"rendered":"Cultura alliberar\u00e0 el pr\u00f2xim divendres 1.150 llibres en 22 punts del municipi amb motiu de la XII edici\u00f3 del \u2018Bookcrossing Elx\u2019"},"content":{"rendered":"<div class=\"wpb-content-wrapper\"><p>[vc_row el_id=&#8221;SUBTITULAR_NOTICIA&#8221;][vc_column][vc_column_text]<\/p>\n<hr \/>\n<h4>La edil del \u00e1rea, Marga Ant\u00f3n, explica que los ejemplares versar\u00e1n sobre diferentes disciplinas, en valenciano y castellano, y dirigidos al p\u00fablico infantil, juvenil y adulto<\/h4>\n<hr \/>\n<p>[\/vc_column_text][\/vc_column][\/vc_row][vc_row el_id=&#8221;TEXTO_NOTICIA&#8221;][vc_column][vc_column_text]La Regidoria de Cultura <strong>alliberar\u00e0 divendres 22 d&#8217;abril 1.150 llibres amb motiu de la XII edici\u00f3 del \u2018Bookcrossing Elx\u2019<\/strong>, segons ha informat l&#8217;edil de l&#8217;\u00e0rea, Marga Ant\u00f3n, en el marc de les activitats programades per la mateixa Regidoria a trav\u00e9s de la Xarxa de Biblioteques P\u00fabliques d&#8217;Elx. Tal com ha informat la titular de Cultura, els exemplars, que es disposaran per tot el municipi, versaran \u201csobre diferents disciplines, en valenci\u00e0 i castell\u00e0, i dirigits al p\u00fablic infantil, juvenil i adult\u201d, ha assenyalat.[\/vc_column_text][\/vc_column][\/vc_row][vc_row source=&#8221;media_library&#8221; image=&#8221;&#8221; img_size=&#8221;medium&#8221; external_img_size=&#8221;&#8221; add_caption=&#8221;&#8221; alignment=&#8221;center&#8221; style=&#8221;&#8221; external_style=&#8221;&#8221; border_color=&#8221;grey&#8221; external_border_color=&#8221;grey&#8221; onclick=&#8221;link_image&#8221; img_link_target=&#8221;_self&#8221; el_class=&#8221;fotounicanoticiavertical&#8221; title=&#8221;&#8221; custom_src=&#8221;&#8221; caption=&#8221;&#8221; link=&#8221;&#8221; img_link_large=&#8221;&#8221;][vc_column][vc_single_image image=&#8221;193852&#8243; img_size=&#8221;medium&#8221; alignment=&#8221;center&#8221; onclick=&#8221;link_image&#8221; el_class=&#8221;fotounicanoticiavertical&#8221;][\/vc_column][\/vc_row][vc_row][vc_column][vc_column_text]Els llibres es distribuiran en 22 punts diferents, que aniran reposant-se al llarg de l\u2019esmentada jornada en llocs com el centre del nucli urb\u00e0 <strong>(Glorieta, pla\u00e7a del Raval o de Baix), o al Mercat de Sant Josep, a la pla\u00e7a de Castella, al jard\u00ed de Lola Puntes, al arc Primer de Maig, a Torrellano, a l&#8217;Altet, a la Foia, a la Marina, a la Baia\u2026<\/strong> \u201cInclourem tamb\u00e9 zones molt transitades com les estacions de Renfe i d\u2019autobusos i el campus de la UMH\u201d, ha precisat Ant\u00f3n.<\/p>\n<p>L&#8217;activitat, emmarcada en la commemoraci\u00f3 que cada any realitza la Regidoria per l&#8217;efem\u00e8ride del Dia Internacional del Llibre, \u201c\u00e9s molt esperada cada any i t\u00e9 un excel\u00b7lent acolliment i hi ha molta gent pendent dels punts en els quals s&#8217;efectua la distribuci\u00f3\u201d, ha manifestat la responsable municipal. \u201cEl personal de les biblioteques ha recopilat per a aquesta ocasi\u00f3 1.150 llibres, que han registrat en la web de Bookcrossing i han etiquetat per a <strong>deixar-los en diferents llocs de la localitat i que qualsevol persona puga agafar algun, portar-lo a casa i conservar-lo o tornar a alliberar-lo en altres llocs despr\u00e9s de la seua lectura<\/strong>\u201d, ha explicat Ant\u00f3n, que ha destacat que, si els lectors els registren en la web de Bookcrossing, poden seguir-los la pista i comprovar com \u201cviatgen\u201d. \u201cEns consta que llibres que han sigut alliberats a Elx han arribat a ciutats com Barcelona o de l&#8217;estranger\u201d, ha indicat.<\/p>\n<h5>Bibliob\u00fas i m\u00e9s activitats<\/h5>\n<p>Ant\u00f3n, a m\u00e9s, ha subratllat que el divendres 22, el Bibliob\u00fas d&#8217;Elx, un dels pocs que existeixen a la Comunitat Valenciana i que \u201cest\u00e0 interioritzat\u201d en la din\u00e0mica cultural local, romandr\u00e0 a la Pla\u00e7a de Baix. Tot aix\u00f2 per a donar-li \u201cvisibilitat\u201d, segons ha exposat, i que la ciutadania el tinga en compte com a recurs al seu abast i aix\u00ed <strong>posar en valor la seua missi\u00f3 de fomentar la lectura i de repartir els llibres a les pedanies i a aquells que \u201cno puguen acostar-se a les biblioteques<\/strong>\u201d.<\/p>\n<p>Igualment, l&#8217;edil ha recordat que l&#8217;exposici\u00f3 dirigida al p\u00fablic familiar <strong>\u2018La volta al m\u00f3n en 160 marcap\u00e0gines\u2019 continua a l&#8217;Ordre Tercer, igual que els tallers infantils de creaci\u00f3 de marcap\u00e0gines lligats a aquesta, que se celebraran els dies 20, 21 i 23 d&#8217;abril, d&#8217;11.00 a 13.00 hores, amb necessitat d&#8217;inscripci\u00f3 pr\u00e8via<\/strong>. D&#8217;altra banda, el divendres 29, el claustre de la biblioteca Pere Ibarra albergar\u00e0 la presentaci\u00f3 del llibre <em>Mireia Walker<\/em>, de Jos\u00e9 \u00c1ngel Antonio Mart\u00ednez.[\/vc_column_text][\/vc_column][\/vc_row][vc_row el_id=&#8221;DESTACADO_NOTICIA&#8221;][vc_column][vc_column_text el_class=&#8221;cuadronoticia&#8221;]<\/p>\n<h5>El Bibliob\u00fas d&#8217;Elx, un dels pocs serveis d&#8217;aquestes caracter\u00edstiques existents a la Comunitat Valenciana, romandr\u00e0 a la Pla\u00e7a de Baix el dia 22 d&#8217;abril<\/h5>\n<p>[\/vc_column_text][\/vc_column][\/vc_row][vc_row el_id=&#8221;TEXTO_FIN_NOTICIA&#8221;][vc_column][vc_column_text]Marga Ant\u00f3n ha dit que <strong>aquesta programaci\u00f3 de la Regidoria, a trav\u00e9s de l&#8217;equip hum\u00e0 que desenvolupa la seua labor a les biblioteques il\u00b7licitanes, s\u00f3n per a tota classe de p\u00fablics amb la finalitat d&#8217;incentivar el foment de la lectura<\/strong>, ha reiterat. I que iniciatives com ara \u2018Contes des del bressol\u2019 de les mateixes biblioteques municipals, en la qual es convida als pares i les mares a con\u00e9ixer, amb els seus fills i filles, aquestes instal\u00b7lacions per a \u201ccon\u00e9ixer la secci\u00f3 de llibres per a beb\u00e9s i tindre l&#8217;oportunitat de realitzar i que tinguen l&#8217;oportunitat de fer eixe primer carnet de lector des d&#8217;1 any\u201d, \u00e9s una manera de crear \u201camants de la lectura\u201d i que \u201cel dia de dem\u00e0, a trav\u00e9s dels seus progenitors, tinguen l&#8217;h\u00e0bit de llegir i s\u00e0pien que eixos recursos estan a la seua disposici\u00f3\u201d, ha concl\u00f2s l&#8217;edil.<\/p>\n<hr \/>\n<p>&nbsp;<\/p>\n<p>[\/vc_column_text][\/vc_column][\/vc_row][vc_row][vc_column width=&#8221;1\/6&#8243;][\/vc_column][vc_column width=&#8221;2\/3&#8243;]<audio class=\"sc_audio\" src=\"https:\/\/soundcloud.com\/ayuntamiento-de-elche\/presentacion-de-la-xii-edicion-del-bookcrossing-elx?utm_source=clipboard&#038;utm_medium=text&#038;utm_campaign=social_sharing\" width=\"\" height=\"\"><\/audio>[\/vc_column][vc_column width=&#8221;1\/6&#8243;][\/vc_column][\/vc_row]<\/p>\n<\/div>","protected":false},"excerpt":{"rendered":"<p>[vc_row el_id=&#8221;SUBTITULAR_NOTICIA&#8221;][vc_column][vc_column_text] La edil del \u00e1rea, Marga Ant\u00f3n, explica que los ejemplares versar\u00e1n sobre diferentes disciplinas, en valenciano y castellano, y dirigidos al p\u00fablico infantil, juvenil y adulto [\/vc_column_text][\/vc_column][\/vc_row][vc_row el_id=&#8221;TEXTO_NOTICIA&#8221;][vc_column][vc_column_text]La [&hellip;]<\/p>\n","protected":false},"author":131,"featured_media":193788,"comment_status":"closed","ping_status":"closed","sticky":false,"template":"","format":"standard","meta":{"footnotes":""},"categories":[193,391,1312],"tags":[],"class_list":["post-193856","post","type-post","status-publish","format-standard","has-post-thumbnail","hentry","category-cultura-va","category-home-va","category-noticias-va"],"_links":{"self":[{"href":"https:\/\/www.elche.es\/va\/wp-json\/wp\/v2\/posts\/193856","targetHints":{"allow":["GET"]}}],"collection":[{"href":"https:\/\/www.elche.es\/va\/wp-json\/wp\/v2\/posts"}],"about":[{"href":"https:\/\/www.elche.es\/va\/wp-json\/wp\/v2\/types\/post"}],"author":[{"embeddable":true,"href":"https:\/\/www.elche.es\/va\/wp-json\/wp\/v2\/users\/131"}],"replies":[{"embeddable":true,"href":"https:\/\/www.elche.es\/va\/wp-json\/wp\/v2\/comments?post=193856"}],"version-history":[{"count":0,"href":"https:\/\/www.elche.es\/va\/wp-json\/wp\/v2\/posts\/193856\/revisions"}],"wp:featuredmedia":[{"embeddable":true,"href":"https:\/\/www.elche.es\/va\/wp-json\/wp\/v2\/media\/193788"}],"wp:attachment":[{"href":"https:\/\/www.elche.es\/va\/wp-json\/wp\/v2\/media?parent=193856"}],"wp:term":[{"taxonomy":"category","embeddable":true,"href":"https:\/\/www.elche.es\/va\/wp-json\/wp\/v2\/categories?post=193856"},{"taxonomy":"post_tag","embeddable":true,"href":"https:\/\/www.elche.es\/va\/wp-json\/wp\/v2\/tags?post=193856"}],"curies":[{"name":"wp","href":"https:\/\/api.w.org\/{rel}","templated":true}]}}