{"id":194325,"date":"2022-04-26T11:51:59","date_gmt":"2022-04-26T10:51:59","guid":{"rendered":"https:\/\/www.elche.es\/2022\/04\/la-campanya-eixir-de-nit-de-la-regidoria-de-neteja-i-durbaser-aconsegueix-tres-premis-al-smile-festival-de-publicitat\/"},"modified":"2022-04-26T11:51:59","modified_gmt":"2022-04-26T10:51:59","slug":"la-campanya-eixir-de-nit-de-la-regidoria-de-neteja-i-durbaser-aconsegueix-tres-premis-al-smile-festival-de-publicitat","status":"publish","type":"post","link":"https:\/\/www.elche.es\/va\/2022\/04\/la-campanya-eixir-de-nit-de-la-regidoria-de-neteja-i-durbaser-aconsegueix-tres-premis-al-smile-festival-de-publicitat\/","title":{"rendered":"La campanya \u2018Eixir de Nit\u2019, de la Regidoria de Neteja i d\u2019Urbaser, aconsegueix tres premis al \u2018Smile festival\u2019 de publicitat"},"content":{"rendered":"<div class=\"wpb-content-wrapper\"><p>[vc_row el_id=&#8221;TEXTO_NOTICIA&#8221;][vc_column][vc_column_text]La campanya \u2018Eixir de Nit\u2019 impulsada per l&#8217;Ajuntament d&#8217;Elx i per Urbaser (anterior adjudicat\u00e0ria del servei de neteja a Elx) amb la finalitat de conscienciar la ciutadania sobre la necessitat de respectar l&#8217;horari en el qual el fem s&#8217;ha de depositar en els contenidors <strong>ha rebut tres premis al Festival Internacional de Publicitat \u2018Smile festival\u2019<\/strong>.<\/p>\n<p>La campanya, realitzada per l&#8217;ag\u00e8ncia il\u00b7licitana Render ha obtingut els premis a la <strong>millor creativitat en la web, a la millor execuci\u00f3 de campanya publicit\u00e0ria i a la millor estrat\u00e8gia en campanya en xarxes socials<\/strong>.[\/vc_column_text][\/vc_column][\/vc_row][vc_row source=&#8221;media_library&#8221; image=&#8221;&#8221; img_size=&#8221;medium&#8221; external_img_size=&#8221;&#8221; add_caption=&#8221;&#8221; alignment=&#8221;center&#8221; style=&#8221;&#8221; external_style=&#8221;&#8221; border_color=&#8221;grey&#8221; external_border_color=&#8221;grey&#8221; onclick=&#8221;link_image&#8221; img_link_target=&#8221;_self&#8221; el_class=&#8221;fotounicanoticiavertical&#8221; title=&#8221;&#8221; custom_src=&#8221;&#8221; caption=&#8221;&#8221; link=&#8221;&#8221; img_link_large=&#8221;&#8221;][vc_column][vc_single_image image=&#8221;194317&#8243; img_size=&#8221;medium&#8221; alignment=&#8221;center&#8221; onclick=&#8221;link_image&#8221; el_class=&#8221;fotounicanoticiavertical&#8221;][\/vc_column][\/vc_row][vc_row el_id=&#8221;TEXTO_FIN_NOTICIA&#8221;][vc_column][vc_column_text]Tal com ha recordat l&#8217;edil de Neteja, H\u00e9ctor D\u00edez, \u201cJo isc de nit. Tire el fem de 9 a 11 de la nit\u201d tenia per objecte <strong>conscienciar la ciutadania sobre la necessitat de depositar el fem als contenidors en l&#8217;horari establit (de 9 a 11 de la nit)<\/strong> amb la finalitat d&#8217;evitar als ve\u00efns i a les ve\u00efnes males olors i una mala imatge de la ciutat.<\/p>\n<p>\u201cEl que propos\u00e0vem a la ciutadania amb aquesta campanya eren plans per a eixir de nit i aix\u00ed complir amb l&#8217;objectiu de ser fidel a l&#8217;horari que correspon per a tirar el fem per a aix\u00ed garantir que el servei la recull puntualment i<strong> no perjudiquem la resta de ve\u00efns si la tirem fora d&#8217;hora<\/strong>.<\/p>\n<p>D&#8217;una forma simp\u00e0tica, la campanya donava a con\u00e9ixer l&#8217;horari de tirar el fem i \u201cm\u00e9s que una obligaci\u00f3, <strong>el present\u00e0vem com una oportunitat per a realitzar qualsevol altre pla<\/strong>, com \u00e9s el cas de traure el gos, eixir a c\u00f3rrer o fer alguna telefonada\u201d.<\/p>\n<hr \/>\n<p>&nbsp;<\/p>\n<p>[\/vc_column_text][\/vc_column][\/vc_row]<\/p>\n<\/div>","protected":false},"excerpt":{"rendered":"<p>[vc_row el_id=&#8221;TEXTO_NOTICIA&#8221;][vc_column][vc_column_text]La campanya \u2018Eixir de Nit\u2019 impulsada per l&#8217;Ajuntament d&#8217;Elx i per Urbaser (anterior adjudicat\u00e0ria del servei de neteja a Elx) amb la finalitat de conscienciar la ciutadania sobre la [&hellip;]<\/p>\n","protected":false},"author":131,"featured_media":194323,"comment_status":"closed","ping_status":"closed","sticky":false,"template":"","format":"standard","meta":{"footnotes":""},"categories":[391,2783,680,1312],"tags":[],"class_list":["post-194325","post","type-post","status-publish","format-standard","has-post-thumbnail","hentry","category-home-va","category-limpieza-va","category-mantenimiento-va","category-noticias-va"],"_links":{"self":[{"href":"https:\/\/www.elche.es\/va\/wp-json\/wp\/v2\/posts\/194325","targetHints":{"allow":["GET"]}}],"collection":[{"href":"https:\/\/www.elche.es\/va\/wp-json\/wp\/v2\/posts"}],"about":[{"href":"https:\/\/www.elche.es\/va\/wp-json\/wp\/v2\/types\/post"}],"author":[{"embeddable":true,"href":"https:\/\/www.elche.es\/va\/wp-json\/wp\/v2\/users\/131"}],"replies":[{"embeddable":true,"href":"https:\/\/www.elche.es\/va\/wp-json\/wp\/v2\/comments?post=194325"}],"version-history":[{"count":0,"href":"https:\/\/www.elche.es\/va\/wp-json\/wp\/v2\/posts\/194325\/revisions"}],"wp:featuredmedia":[{"embeddable":true,"href":"https:\/\/www.elche.es\/va\/wp-json\/wp\/v2\/media\/194323"}],"wp:attachment":[{"href":"https:\/\/www.elche.es\/va\/wp-json\/wp\/v2\/media?parent=194325"}],"wp:term":[{"taxonomy":"category","embeddable":true,"href":"https:\/\/www.elche.es\/va\/wp-json\/wp\/v2\/categories?post=194325"},{"taxonomy":"post_tag","embeddable":true,"href":"https:\/\/www.elche.es\/va\/wp-json\/wp\/v2\/tags?post=194325"}],"curies":[{"name":"wp","href":"https:\/\/api.w.org\/{rel}","templated":true}]}}