{"id":194335,"date":"2022-04-26T12:57:10","date_gmt":"2022-04-26T11:57:10","guid":{"rendered":"https:\/\/www.elche.es\/2022\/04\/comerc-commemora-el-dia-de-la-mare-amb-un-taller-coeducatiu-teatre-en-valencia-contacontes-i-magia-en-familia\/"},"modified":"2022-04-26T12:57:11","modified_gmt":"2022-04-26T11:57:11","slug":"comerc-commemora-el-dia-de-la-mare-amb-un-taller-coeducatiu-teatre-en-valencia-contacontes-i-magia-en-familia","status":"publish","type":"post","link":"https:\/\/www.elche.es\/va\/2022\/04\/comerc-commemora-el-dia-de-la-mare-amb-un-taller-coeducatiu-teatre-en-valencia-contacontes-i-magia-en-familia\/","title":{"rendered":"Comer\u00e7 commemora el Dia de la Mare amb un taller coeducatiu, teatre en valenci\u00e0, contacontes i m\u00e0gia en fam\u00edlia"},"content":{"rendered":"<div class=\"wpb-content-wrapper\"><p>[vc_row el_id=&#8221;SUBTITULAR_NOTICIA&#8221;][vc_column][vc_column_text]<\/p>\n<hr \/>\n<h4>L&#8217;edil de l&#8217;\u00e0rea, Felip S\u00e0nchez, informa que totes les activitats tindran lloc a les 18.00 hores del divendres a la pla\u00e7a de Baix, al jard\u00ed Salvador Allende, al jard\u00ed de les Cultures d&#8217;Altabix i a la pla\u00e7a Francesc Cant\u00f3<\/h4>\n<hr \/>\n<p>[\/vc_column_text][\/vc_column][\/vc_row][vc_row type=&#8221;square&#8221; style_color=&#8221;original&#8221; style=&#8221;filled&#8221; size=&#8221;large&#8221; icon=&#8221;inherit&#8221; color=&#8221;&#8221; bg_color=&#8221;&#8221; align=&#8221;center&#8221; link=&#8221;&#8221; target=&#8221;_blank&#8221; popup=&#8221;&#8221; rel=&#8221;&#8221; id=&#8221;&#8221; class=&#8221;btndentronoticia&#8221; animation=&#8221;none&#8221; width=&#8221;&#8221; height=&#8221;&#8221; top=&#8221;small&#8221; bottom=&#8221;small&#8221; left=&#8221;huge&#8221; right=&#8221;huge&#8221;][vc_column]<a href=\"https:\/\/www.elche.es\/wp-content\/uploads\/2022\/04\/Cartel-mil-i-una.pdf\" target=\"_blank\" class=\"sc_button sc_button_square sc_button_style_filled style_original sc_button_size_large aligncenter btndentronoticia margin_top_small margin_right_huge margin_bottom_small margin_left_huge\">Clica ac\u00ed per a veure el cartell<\/a>[\/vc_column][\/vc_row][vc_row el_id=&#8221;TEXTO_NOTICIA&#8221;][vc_column][vc_column_text]La Regidoria de Comer\u00e7 de l&#8217;Ajuntament d&#8217;Elx ha posat en marxa una nova campanya sota el lema \u201c<strong>Elx, una ciutat per a celebrar\u201d amb motiu del Dia de la Mare, que se celebrar\u00e0 aquest diumenge 1 de maig<\/strong>. Un taller coeducatiu, una mostra de teatre, contacontes i m\u00e0gia en fam\u00edlia s\u00f3n les activitats que es duran a terme per a commemorar aquesta efem\u00e8ride i tindran lloc en quatre punts comercials de la ciutat el divendres 29 d&#8217;abril a les 18.00 hores, tal com ha informat aquest mat\u00ed l&#8217;edil de l&#8217;\u00e0rea, Felip S\u00e0nchez.[\/vc_column_text][\/vc_column][\/vc_row][vc_row source=&#8221;media_library&#8221; image=&#8221;&#8221; img_size=&#8221;medium&#8221; external_img_size=&#8221;&#8221; add_caption=&#8221;&#8221; alignment=&#8221;center&#8221; style=&#8221;&#8221; external_style=&#8221;&#8221; border_color=&#8221;grey&#8221; external_border_color=&#8221;grey&#8221; onclick=&#8221;link_image&#8221; img_link_target=&#8221;_self&#8221; el_class=&#8221;fotounicanoticiavertical&#8221; title=&#8221;&#8221; custom_src=&#8221;&#8221; caption=&#8221;&#8221; link=&#8221;&#8221; img_link_large=&#8221;&#8221;][vc_column][vc_single_image image=&#8221;194306&#8243; img_size=&#8221;medium&#8221; alignment=&#8221;center&#8221; onclick=&#8221;link_image&#8221; el_class=&#8221;fotounicanoticiavertical&#8221;][\/vc_column][\/vc_row][vc_row][vc_column][vc_column_text]<strong>A la pla\u00e7a de Baix tindr\u00e0 lloc una mostra de teatre en valenci\u00e0 \u201cAventures del Quixot\u201d<\/strong> de la m\u00e0 de Lluis Abad Grup Conta3 i el jard\u00ed de les Cultures d&#8217;Altabix comptar\u00e0 amb un taller coeducatiu \u201dLa meua fam\u00edlia \u00e9s \u00fanica\u201d en el qual els participants analitzaran la quantitat de tasques que cal fer a casa i la import\u00e0ncia de la col\u00b7laboraci\u00f3 de tots. A m\u00e9s, a la pla\u00e7a Francesc Cant\u00f3 es desenvolupar\u00e0 un espectacle de m\u00e0gia a c\u00e0rrec del mag Dalox i al jard\u00ed de Salvador Allende el p\u00fablic podr\u00e0 gaudir d&#8217;un contacontes \u201cSemelengualatraba\u201d per l&#8217;escriptora Cristi Guti.[\/vc_column_text][\/vc_column][\/vc_row][vc_row el_id=&#8221;DESTACADO_NOTICIA&#8221;][vc_column][vc_column_text el_class=&#8221;cuadronoticia&#8221;]<\/p>\n<h5>S\u00e0nchez destaca que a m\u00e9s de divertir i entretindre les fam\u00edlies a l&#8217;entorn de les zones comercials, amb aquestes activitats es busca motivar la poblaci\u00f3 a comprar al comer\u00e7 de proximitat<\/h5>\n<p>[\/vc_column_text][\/vc_column][\/vc_row][vc_row el_id=&#8221;TEXTO_FIN_NOTICIA&#8221;][vc_column][vc_column_text]<strong>S\u00e0nchez ha destacat que aquesta iniciativa parla de records quotidians i especials de les mares<\/strong> i ha convidat la ciutadania a participar. L&#8217;edil ha explicat que \u201ca m\u00e9s de divertir i entretindre les fam\u00edlies a l&#8217;entorn de les zones comercials, amb aquestes activitats es busca motivar la poblaci\u00f3 a eixir als carrers perqu\u00e8 eixe regal es trobe al comer\u00e7 de proximitat\u201d.<\/p>\n<hr \/>\n<p>&nbsp;<\/p>\n<p>[\/vc_column_text][\/vc_column][\/vc_row][vc_row][vc_column width=&#8221;1\/6&#8243;][\/vc_column][vc_column width=&#8221;2\/3&#8243;]<audio class=\"sc_audio\" src=\"https:\/\/soundcloud.com\/ayuntamiento-de-elche\/actividades-con-motivo-del-dia-de-la-madre?utm_source=clipboard&#038;utm_medium=text&#038;utm_campaign=social_sharing\" width=\"\" height=\"\"><\/audio>[\/vc_column][vc_column width=&#8221;1\/6&#8243;][\/vc_column][\/vc_row]<\/p>\n<\/div>","protected":false},"excerpt":{"rendered":"<p>[vc_row el_id=&#8221;SUBTITULAR_NOTICIA&#8221;][vc_column][vc_column_text] L&#8217;edil de l&#8217;\u00e0rea, Felip S\u00e0nchez, informa que totes les activitats tindran lloc a les 18.00 hores del divendres a la pla\u00e7a de Baix, al jard\u00ed Salvador Allende, al [&hellip;]<\/p>\n","protected":false},"author":131,"featured_media":194303,"comment_status":"closed","ping_status":"closed","sticky":false,"template":"","format":"standard","meta":{"footnotes":""},"categories":[2636,391,1312],"tags":[],"class_list":["post-194335","post","type-post","status-publish","format-standard","has-post-thumbnail","hentry","category-comerc-va","category-home-va","category-noticias-va"],"_links":{"self":[{"href":"https:\/\/www.elche.es\/va\/wp-json\/wp\/v2\/posts\/194335","targetHints":{"allow":["GET"]}}],"collection":[{"href":"https:\/\/www.elche.es\/va\/wp-json\/wp\/v2\/posts"}],"about":[{"href":"https:\/\/www.elche.es\/va\/wp-json\/wp\/v2\/types\/post"}],"author":[{"embeddable":true,"href":"https:\/\/www.elche.es\/va\/wp-json\/wp\/v2\/users\/131"}],"replies":[{"embeddable":true,"href":"https:\/\/www.elche.es\/va\/wp-json\/wp\/v2\/comments?post=194335"}],"version-history":[{"count":0,"href":"https:\/\/www.elche.es\/va\/wp-json\/wp\/v2\/posts\/194335\/revisions"}],"wp:featuredmedia":[{"embeddable":true,"href":"https:\/\/www.elche.es\/va\/wp-json\/wp\/v2\/media\/194303"}],"wp:attachment":[{"href":"https:\/\/www.elche.es\/va\/wp-json\/wp\/v2\/media?parent=194335"}],"wp:term":[{"taxonomy":"category","embeddable":true,"href":"https:\/\/www.elche.es\/va\/wp-json\/wp\/v2\/categories?post=194335"},{"taxonomy":"post_tag","embeddable":true,"href":"https:\/\/www.elche.es\/va\/wp-json\/wp\/v2\/tags?post=194335"}],"curies":[{"name":"wp","href":"https:\/\/api.w.org\/{rel}","templated":true}]}}