{"id":195688,"date":"2022-05-04T14:06:23","date_gmt":"2022-05-04T13:06:23","guid":{"rendered":"https:\/\/www.elche.es\/2022\/05\/el-salo-de-plens-acull-la-lectura-del-manifest-pel-dia-internacional-contra-lassetjament-escolar\/"},"modified":"2022-05-04T14:06:24","modified_gmt":"2022-05-04T13:06:24","slug":"el-salo-de-plens-acull-la-lectura-del-manifest-pel-dia-internacional-contra-lassetjament-escolar","status":"publish","type":"post","link":"https:\/\/www.elche.es\/va\/2022\/05\/el-salo-de-plens-acull-la-lectura-del-manifest-pel-dia-internacional-contra-lassetjament-escolar\/","title":{"rendered":"El Sal\u00f3 de Plens acull la lectura del manifest pel Dia Internacional Contra l&#8217;Assetjament Escolar"},"content":{"rendered":"<div class=\"wpb-content-wrapper\"><p>[vc_row el_id=&#8221;SUBTITULAR_NOTICIA&#8221;][vc_column][vc_column_text]<\/p>\n<hr \/>\n<h4>L&#8217;alcalde, Carlos Gonz\u00e1lez, l&#8217;edil d&#8217;Educaci\u00f3, Mar\u00eda Jos\u00e9 Mart\u00ednez, la presidenta de l&#8217;associaci\u00f3 Pl\u00e1ntale Cara al Bullying, Salud Alarc\u00f3n, membres de l&#8217;Equip de Govern i de la Corporaci\u00f3 Municipal, escolten el text llegit per Zaira Belda Mart\u00ednez, alumna de cinqu\u00e9 de prim\u00e0ria del CEIP Men\u00e9ndez Pelayo<\/h4>\n<hr \/>\n<p>[\/vc_column_text][\/vc_column][\/vc_row][vc_row el_id=&#8221;TEXTO_NOTICIA&#8221;][vc_column][vc_column_text]La condemna al <em>bullying<\/em> s&#8217;ha tornat a fer patent un any m\u00e9s al Sal\u00f3 de Plens de l&#8217;Ajuntament d&#8217;Elx per la commemoraci\u00f3 del <strong>Dia Internacional Contra l&#8217;Assetjament Escolar<\/strong>, l&#8217;efem\u00e8ride del qual va ser dilluns 2 de maig. L&#8217;alcalde, <strong>Carlos Gonz\u00e1lez, la regidora d&#8217;Educaci\u00f3, Mar\u00eda Jos\u00e9 Mart\u00ednez, la presidenta de l&#8217;associaci\u00f3 Pl\u00e1ntale Cara al Bullying, Salud Alarc\u00f3n<\/strong>, membres de l&#8217;Equip de Govern i de la Corporaci\u00f3 Municipal, han escoltat el text llegit per <strong>Zaira Belda Mart\u00ednez, alumna de cinqu\u00e9 de prim\u00e0ria del CEIP Men\u00e9ndez Pelayo<\/strong>, en el qual es condemna una problem\u00e0tica que, segons la Unesco en el seu \u00faltim informe de 2019, un de cada tres menors escolaritzats a tot el m\u00f3n viuen de prop aquest mal.<\/p>\n<p>\u201c<strong>Reafirmem el comprom\u00eds municipal contra l&#8217;assetjament escolar\u201d, ha manifestat Gonz\u00e1lez<\/strong>, que ha agra\u00eft a l&#8217;entitat encap\u00e7alada per Alarc\u00f3n que \u201cimpulse la commemoraci\u00f3 d&#8217;una jornada tan important perqu\u00e8 li donem visibilitat a un problema real\u201d. El regidor ha recalcat que \u201cZaira li ha posat veu a un problema, insistisc, que existeix a la societat i que es dona a les aules. I que t\u00e9 transcend\u00e8ncia i rellev\u00e0ncia tant de manera individual per als qui ho pateixen com en l&#8217;\u00e0mbit familiar i escolar\u201d.[\/vc_column_text][\/vc_column][\/vc_row][vc_row el_id=&#8221;DESTACADO_NOTICIA&#8221;][vc_column][vc_gallery type=&#8221;flexslider_slide&#8221; interval=&#8221;5&#8243; images=&#8221;195610,195608,195606&#8243; img_size=&#8221;full&#8221; el_class=&#8221;galerianoticia&#8221;][\/vc_column][\/vc_row][vc_row][vc_column][vc_column_text]Gonz\u00e1lez ha instat a \u201c<strong>tra\u00e7ar i trenar aliances entre les fam\u00edlies, les institucions i amb els centres escolars<\/strong>; tamb\u00e9, amb actors protagonistes com les associacions per a comprometre&#8217;ns en la lluita contra un problema que, de vegades, t\u00e9 un cost social extraordinari i que hem d&#8217;atallar mitjan\u00e7ant estrat\u00e8gies i comprom\u00eds\u201d.<\/p>\n<p>En eixe sentit, la titular d&#8217;Educaci\u00f3 ha recordat que des de l&#8217;Ajuntament es porta treballant des de fa diversos cursos contra l&#8217;assetjament escolar. En concret, enguany es du a terme <strong>la IV edici\u00f3 del Projecte de Prevenci\u00f3 de l&#8217;Assetjament Escolar a les Aules en col\u00b7laboraci\u00f3 amb les fundacions ANAR i Pikolinos<\/strong>. \u201cEn 2022 arribarem a una vintena de centres educatius del municipi\u201d, ha subratllat la responsable municipal.<\/p>\n<p>\u201cDes de l&#8217;Ajuntament subscrivim totes i cadascuna de les paraules llegides per Zaira en el manifest, i que cadascuna de les administracions, de la m\u00e0 de les entitats, de les fam\u00edlies i de tota la comunitat educativa estem en l&#8217;obligaci\u00f3 de fer <strong>entorns educatius saludables, segurs i estables<\/strong> on els nostres fills i filles puguen aprendre i desenvolupar-se plenament com a persones sense por de que els passe res contra la seua integritat i la seua persona\u201d, ha assenyalat Mart\u00ednez.[\/vc_column_text][\/vc_column][\/vc_row][vc_row type=&#8221;flexslider_slide&#8221; interval=&#8221;5&#8243; source=&#8221;media_library&#8221; images=&#8221;&#8221; img_size=&#8221;full&#8221; external_img_size=&#8221;&#8221; onclick=&#8221;link_image&#8221; custom_links_target=&#8221;_self&#8221; el_class=&#8221;galerianoticia&#8221; title=&#8221;&#8221; custom_srcs=&#8221;&#8221; custom_links=&#8221;&#8221;][vc_column][vc_column_text el_class=&#8221;cuadronoticia&#8221;]<\/p>\n<h5>La Regidoria d&#8217;Educaci\u00f3 de l&#8217;Ajuntament d&#8217;Elx posa en marxa en 2022 la IV edici\u00f3 del Projecte de Prevenci\u00f3 de l&#8217;Assetjament Escolar a les Aules en col\u00b7laboraci\u00f3 amb les fundacions ANAR i Pikolinos perqu\u00e8 els centres d&#8217;ensenyament del municipi siguen espais segurs<\/h5>\n<p>[\/vc_column_text][\/vc_column][\/vc_row][vc_row][vc_column][vc_column_text]La presidenta de Pl\u00e1ntale Cara al Bullying, despr\u00e9s de rebre l&#8217;agra\u00efment de Gonz\u00e1lez i de Mart\u00ednez per la labor de l&#8217;associaci\u00f3 amb seu a Petrer, per\u00f2 d&#8217;\u00e0mbit provincial, la qual juntament amb les fam\u00edlies i els menors v\u00edctimes d&#8217;aquesta xacra \u2013amb suport de professionals com ara psic\u00f2legs i advocats\u2013, ha donat les gr\u00e0cies per la rebuda, el suport i la participaci\u00f3 del Govern local en la commemoraci\u00f3 de l&#8217;efem\u00e8ride. I ha avan\u00e7at que <strong>Pl\u00e1ntale Cara al Bullying treballar\u00e0, al costat de la Regidoria i l&#8217;Ajuntament il\u00b7licit\u00e0<\/strong>, en noves iniciatives per a combatre l&#8217;assetjament escolar.<\/p>\n<h5>Un drama en xifres<\/h5>\n<p>L&#8217;informe PISA de 2018 conclou que Espanya es troba entre els pa\u00efsos amb l&#8217;\u00edndex m\u00e9s baix d&#8217;exposici\u00f3 a l&#8217;assetjament entre els i les estudiants de 15 anys. A m\u00e9s, en el mateix se cita textualment que a<strong>l voltant del 17% de l&#8217;alumnat ha patit algun tipus d&#8217;assetjament al nostre pa\u00eds, per sota de la mitjana de l&#8217;OCDE<\/strong>. Malgrat aix\u00f2, l&#8217;\u00faltima mem\u00f2ria anual publicada sobre conviv\u00e8ncia a les aules a la Comunitat Valenciana, 2016\/2017, xifra una mesura de tres assetjaments al dia a les escoles del nostre territori.[\/vc_column_text][\/vc_column][\/vc_row][vc_row source=&#8221;media_library&#8221; image=&#8221;&#8221; img_size=&#8221;full&#8221; external_img_size=&#8221;&#8221; add_caption=&#8221;&#8221; alignment=&#8221;left&#8221; style=&#8221;&#8221; external_style=&#8221;&#8221; border_color=&#8221;grey&#8221; external_border_color=&#8221;grey&#8221; onclick=&#8221;link_image&#8221; img_link_target=&#8221;_self&#8221; el_class=&#8221;fotounicanoticia&#8221; title=&#8221;&#8221; custom_src=&#8221;&#8221; caption=&#8221;&#8221; link=&#8221;&#8221; img_link_large=&#8221;&#8221;][vc_column][vc_single_image image=&#8221;195677&#8243; img_size=&#8221;medium&#8221; alignment=&#8221;center&#8221; onclick=&#8221;link_image&#8221; el_class=&#8221;fotounicanoticiavertical&#8221;][\/vc_column][\/vc_row][vc_row el_id=&#8221;TEXTO_FIN_NOTICIA&#8221;][vc_column][vc_column_text]<strong>La m\u00e9s freq\u00fcent de les incid\u00e8ncies referents a l&#8217;assetjament escolar continua sent la viol\u00e8ncia verbal, amb un 64% dels casos registrats, seguida de la viol\u00e8ncia f\u00edsica, molt menys freq\u00fcent. Quant al ciberassetjament va passar d&#8217;un 7% a un 16% en un any<\/strong>, dada clarament en augment. \u201cAquesta \u00e9s la realitat de l&#8217;assetjament escolar. La nostra societat ha fet grans passos en l&#8217;erradicaci\u00f3 d&#8217;aquest problema: es van dictar lleis, es van armar instruments, protocols, formaci\u00f3, sensibilitzaci\u00f3\u2026 Per\u00f2 encara queda molt per fer, tenim molt per davant perqu\u00e8 un 17% no \u00e9s acceptable\u201d, ha dit Zaira Belda, que ha concl\u00f2s amb aquestes paraules la seua intervenci\u00f3.<\/p>\n<hr \/>\n<p>&nbsp;<\/p>\n<p>[\/vc_column_text][\/vc_column][\/vc_row][vc_row][vc_column width=&#8221;1\/6&#8243;][\/vc_column][vc_column width=&#8221;2\/3&#8243;]<audio class=\"sc_audio\" src=\"https:\/\/soundcloud.com\/ayuntamiento-de-elche\/lectura-del-dia-internacional-contra-el-acoso-escolar?utm_source=clipboard&#038;utm_medium=text&#038;utm_campaign=social_sharing\" width=\"\" height=\"\"><\/audio>[\/vc_column][vc_column width=&#8221;1\/6&#8243;][\/vc_column][\/vc_row]<\/p>\n<\/div>","protected":false},"excerpt":{"rendered":"<p>[vc_row el_id=&#8221;SUBTITULAR_NOTICIA&#8221;][vc_column][vc_column_text] L&#8217;alcalde, Carlos Gonz\u00e1lez, l&#8217;edil d&#8217;Educaci\u00f3, Mar\u00eda Jos\u00e9 Mart\u00ednez, la presidenta de l&#8217;associaci\u00f3 Pl\u00e1ntale Cara al Bullying, Salud Alarc\u00f3n, membres de l&#8217;Equip de Govern i de la Corporaci\u00f3 Municipal, [&hellip;]<\/p>\n","protected":false},"author":131,"featured_media":195624,"comment_status":"closed","ping_status":"closed","sticky":false,"template":"","format":"standard","meta":{"footnotes":""},"categories":[194,391,1312],"tags":[],"class_list":["post-195688","post","type-post","status-publish","format-standard","has-post-thumbnail","hentry","category-educacio-va","category-home-va","category-noticias-va"],"_links":{"self":[{"href":"https:\/\/www.elche.es\/va\/wp-json\/wp\/v2\/posts\/195688","targetHints":{"allow":["GET"]}}],"collection":[{"href":"https:\/\/www.elche.es\/va\/wp-json\/wp\/v2\/posts"}],"about":[{"href":"https:\/\/www.elche.es\/va\/wp-json\/wp\/v2\/types\/post"}],"author":[{"embeddable":true,"href":"https:\/\/www.elche.es\/va\/wp-json\/wp\/v2\/users\/131"}],"replies":[{"embeddable":true,"href":"https:\/\/www.elche.es\/va\/wp-json\/wp\/v2\/comments?post=195688"}],"version-history":[{"count":0,"href":"https:\/\/www.elche.es\/va\/wp-json\/wp\/v2\/posts\/195688\/revisions"}],"wp:featuredmedia":[{"embeddable":true,"href":"https:\/\/www.elche.es\/va\/wp-json\/wp\/v2\/media\/195624"}],"wp:attachment":[{"href":"https:\/\/www.elche.es\/va\/wp-json\/wp\/v2\/media?parent=195688"}],"wp:term":[{"taxonomy":"category","embeddable":true,"href":"https:\/\/www.elche.es\/va\/wp-json\/wp\/v2\/categories?post=195688"},{"taxonomy":"post_tag","embeddable":true,"href":"https:\/\/www.elche.es\/va\/wp-json\/wp\/v2\/tags?post=195688"}],"curies":[{"name":"wp","href":"https:\/\/api.w.org\/{rel}","templated":true}]}}