{"id":195804,"date":"2022-05-05T12:38:33","date_gmt":"2022-05-05T11:38:33","guid":{"rendered":"https:\/\/www.elche.es\/2022\/05\/losce-interpretara-el-dissabte-7-al-gran-teatre-el-concert-sueno-de-una-noche-de-verano\/"},"modified":"2022-05-05T12:38:34","modified_gmt":"2022-05-05T11:38:34","slug":"losce-interpretara-el-dissabte-7-al-gran-teatre-el-concert-sueno-de-una-noche-de-verano","status":"publish","type":"post","link":"https:\/\/www.elche.es\/va\/2022\/05\/losce-interpretara-el-dissabte-7-al-gran-teatre-el-concert-sueno-de-una-noche-de-verano\/","title":{"rendered":"L&#8217;OSCE interpretar\u00e0 el dissabte 7 al Gran Teatre el concert Sue\u00f1o de una noche de verano"},"content":{"rendered":"<div class=\"wpb-content-wrapper\"><p>[vc_row][vc_column][vc_column_text]El Gran Teatre ha programat per a aquest dissabte 7 de maig, a les 20 hores, el concert <em>Sue\u00f1o de una noche de verano<\/em> oferit per Orquestra Simf\u00f2nica Ciutat d&#8217;Elx, dirigida per Mihnea Ignat, i amb Kremena Gancheva com a violinista. L&#8217;OSCE interpretar\u00e0 peces de Mozart i Mendelssohn.<\/p>\n<p>El dijous 5, a les 20 hores, tamb\u00e9 al Gran Teatre, tindr\u00e0 lloc el segon lliurament del cicle <em>La dignitat de la paraula<\/em> de la m\u00e0 de Rosa Berbel.<\/p>\n<p>La proposta audiovisual dels Cinemes Odeon per a aquesta setmana se centra en l&#8217;exhibici\u00f3 de la semibiografia <em>Belfast<\/em>, que es podr\u00e0 veure des del dimecres 4 fins al diumenge 8 de maig. La pel\u00b7l\u00edcula narra la hist\u00f2ria del xicotet Buddy, que naix en un ambient de lluita obrera. Dissabte i el diumenge els m\u00e9s xicotets de la casa podran gaudir de la pel\u00b7l\u00edcula <em>Encanto<\/em>.<\/p>\n<p>El Centre de Cultura Contempor\u00e0nia L\u2019Escorxador presenta l&#8217;obra de teatre <em>El avaro<\/em> de la companyia Teatreta Teatre. Els passes seran divendres i dissabte a les 21 hores, i el diumenge a les 19 hores. Aix\u00ed mateix, diumenge al mat\u00ed, els xiquets i les xiquetes podran assistir al taller <em>Camaleones<\/em> impartit per Menuts i menudes artistes.<\/p>\n<p>A la Llotja Medieval i a L\u2019Escorxador, des del dimecres 27 d&#8217;abril fins al 12 de juny pot visitar-se la nova exposici\u00f3 <em>Consorci de Museus de la Comunitat Valenciana<\/em>. Mentre que a Les Clarisses prossegueix la mostra de <em>Les nostres dames<\/em>.[\/vc_column_text][\/vc_column][\/vc_row][vc_row][vc_column][vc_column_text css=&#8221;.vc_custom_1651744629738{padding-top: 25px !important;}&#8221;]<\/p>\n<h4>Gran Teatre<\/h4>\n<p>[\/vc_column_text][\/vc_column][\/vc_row][vc_row][vc_column][vc_column_text css=&#8221;.vc_custom_1651744961529{padding-top: 25px !important;}&#8221;]<\/p>\n<ul>\n<li><strong>Dijous 5 de maig.<\/strong><\/li>\n<\/ul>\n<p><strong>Confer\u00e8ncia:<\/strong> <em>Cicle: La dignitat de la paraula<\/em> amb Rosa Berbel.<\/p>\n<p><strong>Hora:<\/strong> 20 hores.<\/p>\n<p><strong>Entrades:<\/strong> Invitaci\u00f3.<\/p>\n<p>Informaci\u00f3: Graduada en Literatures Comparades, Rosa Berbel ha sigut guardonada amb el premi Ojo Cr\u00edtico de Poes\u00eda 2019 de RNE i el premi Andalusia de la Cr\u00edtica a la millor \u00d2pera Prima entre altres.<\/p>\n<ul>\n<li><strong>Dissabte 7 de maig.<\/strong><\/li>\n<\/ul>\n<p><strong>Concert:<\/strong> <em>Sue\u00f1o de una noche de verano<\/em> (Concert de Temporada V) per l&#8217;Orquestra Simf\u00f2nica Ciutat d&#8217;Elx OSCE.<\/p>\n<p><strong>Entrades:<\/strong> en Instanticket o a la taquilla.<\/p>\n<p><strong>Hora:<\/strong> 20 hores.<\/p>\n<p><strong>Informaci\u00f3:<\/strong> Programa amb peces de W. Mozart i F. Mendelssohn.[\/vc_column_text][\/vc_column][\/vc_row][vc_row][vc_column][vc_column_text css=&#8221;.vc_custom_1651745181906{padding-top: 25px !important;}&#8221;]<\/p>\n<h4>Cinemes Odeon<\/h4>\n<p>[\/vc_column_text][\/vc_column][\/vc_row][vc_row][vc_column][vc_column_text css=&#8221;.vc_custom_1651745285931{padding-top: 25px !important;}&#8221;]<\/p>\n<ul>\n<li><strong>Del dimecres 4 al diumenge 8 de maig.<\/strong><\/li>\n<\/ul>\n<p><strong>Cinema:<\/strong> <em>Belfast<\/em>, de Kenneth Branagh (el Regne Unit).<\/p>\n<p><strong>Entrades:<\/strong> en Instanticket i a la taquilla.<\/p>\n<p><strong>Passes:<\/strong> 17.30, 20 i 22.30 hores.<\/p>\n<p><strong>Informaci\u00f3:<\/strong> <em>Belfast<\/em> \u00e9s una com\u00e8dia semibiogr\u00e0fica dirigida i escrita per Kenneth Branagh.<\/p>\n<p><strong>Sinopsi:<\/strong> Drama ambientat en la tumultuosa Irlanda del Nord de finals dels anys 60. Segueix el xicotet Buddy mentre creix en un ambient de lluita obrera, canvis culturals, odi interreligi\u00f3s i viol\u00e8ncia sect\u00e0ria. Buddy somia amb un futur que l\u2019allunye dels problemes, per\u00f2, mentrestant, troba consol en la seua passi\u00f3 pel cinema, en la xiqueta que li agrada de la seua classe i en els seus carism\u00e0tics pares i avis.<\/p>\n<ul>\n<li><strong>Del dissabte 7 al diumenge 8 de maig.<\/strong><\/li>\n<\/ul>\n<p><strong>Cinema:<\/strong> <em>Encanto <\/em>de Jared Bush, Byron Howard, Charise Castro Smith (els Estats Units).<\/p>\n<p><strong>Entrades:<\/strong> en Instanticket i a la taquilla.<\/p>\n<p><strong>Passe:<\/strong> 17.30 hores.<\/p>\n<p><strong>Informaci\u00f3:<\/strong> <em>Encanto<\/em> est\u00e0 inspirada en la cultura colombiana, els seus costums, tradicions i gastronomia.<\/p>\n<p><strong>Sinopsi:<\/strong> Compta la hist\u00f2ria d&#8217;una fam\u00edlia extraordin\u00e0ria, els Madrigal, que viuen amagats a les muntanyes de Col\u00f2mbia, en una casa m\u00e0gica situada en un enclavament meravell\u00f3s anomenat Encanto. La m\u00e0gia d&#8217;Encanto ha dotat tots els xiquets de la fam\u00edlia un do \u00fanic, des de la superfor\u00e7a fins al poder de curar&#8230; Per\u00f2 es va oblidar d&#8217;un membre de la fam\u00edlia: Mirabel. Quan aquesta descobreix que la m\u00e0gia que envolta Encanto est\u00e0 en perill, decideix que ella, l&#8217;\u00fanica Madrigal normal, podria ser l&#8217;\u00faltima esperan\u00e7a de la seua extraordin\u00e0ria fam\u00edlia.[\/vc_column_text][\/vc_column][\/vc_row][vc_row][vc_column][vc_single_image image=&#8221;195771&#8243; img_size=&#8221;medium&#8221; alignment=&#8221;center&#8221; onclick=&#8221;link_image&#8221; el_class=&#8221;fotounicanoticiavertical&#8221; css=&#8221;.vc_custom_1651745336239{padding-top: 25px !important;}&#8221;][\/vc_column][\/vc_row][vc_row][vc_column][vc_column_text css=&#8221;.vc_custom_1651745367436{padding-top: 25px !important;}&#8221;]<\/p>\n<h4>L&#8217;Escorxador<\/h4>\n<p>[\/vc_column_text][\/vc_column][\/vc_row][vc_row][vc_column][vc_column_text css=&#8221;.vc_custom_1651745525094{padding-top: 25px !important;}&#8221;]<\/p>\n<ul>\n<li><strong>Divendres 6, dissabte 7 i diumenge 8 de maig.<\/strong><\/li>\n<\/ul>\n<p><strong>Teatre:<\/strong> <em>El avaro<\/em>, de Teatreta Teatre.<\/p>\n<p><strong>Entrades:<\/strong> en Instanticket, a la taquilla del Gran Teatre o una hora abans de l&#8217;espectacle a la taquilla de L\u2019Escorxador.<\/p>\n<p><strong>Hora:<\/strong> divendres i dissabte a les 21 hores. Domingo a les 19 hores.<\/p>\n<p><strong>Informaci\u00f3:<\/strong> <em>El avaro<\/em> \u00e9s una obra de teatre escrita pel franc\u00e9s Moli\u00e8re.<\/p>\n<p><strong>Sinopsi:<\/strong> Harpag\u00f3n \u00e9s un comerciant adinerat tan gasiu que per a resguardar la seua fortuna fa viure m\u00faltiples privacions a tots quants els envolta. Els fills d&#8217;Harpag\u00f3n, Cleanto i Elisa, desitgen casar-se amb les parelles que ells mateixos han triat, per\u00f2 l&#8217;avar del pare ja t\u00e9 planejada les seues vides. Harpag\u00f3n es trobar\u00e0 en una cru\u00eflla on haur\u00e0 de triar entre l&#8217;amor o els diners.<\/p>\n<ul>\n<li><strong>Diumenge 8 de maig.<\/strong><\/li>\n<\/ul>\n<p><strong>Taller:<\/strong> <em>Camaleones<\/em>, de Menuts i menudes artistes.<\/p>\n<p><strong>Inscripci\u00f3:<\/strong> Enviant un Whatsapp al tel\u00e8fon 684082555 indicant l&#8217;edat i el nom dels participants.<\/p>\n<p><strong>Hora:<\/strong> d&#8217;11 a 13 hores.<\/p>\n<p><strong>Informaci\u00f3:<\/strong> a trav\u00e9s d&#8217;unes pintures amb t\u00e8cnica mixta es representaran els camaleons. A m\u00e9s, jugant amb les textures dels diferents materials i els diferents colors es crearan les escates de la seua pell.<\/p>\n<ul>\n<li><strong>Del 27 d&#8217;abril al 12 de juny.<\/strong><\/li>\n<\/ul>\n<p><strong>Exposici\u00f3:<\/strong> <em>Consorci de Museus de la Comunitat Valenciana<\/em>.<\/p>\n<p><strong>Horari:<\/strong> de dimarts a divendres de 17 a 21 hores. Dissabtes de 10 a 14 hores i de 17 a 20 hores. Diumenges i festius de 10 a 13.30 hores.<\/p>\n<ul>\n<li><strong>Divendres 6, dissabte 7 i diumenge 8 de maig.<\/strong><\/li>\n<\/ul>\n<p><strong>Exposici\u00f3:<\/strong> 26a Exposici\u00f3 de primavera Associaci\u00f3 Elx Club Bonsai.<\/p>\n<p><strong>Horari:<\/strong> divendres i dissabte de 10.00 a 14.00 i de 16.00 a 20.00 hores Diumenge de 10.00 a 14.00 hores<\/p>\n<p><strong>Informaci\u00f3:<\/strong> En aquesta exposici\u00f3 es podran contemplar uns 90 exemplars pertanyents als socis i s\u00f2cies de l&#8217;Associaci\u00f3 Elx Club Bonsai.[\/vc_column_text][\/vc_column][\/vc_row][vc_row][vc_column][vc_column_text css=&#8221;.vc_custom_1651746339208{padding-top: 25px !important;}&#8221;]<\/p>\n<h4>Sala Capilla Clarisses<\/h4>\n<p>[\/vc_column_text][\/vc_column][\/vc_row][vc_row][vc_column][vc_column_text css=&#8221;.vc_custom_1651746378517{padding-top: 25px !important;}&#8221;]<\/p>\n<ul>\n<li><strong>Del 8 d&#8217;abril a l&#8217;11 de maig.<\/strong><\/li>\n<\/ul>\n<p><strong>Exposici\u00f3:<\/strong> <em>Les nostres dames<\/em>, organitzada per la Reial Orde de la Dama.<\/p>\n<p><strong>Horari:<\/strong> de dimarts a dissabte de 10 a 14 hores i de 15 a 18 hores. Diumenges i festius de 10 a 14 hores.[\/vc_column_text][\/vc_column][\/vc_row][vc_row][vc_column][vc_column_text css=&#8221;.vc_custom_1651746527703{padding-top: 25px !important;}&#8221;]<\/p>\n<h4>Claustre Clarisses<\/h4>\n<p>[\/vc_column_text][\/vc_column][\/vc_row][vc_row][vc_column][vc_column_text css=&#8221;.vc_custom_1651746616128{padding-top: 25px !important;}&#8221;]<\/p>\n<ul>\n<li><strong>Del 16 de mar\u00e7 al 24 de maig.<\/strong><\/li>\n<\/ul>\n<p><strong>Exposici\u00f3:<\/strong> Col\u00b7legi d&#8217;arquitectes.<\/p>\n<p><strong>Horari:<\/strong> de dimarts a dissabte de 10 a 14 hores i de 15 a 18 hores. Diumenges i festius de 10 a 14 hores.<\/p>\n<p><strong>Informaci\u00f3:<\/strong> aquesta mostra t\u00e9 per objectiu con\u00e9ixer treballs seleccionats en la convocat\u00f2ria de la Mostra d&#8217;Arquitectura Recent a Alacant 2018-2019 a l&#8217;\u00e0rea geogr\u00e0fica que compr\u00e9n la demarcaci\u00f3 d&#8217;Elx.[\/vc_column_text][\/vc_column][\/vc_row][vc_row][vc_column][vc_column_text css=&#8221;.vc_custom_1651746663078{padding-top: 25px !important;}&#8221;]<\/p>\n<h4>La Llotja<\/h4>\n<p>[\/vc_column_text][\/vc_column][\/vc_row][vc_row][vc_column][vc_column_text css=&#8221;.vc_custom_1651746740394{padding-top: 25px !important;}&#8221;]<\/p>\n<ul>\n<li><strong>Del 27 d&#8217;abril al 12 de juny.<\/strong><\/li>\n<\/ul>\n<p><strong>Exposici\u00f3:<\/strong> <em>Consorci de Museus de la Comunitat Valenciana<\/em>.<\/p>\n<p><strong>Horari:<\/strong> de dimarts a dissabtes de 10 a 14 hores i de 15 a 18 hores. Diumenges i festius de 10 a 14 hores.[\/vc_column_text][\/vc_column][\/vc_row][vc_row][vc_column][vc_column_text css=&#8221;.vc_custom_1651747220697{padding-top: 25px !important;}&#8221;]<\/p>\n<h4>Barris i pedanies<\/h4>\n<p>[\/vc_column_text][\/vc_column][\/vc_row][vc_row][vc_column][vc_column_text]<\/p>\n<ul>\n<li><strong>Diumenge 8 de maig EL RAVAL.<\/strong><\/li>\n<\/ul>\n<p><strong>M\u00fasica:<\/strong> Coral i rondalla de la tercera edat d&#8217;Elx<\/p>\n<p><strong>Horari:<\/strong> a les 19 hores, a la pla\u00e7a del Raval.<\/p>\n<p><strong>Entrada:<\/strong> lliure.<\/p>\n<ul>\n<li><strong>Dissabte 7 d&#8217;abril LA BAIA.<\/strong><\/li>\n<\/ul>\n<p><strong>Teatre:<\/strong> <em>Welcome to Tokyo<\/em> , de Calabobos teatre<\/p>\n<p><strong>Horari:<\/strong> a les 19.30 hores, al Centre Social.<\/p>\n<p><strong>Entrada:<\/strong> lliure.<\/p>\n<ul>\n<li><strong>Dissabte 7 d&#8217;abril Algoda.<\/strong><\/li>\n<\/ul>\n<p><strong>Teatre infantil:<\/strong> <em>El Tresor de lse Perles Roges<\/em>, d&#8217;Asprella Teatre.<\/p>\n<p><strong>Horari:<\/strong> a les 18 hores, a la pla\u00e7a de l\u2019esgl\u00e9sia Maria Auxiliadora.<\/p>\n<p><strong>Entrada:<\/strong> lliure.[\/vc_column_text][\/vc_column][\/vc_row][vc_row][vc_column][vc_column_text css=&#8221;.vc_custom_1651747628586{padding-top: 25px !important;}&#8221;]<\/p>\n<h4>Biblioteques<\/h4>\n<p>[\/vc_column_text][\/vc_column][\/vc_row][vc_row][vc_column][vc_column_text css=&#8221;.vc_custom_1651747704628{padding-top: 25px !important;}&#8221;]<\/p>\n<ul>\n<li><strong>Dimecres 4 i dijous 5 de maig.<\/strong><\/li>\n<\/ul>\n<p><strong>Formaci\u00f3:<\/strong> A la Biblioteca Jos\u00e9 Fuentes. Formaci\u00f3 d&#8217;usuaris amb contacontes interactius &#8220;En un mundo de color hab\u00eda una vez&#8230; Un mont\u00f3n de historias donde los colores son m\u00e1gicos y juegan entre s\u00ed&#8221;.<\/p>\n<p><strong>Hora:<\/strong> 10 a 11 hores.<\/p>\n<p><strong>AV\u00cdS:<\/strong> El pr\u00f2xim dimarts, dia 10 de maig, aquesta mateixa activitat es realitzar\u00e0 a la Biblioteca Pedro Salinas, a la mateixa hora.<\/p>\n<ul>\n<li><strong>Dimecres 4 de maig.<\/strong><\/li>\n<\/ul>\n<p><strong>Presentaci\u00f3 lliure:<\/strong> <em>El alma del viol\u00edn<\/em>, d&#8217;Amparo Mendo.<\/p>\n<p><strong>Informaci\u00f3:<\/strong> al Claustre Alt de la Biblioteca Pedro Ibarra.<\/p>\n<p><strong>Hora:<\/strong> 19 hores.<\/p>\n<ul>\n<li><strong>Dissabte 7 de maig.<\/strong><\/li>\n<\/ul>\n<p><strong>Presentaci\u00f3 conte:<\/strong> <em>\u00bfY la abuela?<\/em>, de Luis Garc\u00eda Tejeror, amb taller-col\u00b7loqui sobre emocions.<\/p>\n<p><strong>Informaci\u00f3:<\/strong> a la Biblioteca Pedro Ibarra.<\/p>\n<p><strong>Hora:<\/strong> d&#8217;11 a 13 hores.[\/vc_column_text][\/vc_column][\/vc_row][vc_row][vc_column][vc_column_text css=&#8221;.vc_custom_1651747741542{padding-top: 25px !important;}&#8221;]<\/p>\n<h4>MAHE<\/h4>\n<p>[\/vc_column_text][\/vc_column][\/vc_row][vc_row][vc_column][vc_column_text css=&#8221;.vc_custom_1651747762369{padding-top: 25px !important;}&#8221;]<\/p>\n<ul>\n<li><strong>Dissabtes i diumenges des d&#8217;octubre fins a juny.<\/strong><\/li>\n<\/ul>\n<p><strong>Visites Guiades.<\/strong><\/p>\n<p><strong>Horari:<\/strong> A les 11.30 hores i a les 13 hores.[\/vc_column_text][vc_column_text css=&#8221;.vc_custom_1651747842501{padding-top: 25px !important;}&#8221;]<\/p>\n<h4>Espai Hernandi\u00e0<\/h4>\n<p>[\/vc_column_text][\/vc_column][\/vc_row][vc_row][vc_column][vc_column_text]<\/p>\n<ul>\n<li><strong>Divendres 6 de maig<\/strong><\/li>\n<\/ul>\n<p><strong>Recital de poesia:<\/strong> <em>La vida en compa\u00f1\u00eda<\/em> amb Pablo Macho i Emma Arquillu\u00e9.<\/p>\n<p><strong>Entrada:<\/strong> lliure mitja hora abans de l&#8217;espectacle.<\/p>\n<p><strong>Informaci\u00f3:<\/strong> recital de poesia i lectura dramatitzada. Pablo Macho \u00e9s Premi Novell Internacional de Poesia Universit\u00e0ria de la C\u00e0tedra Miguel Hern\u00e1ndez 2018.<\/p>\n<p><strong>Hora:<\/strong> 20.30 hores.[\/vc_column_text][\/vc_column][\/vc_row][vc_row][vc_column][vc_column_text css=&#8221;.vc_custom_1651747885362{padding-top: 25px !important;}&#8221;]<\/p>\n<h4>La Llotja<\/h4>\n<p>[\/vc_column_text][\/vc_column][\/vc_row][vc_row][vc_column][vc_column_text css=&#8221;.vc_custom_1651747962478{padding-top: 25px !important;}&#8221;]<\/p>\n<ul>\n<li><strong>Divendres 6 de maig.<\/strong><\/li>\n<\/ul>\n<p><strong>Concert:<\/strong> <em>Arrel, Mural Sonor<\/em> per Miquel Gil i No\u00e8lia Llorens \u201cTitana\u201d.<\/p>\n<p><strong>Entrada:<\/strong> en Instanticket, a la taquilla del Gran Teatre o una hora abans a la taquilla de La Llotja.<\/p>\n<p><strong>Informaci\u00f3:<\/strong> Cicle de m\u00fasica \u00c1ngel Alfosea. Di\u00e0legs po\u00e8tics intergeneracionals.<\/p>\n<p><strong>Hora:<\/strong> 20.30 hores[\/vc_column_text][\/vc_column][\/vc_row]<\/p>\n<\/div>","protected":false},"excerpt":{"rendered":"<p>[vc_row][vc_column][vc_column_text]El Gran Teatre ha programat per a aquest dissabte 7 de maig, a les 20 hores, el concert Sue\u00f1o de una noche de verano oferit per Orquestra Simf\u00f2nica Ciutat d&#8217;Elx, [&hellip;]<\/p>\n","protected":false},"author":131,"featured_media":195782,"comment_status":"closed","ping_status":"closed","sticky":false,"template":"","format":"standard","meta":{"footnotes":""},"categories":[193,454,1312,1341,2235,3060],"tags":[],"class_list":["post-195804","post","type-post","status-publish","format-standard","has-post-thumbnail","hentry","category-cultura-va","category-museus","category-noticias-va","category-ocio-y-cultura-va","category-pedania","category-sales-cultura"],"_links":{"self":[{"href":"https:\/\/www.elche.es\/va\/wp-json\/wp\/v2\/posts\/195804","targetHints":{"allow":["GET"]}}],"collection":[{"href":"https:\/\/www.elche.es\/va\/wp-json\/wp\/v2\/posts"}],"about":[{"href":"https:\/\/www.elche.es\/va\/wp-json\/wp\/v2\/types\/post"}],"author":[{"embeddable":true,"href":"https:\/\/www.elche.es\/va\/wp-json\/wp\/v2\/users\/131"}],"replies":[{"embeddable":true,"href":"https:\/\/www.elche.es\/va\/wp-json\/wp\/v2\/comments?post=195804"}],"version-history":[{"count":0,"href":"https:\/\/www.elche.es\/va\/wp-json\/wp\/v2\/posts\/195804\/revisions"}],"wp:featuredmedia":[{"embeddable":true,"href":"https:\/\/www.elche.es\/va\/wp-json\/wp\/v2\/media\/195782"}],"wp:attachment":[{"href":"https:\/\/www.elche.es\/va\/wp-json\/wp\/v2\/media?parent=195804"}],"wp:term":[{"taxonomy":"category","embeddable":true,"href":"https:\/\/www.elche.es\/va\/wp-json\/wp\/v2\/categories?post=195804"},{"taxonomy":"post_tag","embeddable":true,"href":"https:\/\/www.elche.es\/va\/wp-json\/wp\/v2\/tags?post=195804"}],"curies":[{"name":"wp","href":"https:\/\/api.w.org\/{rel}","templated":true}]}}