{"id":196934,"date":"2022-05-13T13:51:35","date_gmt":"2022-05-13T12:51:35","guid":{"rendered":"https:\/\/www.elche.es\/2022\/05\/el-nou-palau-desports-mes-a-prop-despres-de-laprovacio-del-seu-projecte-basic\/"},"modified":"2022-05-13T13:51:36","modified_gmt":"2022-05-13T12:51:36","slug":"el-nou-palau-desports-mes-a-prop-despres-de-laprovacio-del-seu-projecte-basic","status":"publish","type":"post","link":"https:\/\/www.elche.es\/va\/2022\/05\/el-nou-palau-desports-mes-a-prop-despres-de-laprovacio-del-seu-projecte-basic\/","title":{"rendered":"El nou Palau d\u2019Esports, m\u00e9s a prop despr\u00e9s de l&#8217;aprovaci\u00f3 del seu projecte b\u00e0sic"},"content":{"rendered":"<div class=\"wpb-content-wrapper\"><p>[vc_row el_id=&#8221;SUBTITULAR_NOTICIA&#8221;][vc_column][vc_column_text]<\/p>\n<hr \/>\n<h4>El portaveu de l&#8217;Equip de Govern, H\u00e9ctor D\u00edez, explica que l&#8217;adjudicat\u00e0ria ha de presentar en tres mesos el projecte d&#8217;execuci\u00f3 i que l&#8217;objectiu \u00e9s que l&#8217;edifici estiga acabat a 31 de desembre de 2023<\/h4>\n<hr \/>\n<p>[\/vc_column_text][\/vc_column][\/vc_row][vc_row el_id=&#8221;TEXTO_NOTICIA&#8221;][vc_column][vc_column_text]El portaveu de l&#8217;Equip de Govern, H\u00e9ctor D\u00edez, ha informat que la Junta de Govern <strong>ha aprovat el projecte b\u00e0sic del nou Palacau dels Esports d&#8217;Elx<\/strong>.<\/p>\n<p>\u201cHui hem procedit a aprovar el projecte b\u00e0sic del nou pavell\u00f3 d&#8217;esports inclusiu d&#8217;Elx, l&#8217;actuaci\u00f3 de l&#8217;Estrat\u00e8gia DUSI de fons europeus que suposa <strong>una inversi\u00f3 de 30 milions d&#8217;euros al nostre municipi, quasi huit dels quals es destinaran a aquesta important infraestructura esportiva<\/strong>\u201d, ha assenyalat H\u00e9ctor D\u00edez.<\/p>\n<p>\u201cL&#8217;aprovaci\u00f3 d&#8217;aquest projecte b\u00e0sic ens permet veure que Elx <strong>comptar\u00e0 amb un pavell\u00f3 d&#8217;esports inclusiu, apte per a tota mena de disciplines esportives mitjan\u00e7ant un edifici avantguardista<\/strong> a l&#8217;ordre en all\u00f2 referit als pavellons esportius\u201d, ha assenyalat el regidor.<\/p>\n<p>L&#8217;adjudicat\u00e0ria ha presentat <strong>un projecte d&#8217;un edifici que es distribueix en dues plantes<\/strong>.<\/p>\n<p>A la planta baixa estar\u00e0 situada <strong>una pista poliesportiva \u00e0mplia de 55&#215;44 metres<\/strong> quadrats que permet configurar una pista \u00fanica o una doble pista. Al mateix temps, en aquesta planta se situaran els vest\u00edbuls, la zona de distribuci\u00f3 de p\u00fablic, huit vestuaris, recepci\u00f3, aix\u00ed com quatre sales de calfament i de gimn\u00e0s.<\/p>\n<p><strong>En aquesta planta baixa se situaran unes 1.500 localitats i a la planta superior de l&#8217;edifici altres 1.500 seients<\/strong> i uns 20 destinades a persones amb mobilitat redu\u00efda.[\/vc_column_text][\/vc_column][\/vc_row][vc_row type=&#8221;flexslider_slide&#8221; interval=&#8221;5&#8243; source=&#8221;media_library&#8221; images=&#8221;&#8221; img_size=&#8221;full&#8221; external_img_size=&#8221;&#8221; onclick=&#8221;link_image&#8221; custom_links_target=&#8221;_self&#8221; el_class=&#8221;galerianoticia&#8221; title=&#8221;&#8221; custom_srcs=&#8221;&#8221; custom_links=&#8221;&#8221;][vc_column][vc_gallery type=&#8221;flexslider_slide&#8221; interval=&#8221;5&#8243; images=&#8221;196928,196879,196881&#8243; img_size=&#8221;full&#8221; el_class=&#8221;galerianoticia&#8221;][\/vc_column][\/vc_row][vc_row][vc_column][vc_column_text]\u201cEstem davant <strong>un edifici avantguardista on la fa\u00e7ana es configura mitjan\u00e7ant un envolupant t\u00e8xtil que permet generar una sensaci\u00f3 transl\u00facida<\/strong>, \u00e9s possible veure l&#8217;edifici des de fora i des de l&#8217;interior de l&#8217;edifici el seu exterior, per tant, una configuraci\u00f3 arquitect\u00f2nica de continu\u00eftat a l&#8217;espai i a la parcel\u00b7la on s&#8217;al\u00e7ar\u00e0 el pavell\u00f3\u201d, ha explicat D\u00edez.<\/p>\n<p>A m\u00e9s d\u2019aix\u00f2, el portaveu de l&#8217;equip de Govern ha destacat que <strong>es tracta d&#8217;un edifici eficient des del punt de vista energ\u00e8tic i que compleix amb les diferents normatives per a convertir-lo en un edifici totalment inclusiu i accessible<\/strong>. Tamb\u00e9 compleix amb la normativa d&#8217;edificis higienicosanitaris.<\/p>\n<p>\u201c\u00c9s un pavell\u00f3 que <strong>naix amb vocaci\u00f3 provincial de poder acollir tant esdeveniments esportius com culturals i situar\u00e0 Elx en un municipi d&#8217;avantguarda<\/strong> per a la pr\u00e0ctica esportiva de tota mena de disciplines\u201d, ha assenyalat l&#8217;edil.<\/p>\n<p>El pavell\u00f3 es construir\u00e0 a la parcel\u00b7la compresa entre els carrers Jacarilla i Redov\u00e0, <strong>de m\u00e9s de 10.500 metres quadrats, entre el cementeri vell i el centre comercial l\u2019Aljub<\/strong>.[\/vc_column_text][\/vc_column][\/vc_row][vc_row el_id=&#8221;DESTACADO_NOTICIA&#8221;][vc_column][vc_column_text el_class=&#8221;cuadronoticia&#8221;]<\/p>\n<h5>El pavell\u00f3 ser\u00e0 inclusiu complint amb tota la normativa d&#8217;accessibilitat, tindr\u00e0 una capacitat per a prop de 3.000 persones i un disseny avantguardista i s&#8217;al\u00e7ar\u00e0 al costat del centre comercial l\u2019Aljub<\/h5>\n<p>[\/vc_column_text][\/vc_column][\/vc_row][vc_row el_id=&#8221;TEXTO_FIN_NOTICIA&#8221;][vc_column][vc_column_text]La pretensi\u00f3 del Govern Municipal \u00e9s que una vegada, dins de tres mesos, es presente el projecte d&#8217;execuci\u00f3, es puga licitar la construcci\u00f3 al m\u00e9s prompte possible per a accelerar l&#8217;inici de les obres. En aquest sentit, D\u00edez ha apuntat que <strong>en els plecs es recull que reben m\u00e9s punts aquelles empreses que aporten el termini de construcci\u00f3, ja que \u00e9s un edifici que ha d&#8217;estar finalitzat a 31 de desembre de 2023<\/strong>.<\/p>\n<h5>Llic\u00e8ncia per a habitatges d&#8217;HPO<\/h5>\n<p>En l&#8217;\u00e0rea d&#8217;Urbanisme, la Junta de Govern ha aprovat sis llic\u00e8ncies d&#8217;obres majors. <strong>Una d&#8217;elles ha sigut per a la construcci\u00f3 de 40 habitatges de VPO al barri de Travalon<\/strong>. Es tracta d&#8217;una urbanitzaci\u00f3 amb 40 habitatges, amb garatge i trasters al carrer Jos\u00e9 Luis P\u00e9rez Torregrosa, n\u00famero 11.<\/p>\n<h5>Fill adoptiu<\/h5>\n<p>D&#8217;altra banda, <strong>la Junta ha aprovat el nomenament del vicari episcopal, Jos\u00e9 Antonio Valero, com a Fill Adoptiu d&#8217;Elx<\/strong>, una decisi\u00f3 que va donar a con\u00e9ixer ahir l&#8217;alcalde, Carlos Gonz\u00e1lez.<\/p>\n<hr \/>\n<p>&nbsp;<\/p>\n<p>[\/vc_column_text][\/vc_column][\/vc_row][vc_row][vc_column width=&#8221;1\/6&#8243;][\/vc_column][vc_column width=&#8221;2\/3&#8243;]<audio class=\"sc_audio\" src=\"https:\/\/soundcloud.com\/ayuntamiento-de-elche\/aprobacion-del-proyecto-basico-del-pabellon-de-deporte-inclusivo-de-elche?utm_source=clipboard&#038;utm_medium=text&#038;utm_campaign=social_sharing\" width=\"\" height=\"\"><\/audio>[\/vc_column][vc_column width=&#8221;1\/6&#8243;][\/vc_column][\/vc_row]<\/p>\n<\/div>","protected":false},"excerpt":{"rendered":"<p>[vc_row el_id=&#8221;SUBTITULAR_NOTICIA&#8221;][vc_column][vc_column_text] El portaveu de l&#8217;Equip de Govern, H\u00e9ctor D\u00edez, explica que l&#8217;adjudicat\u00e0ria ha de presentar en tres mesos el projecte d&#8217;execuci\u00f3 i que l&#8217;objectiu \u00e9s que l&#8217;edifici estiga acabat [&hellip;]<\/p>\n","protected":false},"author":131,"featured_media":196880,"comment_status":"closed","ping_status":"closed","sticky":false,"template":"","format":"standard","meta":{"footnotes":""},"categories":[187,391,1312,210],"tags":[],"class_list":["post-196934","post","type-post","status-publish","format-standard","has-post-thumbnail","hentry","category-esports","category-home-va","category-noticias-va","category-urbanisme-va"],"_links":{"self":[{"href":"https:\/\/www.elche.es\/va\/wp-json\/wp\/v2\/posts\/196934","targetHints":{"allow":["GET"]}}],"collection":[{"href":"https:\/\/www.elche.es\/va\/wp-json\/wp\/v2\/posts"}],"about":[{"href":"https:\/\/www.elche.es\/va\/wp-json\/wp\/v2\/types\/post"}],"author":[{"embeddable":true,"href":"https:\/\/www.elche.es\/va\/wp-json\/wp\/v2\/users\/131"}],"replies":[{"embeddable":true,"href":"https:\/\/www.elche.es\/va\/wp-json\/wp\/v2\/comments?post=196934"}],"version-history":[{"count":0,"href":"https:\/\/www.elche.es\/va\/wp-json\/wp\/v2\/posts\/196934\/revisions"}],"wp:featuredmedia":[{"embeddable":true,"href":"https:\/\/www.elche.es\/va\/wp-json\/wp\/v2\/media\/196880"}],"wp:attachment":[{"href":"https:\/\/www.elche.es\/va\/wp-json\/wp\/v2\/media?parent=196934"}],"wp:term":[{"taxonomy":"category","embeddable":true,"href":"https:\/\/www.elche.es\/va\/wp-json\/wp\/v2\/categories?post=196934"},{"taxonomy":"post_tag","embeddable":true,"href":"https:\/\/www.elche.es\/va\/wp-json\/wp\/v2\/tags?post=196934"}],"curies":[{"name":"wp","href":"https:\/\/api.w.org\/{rel}","templated":true}]}}