{"id":196964,"date":"2022-05-13T15:07:09","date_gmt":"2022-05-13T14:07:09","guid":{"rendered":"https:\/\/www.elche.es\/2022\/05\/una-finca-de-la-pedania-de-santa-anna-delx-acull-el-desenvolupament-dun-projecte-dinvestigacio-dagricultura-intel%c2%b7ligent-pioner-al-mon\/"},"modified":"2022-05-13T15:07:10","modified_gmt":"2022-05-13T14:07:10","slug":"una-finca-de-la-pedania-de-santa-anna-delx-acull-el-desenvolupament-dun-projecte-dinvestigacio-dagricultura-intel%c2%b7ligent-pioner-al-mon","status":"publish","type":"post","link":"https:\/\/www.elche.es\/va\/2022\/05\/una-finca-de-la-pedania-de-santa-anna-delx-acull-el-desenvolupament-dun-projecte-dinvestigacio-dagricultura-intel%c2%b7ligent-pioner-al-mon\/","title":{"rendered":"Una finca de la pedania de Santa Anna d&#8217;Elx acull el desenvolupament d&#8217;un projecte d&#8217;investigaci\u00f3 d&#8217;agricultura intel\u00b7ligent pioner al m\u00f3n"},"content":{"rendered":"<div class=\"wpb-content-wrapper\"><p>[vc_row el_id=&#8221;SUBTITULAR_NOTICIA&#8221;][vc_column][vc_column_text]<\/p>\n<hr \/>\n<h4>La iniciativa est\u00e0 impulsada pel Parc Cient\u00edfic de la Universitat Miguel Hern\u00e1ndez (PCUMH) d&#8217;Elx i t\u00e9 com a objectiu produir ingredients de manera ecol\u00f2gica procedents d&#8217;esp\u00e8cies vegetals locals com la magrana mollar<\/h4>\n<hr \/>\n<p>[\/vc_column_text][\/vc_column][\/vc_row][vc_row el_id=&#8221;TEXTO_NOTICIA&#8221;][vc_column][vc_column_text]Una finca de la pedania de Santa Anna d&#8217;Elx acull el desenvolupament d&#8217;un projecte d&#8217;investigaci\u00f3 d&#8217;agricultura intel\u00b7ligent pioner al m\u00f3n. <strong>La iniciativa, impulsada per la <em>spin-off<\/em> Innovation Labo Technologies del Parc Cient\u00edfic de la Universitat Miguel Hern\u00e1ndez (PCUMH) d&#8217;Elx, s&#8217;ha presentat al restaurant Alfonso Mira d&#8217;Asp i a l&#8217;acte han assistit, l&#8217;alcalde, Carlos Gonz\u00e1lez<\/strong>, al costat dels regidors de Promoci\u00f3 Econ\u00f2mica, Carles Molina, i de Comer\u00e7, Felip S\u00e0nchez, el vicerector de Relacions Internacionals de la Universitat Miguel Hern\u00e1ndez d&#8217;Elx (UMH), Vicente Micol, el president de la DOP Granada Mollar d&#8217;Elx, Francisco Oliva, i m\u00e9s d&#8217;un centenar de t\u00e8cnics i cient\u00edfics del Jap\u00f3, que han acudit pr\u00e8viament a la finca per a con\u00e9ixer el projecte i establir col\u00b7laboracions amb cient\u00edfics de la UMH.<\/p>\n<p><strong>La iniciativa est\u00e0 basada en agricultura intel\u00b7ligent, que utilitza el microbioma aut\u00f2cton (<em>Microbiome smart farming<\/em>), i persegueix l&#8217;objectiu de produir ingredients de manera ecol\u00f2gica, procedents d\u2019esp\u00e8cies vegetals locals<\/strong> com el magraner i l&#8217;olivera, ja que compten amb nombrosos beneficis per a la salut humana.[\/vc_column_text][\/vc_column][\/vc_row][vc_row type=&#8221;flexslider_slide&#8221; interval=&#8221;5&#8243; source=&#8221;media_library&#8221; images=&#8221;&#8221; img_size=&#8221;full&#8221; external_img_size=&#8221;&#8221; onclick=&#8221;link_image&#8221; custom_links_target=&#8221;_self&#8221; el_class=&#8221;galerianoticia&#8221; title=&#8221;&#8221; custom_srcs=&#8221;&#8221; custom_links=&#8221;&#8221;][vc_column][vc_gallery type=&#8221;flexslider_slide&#8221; interval=&#8221;5&#8243; images=&#8221;196958,196956,196954&#8243; img_size=&#8221;full&#8221; el_class=&#8221;galerianoticia&#8221;][\/vc_column][\/vc_row][vc_row][vc_column][vc_column_text]Segons ha manifestat el responsable de l&#8217;Equip de Govern \u201cactivitats com aquesta, orientades a l&#8217;impuls del cultiu de les nostres esp\u00e8cies aut\u00f2ctones, com \u00e9s el cas de la magrana mollar, <strong>i al desenvolupament d&#8217;ingredients funcionals dirigits al sector de l&#8217;alimentaci\u00f3 saludable utilitzant tecnologies innovadores i respectuoses amb l&#8217;entorn sempre seran benvingudes a la nostra ciutat\u201d<\/strong>.<\/p>\n<p>Gonz\u00e1lez ha assenyalat que \u201cElx posseeix un dels exemples de transfer\u00e8ncia sostenible del paisatge d&#8217;una cultura a una altra, <strong>el Palmerar d&#8217;Elx, reconegut com a Patrimoni de la Humanitat per la Unesco l&#8217;any 2000<\/strong>\u201d.<\/p>\n<p>La <em>spin-off<\/em> Innovation Labo Technologies est\u00e0 impulsada pel<strong> catedr\u00e0tic de l&#8217;\u00c0rea de Bioqu\u00edmica i Biologia Molecular de la UMH i investigador de l&#8217;Institut d&#8217;Investigaci\u00f3, Desenvolupament i Innovaci\u00f3 en Biotecnologia Sanit\u00e0ria d&#8217;Elx de la Universitat (IDiBE) Vicente Micol Molina<\/strong> i per Bejit Idees, expert en microbioma d&#8217;Innovation Labo T\u00f2quio (el Jap\u00f3).[\/vc_column_text][\/vc_column][\/vc_row][vc_row el_id=&#8221;DESTACADO_NOTICIA&#8221;][vc_column][vc_column_text el_class=&#8221;cuadronoticia&#8221;]<\/p>\n<h5>L&#8217;alcalde, Carlos Gonz\u00e1lez, que assisteix a la presentaci\u00f3 de la iniciativa al costat dels regidors de Promoci\u00f3 Econ\u00f2mica, Carles Molina; de Comer\u00e7, Felip S\u00e0nchez, i m\u00e9s d&#8217;un centenar de t\u00e8cnics i cient\u00edfics del Jap\u00f3, destaca la labor de l&#8217;empresa per promoure t\u00e8cniques de cultiu sostenibles<\/h5>\n<p>[\/vc_column_text][\/vc_column][\/vc_row][vc_row el_id=&#8221;TEXTO_FIN_NOTICIA&#8221;][vc_column][vc_column_text]L&#8217;empresa compta, a m\u00e9s, amb altres socis amb \u00e0mplia experi\u00e8ncia en el sector nutrac\u00e8utic. La companyia en l&#8217;actualitat prepara les instal\u00b7lacions necess\u00e0ries per a la posada en marxa del projecte, que <strong>consisteixen en una finca experimental ecol\u00f2gica i en un laboratori a cel obert, ambdues situades a la partida Santa Anna d&#8217;Elx<\/strong>.<\/p>\n<p>En aquestes instal\u00b7lacions l&#8217;empresa realitzar\u00e0 estudis cient\u00edfics, <strong>dirigits a con\u00e9ixer aquells microorganismes aut\u00f2ctons del s\u00f2l i de les plantes (fitomicrobioma) que puguen ser beneficiosos per al creixement i la resist\u00e8ncia de les plantes<\/strong>. D&#8217;aquesta manera, es podran enriquir els s\u00f2ls i estimular la concentraci\u00f3 de mol\u00e8cules bioactives a les plantacions.<\/p>\n<hr \/>\n<p>&nbsp;<\/p>\n<p>[\/vc_column_text][\/vc_column][\/vc_row][vc_row][vc_column width=&#8221;1\/6&#8243;][\/vc_column][vc_column width=&#8221;2\/3&#8243;]<audio class=\"sc_audio\" src=\"\" width=\"\" height=\"\"><\/audio>[\/vc_column][vc_column width=&#8221;1\/6&#8243;][\/vc_column][\/vc_row]<\/p>\n<\/div>","protected":false},"excerpt":{"rendered":"<p>[vc_row el_id=&#8221;SUBTITULAR_NOTICIA&#8221;][vc_column][vc_column_text] La iniciativa est\u00e0 impulsada pel Parc Cient\u00edfic de la Universitat Miguel Hern\u00e1ndez (PCUMH) d&#8217;Elx i t\u00e9 com a objectiu produir ingredients de manera ecol\u00f2gica procedents d&#8217;esp\u00e8cies vegetals locals [&hellip;]<\/p>\n","protected":false},"author":131,"featured_media":196961,"comment_status":"closed","ping_status":"closed","sticky":false,"template":"","format":"standard","meta":{"footnotes":""},"categories":[391,211,1312],"tags":[],"class_list":["post-196964","post","type-post","status-publish","format-standard","has-post-thumbnail","hentry","category-home-va","category-medi-ambient-va","category-noticias-va"],"_links":{"self":[{"href":"https:\/\/www.elche.es\/va\/wp-json\/wp\/v2\/posts\/196964","targetHints":{"allow":["GET"]}}],"collection":[{"href":"https:\/\/www.elche.es\/va\/wp-json\/wp\/v2\/posts"}],"about":[{"href":"https:\/\/www.elche.es\/va\/wp-json\/wp\/v2\/types\/post"}],"author":[{"embeddable":true,"href":"https:\/\/www.elche.es\/va\/wp-json\/wp\/v2\/users\/131"}],"replies":[{"embeddable":true,"href":"https:\/\/www.elche.es\/va\/wp-json\/wp\/v2\/comments?post=196964"}],"version-history":[{"count":0,"href":"https:\/\/www.elche.es\/va\/wp-json\/wp\/v2\/posts\/196964\/revisions"}],"wp:featuredmedia":[{"embeddable":true,"href":"https:\/\/www.elche.es\/va\/wp-json\/wp\/v2\/media\/196961"}],"wp:attachment":[{"href":"https:\/\/www.elche.es\/va\/wp-json\/wp\/v2\/media?parent=196964"}],"wp:term":[{"taxonomy":"category","embeddable":true,"href":"https:\/\/www.elche.es\/va\/wp-json\/wp\/v2\/categories?post=196964"},{"taxonomy":"post_tag","embeddable":true,"href":"https:\/\/www.elche.es\/va\/wp-json\/wp\/v2\/tags?post=196964"}],"curies":[{"name":"wp","href":"https:\/\/api.w.org\/{rel}","templated":true}]}}