{"id":197059,"date":"2022-05-15T20:21:04","date_gmt":"2022-05-15T19:21:04","guid":{"rendered":"https:\/\/www.elche.es\/2022\/05\/carlos-gonzalez-estarem-amb-els-agricultors-en-la-manifestacio-defensant-a-ultranca-un-transvasament-que-es-essencial-per-a-elx-i-per-a-la-seua-agricultura\/"},"modified":"2022-05-16T12:58:39","modified_gmt":"2022-05-16T11:58:39","slug":"carlos-gonzalez-estarem-amb-els-agricultors-en-la-manifestacio-defensant-a-ultranca-un-transvasament-que-es-essencial-per-a-elx-i-per-a-la-seua-agricultura","status":"publish","type":"post","link":"https:\/\/www.elche.es\/va\/2022\/05\/carlos-gonzalez-estarem-amb-els-agricultors-en-la-manifestacio-defensant-a-ultranca-un-transvasament-que-es-essencial-per-a-elx-i-per-a-la-seua-agricultura\/","title":{"rendered":"Carlos Gonz\u00e1lez: \u201cEstarem amb els agricultors en la manifestaci\u00f3 defensant a ultran\u00e7a un transvasament que \u00e9s essencial per a Elx i per a la seua agricultura\u201d"},"content":{"rendered":"<div class=\"wpb-content-wrapper\"><p>[vc_row el_id=&#8221;SUBTITULAR_NOTICIA&#8221;][vc_column][vc_column_text]<\/p>\n<hr \/>\n<h4>L&#8217;alcalde il\u00b7licit\u00e0 confirma la seua pres\u00e8ncia i la de membres de l&#8217;Equip de Govern Municipal a la concentraci\u00f3 convocada per les associacions de regants dimarts a Alacant<\/h4>\n<hr \/>\n<p>[\/vc_column_text][\/vc_column][\/vc_row][vc_row el_id=&#8221;TEXTO_NOTICIA&#8221;][vc_column][vc_column_text]L&#8217;alcalde d&#8217;Elx, Carlos Gonz\u00e1lez, ha confirmat que assistir\u00e0, juntament amb membres de l&#8217;Equip de Govern Municipal, a la <strong>concentraci\u00f3 en defensa del transvasament Tajo-Segura que, organitzada per les organitzacions de regants, se celebrar\u00e0 el dimarts<\/strong>\u00a017 de maig, a la pla\u00e7a de la Muntanyeta d&#8217;Alacant.<\/p>\n<p>[\/vc_column_text][\/vc_column][\/vc_row][vc_row link=&#8221;https:\/\/vimeo.com\/51589652&#8243; el_width=&#8221;100&#8243; el_aspect=&#8221;169&#8243; align=&#8221;left&#8221; el_class=&#8221;videonoticia&#8221; title=&#8221;&#8221;][vc_column][vc_video link=&#8221;https:\/\/www.youtube.com\/watch?v=r3Wr5UTTgUE&#8221; el_class=&#8221;videonoticia&#8221;][\/vc_column][\/vc_row][vc_row][vc_column][vc_column_text]El regidor il\u00b7licit\u00e0<strong> ha reiterat la defensa del transvasament com a font de progr\u00e9s i de creixement econ\u00f2mic<\/strong> per al camp il\u00b7licit\u00e0.[\/vc_column_text][\/vc_column][\/vc_row][vc_row el_id=&#8221;DESTACADO_NOTICIA&#8221;][vc_column][vc_column_text el_class=&#8221;cuadronoticia&#8221;]<\/p>\n<h5>\u201cApel\u00b7le al Govern d&#8217;Espanya al fet que treballe perqu\u00e8 hi haja una soluci\u00f3 equilibrada que tinga en consideraci\u00f3 els interessos de la conca cedent i tamb\u00e9 de la conca receptora i que frene aquest error que \u00e9s el Pla del Tajo\u201d<\/h5>\n<p>[\/vc_column_text][\/vc_column][\/vc_row][vc_row][vc_column][vc_column_text]\u201cPer descomptat, <strong>ser\u00e9 present a la manifestaci\u00f3 en defensa del transvasament perqu\u00e8 la nostra posici\u00f3 sobre el transvasament \u00e9s inequ\u00edvoca<\/strong>, considerem que el transvasament \u00e9s imprescindible i insubstitu\u00efble per al Camp d\u2019Elx i per a les comarques ve\u00efnes\u201d, ha afirmat Gonz\u00e1lez.<\/p>\n<p>L&#8217;alcalde considera que \u201c<strong>el Pla Hidrol\u00f2gic del Tajo, que augmenta el cabal ecol\u00f2gic del riu de manera desproporcionada, \u00e9s un error ambiental, econ\u00f2mic i pol\u00edtic<\/strong> perqu\u00e8 no millora la situaci\u00f3 del riu, per\u00f2 s\u00ed que ocasiona una ru\u00efna en termes econ\u00f2mics i socials ac\u00ed, a la nostra ciutat i a la nostra prov\u00edncia i, es vulga o no, ens enfronta a Castella-la Manxa\u201d.<\/p>\n<p>Segons explica Gonz\u00e1lez, <strong>augmentar el cabal ecol\u00f2gic significa reduir l&#8217;aigua que arriba a l&#8217;Elx i al seu entorn<\/strong>. \u201cL&#8217;aigua ac\u00ed \u00e9s b\u00e0sica per a una agricultura eficient i exemplar en la seua gesti\u00f3 i que genera riquesa i ocupaci\u00f3\u201d.[\/vc_column_text][\/vc_column][\/vc_row][vc_row][vc_column][vc_column_text el_class=&#8221;cuadronoticia&#8221;]<\/p>\n<h5>\u201cVoler retallar el transvasament o tancar-lo com es planteja a Castella-la Manxa \u00e9s una manifestaci\u00f3 d&#8217;insolidaritat inconcebible a l&#8217;Espanya auton\u00f2mica\u201d, assenyala el regidor<\/h5>\n<p>[\/vc_column_text][\/vc_column][\/vc_row][vc_row el_id=&#8221;TEXTO_FIN_NOTICIA&#8221;][vc_column][vc_column_text]\u201cA m\u00e9s d&#8217;aix\u00f2, considere que cal evidenciar que el transvasament \u00e9s l&#8217;expressi\u00f3 de la cooperaci\u00f3 entre comunitats aut\u00f2nomes i la materialitzaci\u00f3 del principi de solidaritat interterritorial. <strong>Voler retallar el transvasament o tancar-lo com es planteja a Castella-la Manxa \u00e9s una manifestaci\u00f3 d&#8217;insolidaritat inconcebible a l&#8217;Espanya auton\u00f2mica<\/strong>\u201d, ha declarat el regidor il\u00b7licit\u00e0.<\/p>\n<p>Carlos Gonz\u00e1lez diu que <strong>el transvasament significa \u201ccooperaci\u00f3 entre territoris, solidaritat i \u00e9s la concreci\u00f3 de valors constitucionals fonamentals<\/strong>\u201d.<\/p>\n<p>Com ja ha fet en reiterades ocasions, l&#8217;alcalde il\u00b7licit\u00e0 ha fet una crida al Govern d&#8217;Espanya respecte a la gesti\u00f3 de l&#8217;aigua i del transvasament. \u201c<strong>Apel\u00b7le al Govern d&#8217;Espanya al fet que treballe perqu\u00e8 hi haja una soluci\u00f3 equilibrada<\/strong>, una soluci\u00f3 que prenga en consideraci\u00f3 els interessos de la conca cedent i tamb\u00e9 de la conca receptora i que frene aquest error que \u00e9s el Pla del Tajo, i que d&#8217;aprovar-se seria una ma\u00e7ada per a la nostra agricultura\u201d.<\/p>\n<p>\u201cPer tot aix\u00f2, <strong>estarem al costat dels agricultors defensant a ultran\u00e7a, amb ungles i dents, un transvasament que \u00e9s essencial per a Elx, i per a la nostra prov\u00edncia<\/strong>\u201d, ha concl\u00f2s Gonz\u00e1lez.<\/p>\n<hr \/>\n<p>[\/vc_column_text][\/vc_column][\/vc_row][vc_row][vc_column width=&#8221;1\/6&#8243;][\/vc_column][vc_column width=&#8221;2\/3&#8243;]<audio class=\"sc_audio\" src=\"https:\/\/soundcloud.com\/ayuntamiento-de-elche\/carlos-gonzalez-vamos-a-estar-con-los-agricultores-defendiendo-el-trasvase?utm_source=clipboard&#038;utm_medium=text&#038;utm_campaign=social_sharing\" width=\"\" height=\"\"><\/audio>[\/vc_column][vc_column width=&#8221;1\/6&#8243;][\/vc_column][\/vc_row]<\/p>\n<\/div>","protected":false},"excerpt":{"rendered":"<p>[vc_row el_id=&#8221;SUBTITULAR_NOTICIA&#8221;][vc_column][vc_column_text] L&#8217;alcalde il\u00b7licit\u00e0 confirma la seua pres\u00e8ncia i la de membres de l&#8217;Equip de Govern Municipal a la concentraci\u00f3 convocada per les associacions de regants dimarts a Alacant [\/vc_column_text][\/vc_column][\/vc_row][vc_row [&hellip;]<\/p>\n","protected":false},"author":131,"featured_media":120574,"comment_status":"closed","ping_status":"closed","sticky":false,"template":"","format":"standard","meta":{"footnotes":""},"categories":[391,1312],"tags":[],"class_list":["post-197059","post","type-post","status-publish","format-standard","has-post-thumbnail","hentry","category-home-va","category-noticias-va"],"_links":{"self":[{"href":"https:\/\/www.elche.es\/va\/wp-json\/wp\/v2\/posts\/197059","targetHints":{"allow":["GET"]}}],"collection":[{"href":"https:\/\/www.elche.es\/va\/wp-json\/wp\/v2\/posts"}],"about":[{"href":"https:\/\/www.elche.es\/va\/wp-json\/wp\/v2\/types\/post"}],"author":[{"embeddable":true,"href":"https:\/\/www.elche.es\/va\/wp-json\/wp\/v2\/users\/131"}],"replies":[{"embeddable":true,"href":"https:\/\/www.elche.es\/va\/wp-json\/wp\/v2\/comments?post=197059"}],"version-history":[{"count":0,"href":"https:\/\/www.elche.es\/va\/wp-json\/wp\/v2\/posts\/197059\/revisions"}],"wp:featuredmedia":[{"embeddable":true,"href":"https:\/\/www.elche.es\/va\/wp-json\/wp\/v2\/media\/120574"}],"wp:attachment":[{"href":"https:\/\/www.elche.es\/va\/wp-json\/wp\/v2\/media?parent=197059"}],"wp:term":[{"taxonomy":"category","embeddable":true,"href":"https:\/\/www.elche.es\/va\/wp-json\/wp\/v2\/categories?post=197059"},{"taxonomy":"post_tag","embeddable":true,"href":"https:\/\/www.elche.es\/va\/wp-json\/wp\/v2\/tags?post=197059"}],"curies":[{"name":"wp","href":"https:\/\/api.w.org\/{rel}","templated":true}]}}