{"id":197162,"date":"2022-05-16T12:49:07","date_gmt":"2022-05-16T11:49:07","guid":{"rendered":"https:\/\/www.elche.es\/2022\/05\/la-regidoria-de-cooperacio-i-lies-la-foia-delx-organitzen-un-festival-solidari-dajuda-al-sahara-occidental-en-lhort-de-baix-el-divendres-20-de-maig\/"},"modified":"2022-05-16T12:49:08","modified_gmt":"2022-05-16T11:49:08","slug":"la-regidoria-de-cooperacio-i-lies-la-foia-delx-organitzen-un-festival-solidari-dajuda-al-sahara-occidental-en-lhort-de-baix-el-divendres-20-de-maig","status":"publish","type":"post","link":"https:\/\/www.elche.es\/va\/2022\/05\/la-regidoria-de-cooperacio-i-lies-la-foia-delx-organitzen-un-festival-solidari-dajuda-al-sahara-occidental-en-lhort-de-baix-el-divendres-20-de-maig\/","title":{"rendered":"La Regidoria de Cooperaci\u00f3 i l&#8217;IES la Foia d\u00b4Elx organitzen un festival solidari d&#8217;ajuda al S\u00e0hara Occidental en l&#8217;Hort de Baix el divendres 20 de maig"},"content":{"rendered":"<div class=\"wpb-content-wrapper\"><p>[vc_row el_id=&#8221;SUBTITULAR_NOTICIA&#8221;][vc_column][vc_column_text]<\/p>\n<hr \/>\n<h4>L&#8217;edil de l&#8217;\u00e0rea, Mariola Galiana, i la directora del centre, Assumpci\u00f3 Tormo, informen que l&#8217;entrada \u00e9s de cinc euros i els diners recaptats aniran destinats a un centre d&#8217;educaci\u00f3 especial en els campaments de refugiats sahrau\u00eds de Tinduf<\/h4>\n<hr \/>\n<p>[\/vc_column_text][\/vc_column][\/vc_row][vc_row el_id=&#8221;TEXTO_NOTICIA&#8221;][vc_column][vc_column_text]La <strong>Regidoria de Cooperaci\u00f3<\/strong> de l&#8217;Ajuntament d&#8217;Elx i <strong>l&#8217;IES la Foia<\/strong> d&#8217;Elx han organitzat el &#8220;<strong>II Festival Solidari pel S\u00e0hara Occidental<\/strong>&#8221; divendres que ve 20 de maig en l&#8217;Hort del Baix i que compta amb la col\u00b7laboraci\u00f3 <strong>de l&#8217;Associaci\u00f3 Ajuda al S\u00e0hara Occidental d&#8217;Elx, l&#8217;IES Sixto Marco i l&#8217;IES Carr\u00fas<\/strong>.<\/p>\n<p>L&#8217;esdeveniment, tal com han informat <strong>la regidora de Cooperaci\u00f3, Mariola Galiana, i la directora del centre, Assumpci\u00f3 Tormo<\/strong>, comen\u00e7ar\u00e0 a les 18.30 hores amb diferents activitats com un mercat solidari que comptar\u00e0 amb la pres\u00e8ncia de diverses ONGD, jocs infantils, exposicions fotogr\u00e0fiques sobre els campaments i contacontes sahrau\u00eds.[\/vc_column_text][\/vc_column][\/vc_row][vc_row][vc_column][vc_single_image image=&#8221;197104&#8243; img_size=&#8221;medium&#8221; alignment=&#8221;center&#8221; onclick=&#8221;link_image&#8221; el_class=&#8221;fotounicanoticiavertical&#8221;][\/vc_column][\/vc_row][vc_row][vc_column][vc_column_text]A m\u00e9s, a partir de les 21.00 hores comen\u00e7aran les actuacions musicals de la m\u00e0 dels grups il\u00b7licitans <strong>Els Nostres Alumnes<\/strong>,\u00a0<strong>Kilombo Kilomb\u00e9<\/strong>,\u00a0 <strong>Dversa<\/strong>,\u00a0<strong>Tachuela<\/strong>,\u00a0<strong>Los Il\u00edcitos i\u00a0Extensores Autom\u00e1ticos<\/strong>.<\/p>\n<p>El cost de l&#8217;entrada \u00e9s de cinc euros i tots els diners recaptats aniran destinats a cobrir les necessitats del <strong>Centre d&#8217;Educaci\u00f3 Especial de la Wilaya d&#8217;Auserd<\/strong> en el campament de refugiats sahrau\u00eds de Tinduf, a Alg\u00e8ria.<\/p>\n<p>&#8220;L&#8217;objectiu \u00e9s la posada en marxa d&#8217;una escola d&#8217;educaci\u00f3 especial per a xiquetes i xiquets i assegurar la seua alimentaci\u00f3. \u00c9s un projecte molt important ja que en aquests pa\u00efsos les xiquetes i xiquets amb necessitats especials s\u00f3n a\u00efllats de la societat&#8221;, ha destacat Galiana.[\/vc_column_text][\/vc_column][\/vc_row][vc_row el_id=&#8221;DESTACADO_NOTICIA&#8221;][vc_column][vc_column_text el_class=&#8221;cuadronoticia&#8221;]<\/p>\n<h5>L&#8217;esdeveniment comen\u00e7ar\u00e0 a les 18.30 amb un mercat solidari, jocs infantils, exposicions i contacontes sahrau\u00eds i a partir de les 21.00 hores tindran lloc les actuacions musicals<\/h5>\n<p>[\/vc_column_text][\/vc_column][\/vc_row][vc_row][vc_column][vc_column_text]Les entrades es podran comprar anticipadament a <strong>la botiga Trastes, IES la Foia d\u00b4Elx, IES Sixto Marco, IES Carr\u00fas, Associaci\u00f3 d&#8217;Ajuda al S\u00e0hara<\/strong> i als mateixos grups musicals.<\/p>\n<p>L&#8217;edil de l&#8217;\u00e0rea ha posat en valor la import\u00e0ncia de realitzar aquest festival &#8220;com a mostra del ferm comprom\u00eds de l&#8217;Ajuntament amb les activitats impulsades des de les entitats que treballen en \u00e0mbit de la cooperaci\u00f3 internacional&#8221;.<\/p>\n<p>Tormo, per part seua, ha anunciat que &#8220;tenim previst al desembre que dos companys del centre vagen personalment als campaments per a fer lliurament del que recollim&#8221;, i ha destacat que ser\u00e0 una jornada molt divertida i per a tots els p\u00fablics.[\/vc_column_text][\/vc_column][\/vc_row][vc_row][vc_column][vc_gallery type=&#8221;flexslider_slide&#8221; interval=&#8221;5&#8243; images=&#8221;197112,197108,197106&#8243; img_size=&#8221;full&#8221; el_class=&#8221;galerianoticia&#8221;][\/vc_column][\/vc_row][vc_row el_id=&#8221;TEXTO_FIN_NOTICIA&#8221;][vc_column][vc_column_text]La regidoria de Cooperaci\u00f3 va participar en la Jornada de sensibilitzaci\u00f3 del projecte que es va realitzar en el centre el 12 d&#8217;abril de 2019, i va col\u00b7laborar en la primera edici\u00f3 del Festival el 17 de maig del mateix any. En 2020 va col\u00b7laborar en l&#8217;Exposici\u00f3 \u201cMirades del S\u00e0hara\u201d del 4 al 13 de mar\u00e7 de 2020. Tamb\u00e9 va rebre un reconeixement en la Gala dels Drets Humans per l&#8217;obtenci\u00f3 del Premi Nacional de Cooperaci\u00f3 al Desenvolupament pel seu projecte, atorgat pel Ministeri d&#8217;Educaci\u00f3 i Formaci\u00f3 Professional, Editorial Edeb\u00e9 i la Xarxa Espanyola d&#8217;aprenentatge-servei.<\/p>\n<p>Galiana ha agra\u00eft a l&#8217;institut el seu treball i implicaci\u00f3 a l&#8217;hora d&#8217;organitzar les activitats i ha animat a la ciutadania a vindre a <strong>l&#8217;Hort de Baix el divendres 20 de maig.<\/strong><\/p>\n<hr \/>\n<p>[\/vc_column_text][\/vc_column][\/vc_row][vc_row][vc_column width=&#8221;1\/2&#8243;]<audio class=\"sc_audio\" src=\"https:\/\/soundcloud.com\/ayuntamiento-de-elche\/festivas-de-ayuda-al-sahara-en-elche?utm_source=clipboard&#038;utm_medium=text&#038;utm_campaign=social_sharing\" width=\"\" height=\"\"><\/audio>[\/vc_column][vc_column width=&#8221;1\/2&#8243;]<audio class=\"sc_audio\" src=\"https:\/\/soundcloud.com\/ayuntamiento-de-elche\/festival-solidario-de-ayuda-al-sahara-occidental-en-elche?utm_source=clipboard&#038;utm_medium=text&#038;utm_campaign=social_sharing\" width=\"\" height=\"\"><\/audio>[\/vc_column][\/vc_row]<\/p>\n<\/div>","protected":false},"excerpt":{"rendered":"<p>[vc_row el_id=&#8221;SUBTITULAR_NOTICIA&#8221;][vc_column][vc_column_text] L&#8217;edil de l&#8217;\u00e0rea, Mariola Galiana, i la directora del centre, Assumpci\u00f3 Tormo, informen que l&#8217;entrada \u00e9s de cinc euros i els diners recaptats aniran destinats a un centre [&hellip;]<\/p>\n","protected":false},"author":131,"featured_media":197111,"comment_status":"closed","ping_status":"closed","sticky":false,"template":"","format":"standard","meta":{"footnotes":""},"categories":[524,391,1312],"tags":[],"class_list":["post-197162","post","type-post","status-publish","format-standard","has-post-thumbnail","hentry","category-cooperacio","category-home-va","category-noticias-va"],"_links":{"self":[{"href":"https:\/\/www.elche.es\/va\/wp-json\/wp\/v2\/posts\/197162","targetHints":{"allow":["GET"]}}],"collection":[{"href":"https:\/\/www.elche.es\/va\/wp-json\/wp\/v2\/posts"}],"about":[{"href":"https:\/\/www.elche.es\/va\/wp-json\/wp\/v2\/types\/post"}],"author":[{"embeddable":true,"href":"https:\/\/www.elche.es\/va\/wp-json\/wp\/v2\/users\/131"}],"replies":[{"embeddable":true,"href":"https:\/\/www.elche.es\/va\/wp-json\/wp\/v2\/comments?post=197162"}],"version-history":[{"count":0,"href":"https:\/\/www.elche.es\/va\/wp-json\/wp\/v2\/posts\/197162\/revisions"}],"wp:featuredmedia":[{"embeddable":true,"href":"https:\/\/www.elche.es\/va\/wp-json\/wp\/v2\/media\/197111"}],"wp:attachment":[{"href":"https:\/\/www.elche.es\/va\/wp-json\/wp\/v2\/media?parent=197162"}],"wp:term":[{"taxonomy":"category","embeddable":true,"href":"https:\/\/www.elche.es\/va\/wp-json\/wp\/v2\/categories?post=197162"},{"taxonomy":"post_tag","embeddable":true,"href":"https:\/\/www.elche.es\/va\/wp-json\/wp\/v2\/tags?post=197162"}],"curies":[{"name":"wp","href":"https:\/\/api.w.org\/{rel}","templated":true}]}}