{"id":197177,"date":"2022-05-16T13:20:24","date_gmt":"2022-05-16T12:20:24","guid":{"rendered":"https:\/\/www.elche.es\/2022\/05\/teatre-literatura-i-esport-copen-la-nova-edicio-del-festival-diversa-que-tindra-lloc-del-10-al-19-de-juny-en-lescorxador-lespai-hernandia-i-el-centre-de-congressos\/"},"modified":"2022-06-06T10:44:18","modified_gmt":"2022-06-06T09:44:18","slug":"teatre-literatura-i-esport-copen-la-nova-edicio-del-festival-diversa-que-tindra-lloc-del-10-al-19-de-juny-en-lescorxador-lespai-hernandia-i-el-centre-de-congressos","status":"publish","type":"post","link":"https:\/\/www.elche.es\/va\/2022\/05\/teatre-literatura-i-esport-copen-la-nova-edicio-del-festival-diversa-que-tindra-lloc-del-10-al-19-de-juny-en-lescorxador-lespai-hernandia-i-el-centre-de-congressos\/","title":{"rendered":"Teatre, literatura i esport copen la nova edici\u00f3 del Festival Diversa que tindr\u00e0 lloc del 10 al 19 de juny en l&#8217;Escorxador, l&#8217;Espai Hernandi\u00e0 i el Centre de Congressos"},"content":{"rendered":"<div class=\"wpb-content-wrapper\"><p>[vc_row el_id=&#8221;SUBTITULAR_NOTICIA&#8221;][vc_column][vc_column_text]<\/p>\n<hr \/>\n<h4>La regidora de Cultura, Marga Ant\u00f3n, destaca que aquesta edici\u00f3 comptar\u00e0 amb una programaci\u00f3 principalment per als joves i les activitats s\u00f3n gratu\u00eftes a excepci\u00f3 del concert de Samantha Hudson, i el mon\u00f2leg de Gersanc<\/h4>\n<hr \/>\n<p>[\/vc_column_text][\/vc_column][\/vc_row][vc_row type=&#8221;square&#8221; style_color=&#8221;original&#8221; style=&#8221;filled&#8221; size=&#8221;large&#8221; icon=&#8221;inherit&#8221; color=&#8221;&#8221; bg_color=&#8221;&#8221; align=&#8221;center&#8221; link=&#8221;&#8221; target=&#8221;_blank&#8221; popup=&#8221;&#8221; rel=&#8221;&#8221; id=&#8221;&#8221; class=&#8221;btndentronoticia&#8221; animation=&#8221;none&#8221; width=&#8221;&#8221; height=&#8221;&#8221; top=&#8221;small&#8221; bottom=&#8221;small&#8221; left=&#8221;huge&#8221; right=&#8221;huge&#8221;][vc_column]<a href=\"https:\/\/www.elche.es\/wp-content\/uploads\/2022\/04\/Flyer-diversa-2022-1.pdf\" target=\"_blank\" class=\"sc_button sc_button_square sc_button_style_filled style_original sc_button_size_large aligncenter btndentronoticia margin_top_small margin_right_huge margin_bottom_small margin_left_huge\">Consulta ac\u00ed el programa del Festival Diversa 2022<\/a>[\/vc_column][\/vc_row][vc_row el_id=&#8221;TEXTO_NOTICIA&#8221;][vc_column][vc_column_text]Teatre, literatura i esport copen la programaci\u00f3 del Festival Diversa que tindr\u00e0 lloc del 10 al 19 de juny en diversos empla\u00e7aments d&#8217;Elx com l&#8217;Espai Hernandi\u00e0 o el Centre de Congressos, encara que la majoria de les activitats es desenvoluparan en L\u2019Escorxador. La regidora de Cultura, Marga Ant\u00f3n, i el director del CCCE L\u2019Escorxador, Jos\u00e9 Luis Mas, han presentat la nova edici\u00f3 en el Sal\u00f3 de Plens. \u201cUna iniciativa que, sota el lema &#8216;M\u00e9s visibles, m\u00e9s possibles&#8217;, t\u00e9 com a objectiu donar visibilitat i mostrar la realitat del col\u00b7lectiu LGTBI des d&#8217;una perspectiva cultural\u201d, ha assenyalat la regidora, que ha recordat que malgrat ser un festival municipal, <strong>una de les seues caracter\u00edstiques \u00e9s que es programa i s&#8217;executa per un grup de voluntaris i volunt\u00e0ries<\/strong>.<\/p>\n<p>Com a novetat enguany s&#8217;incorpora la taula LGTBI+ de l&#8217;Ajuntament d&#8217;Elx i la Regidoria de Joventut ha agafat major pes en l&#8217;organitzaci\u00f3.<\/p>\n<p>Ant\u00f3n ha manifestat que amb l&#8217;objectiu de fer m\u00e9s part\u00edcip el p\u00fablic jove, el pr\u00f2xim 10 de juny es dur\u00e0 a terme una taula redona de \u2018ciberactivisme jove\u2019 moderada per l&#8217;escriptor i ciberactivista Carlos Barea a les 20 hores en L&#8217;Escorxador. L&#8217;endem\u00e0 tindr\u00e0 lloc una jornada esportiva que comptar\u00e0 amb activitats com a ioga, crossfit, zumba i jocs populars, entre altres, a c\u00e0rrec del col\u00b7lectiu Dimove a les 9.30 hores en el Centre de Congressos. Tamb\u00e9 s&#8217;incorporen els tallers sobre diversitat familiar, impartits per Sofia Castellote l&#8217;11 i 12 de juny, i s&#8217;amplien els tallers formatius familiars \u2018Amb el meu pap\u00e0 amb la meua mam\u00e0\u2019 el 18 i 19 de juny. Tots dos tindran lloc en l&#8217;Escorxador.<\/p>\n<p>La programaci\u00f3 continua l&#8217;11 de juny amb l&#8217;obra teatral \u201c<strong>Sobrevivir a la vida es dif\u00edcil, aunque sepas como<\/strong>\u201d a c\u00e0rrec del c\u00f2mic Gersanc en l&#8217;Escorxador a les 20.30 hores. El dijous 16 de juny es desenvolupar\u00e0 la funci\u00f3 \u201cYo quiero ser Nomi Malone\u201d d&#8217;Antonio Pedraza i \u00c1lvaro Prados en l&#8217;Escorxador a les 20.30 hores.[\/vc_column_text][\/vc_column][\/vc_row][vc_row el_id=&#8221;TEXTO_FIN_NOTICIA&#8221;][vc_column][vc_column_text]Tamb\u00e9 es parlar\u00e0 en una taula redona de la realitat del col\u00b7lectiu LGTBI+ en els centres penitenciaris espanyols, moderada per V\u00edctor S\u00e1nchez el pr\u00f2xim 17 de juny. <strong>L&#8217;edil ha destacat que la festa de clausura ser\u00e0 el 18 de juny a la Terrassa de l&#8217;Escorxador amb el concert de Samantha Hudson, que a m\u00e9s llegir\u00e0 el preg\u00f3<\/strong>. Aquest mateix dia tamb\u00e9 es desenvolupar\u00e0 la presentaci\u00f3 del llibre \u201cAy, campaneras\u201d de Lidia Garc\u00eda amb un col\u00b7loqui a c\u00e0rrec de l&#8217;escriptora en l&#8217;Espai Hernandi\u00e0 a les 12.00 hores.<\/p>\n<p>Totes les activitats s\u00f3n gratu\u00eftes a excepci\u00f3 del concert i el mon\u00f2leg de Gersanc, les entrades del qual eixiran a la venda el dia 1 de juny a les 17.00 hores en la taquilla del Gran Teatre, Instanticket o es podran adquirir el mateix dia dels espectacles en la taquilla de L&#8217;Escorxador una hora abans.<\/p>\n<p>La regidora ha indicat que la mitjana de p\u00fablic a les activitats del DIVERSA per edici\u00f3 supera les 3.000 persones, xifra que s&#8217;espera recuperar una vegada eliminades les restriccions d&#8217;aforament.<\/p>\n<p>Per part seua, Jos\u00e9 Luis Mas ha puntualitzat que arran de que van detectar que augmentava progressivament la participaci\u00f3 jove s&#8217;ha adaptat la major part de la programaci\u00f3 a aquest col\u00b7lectiu. El programador ha assenyalat que darrere d&#8217;aquesta iniciativa l&#8217;objectiu \u00e9s continuar donant visibilitat al col\u00b7lectiu LGTBI i ha animat la ciutadania a participar.<\/p>\n<hr \/>\n<p>[\/vc_column_text][\/vc_column][\/vc_row][vc_row][vc_column width=&#8221;1\/6&#8243;][\/vc_column][vc_column width=&#8221;2\/3&#8243;]<audio class=\"sc_audio\" src=\"https:\/\/soundcloud.com\/ayuntamiento-de-elche\/nueva-edicion-de-diversa?utm_source=clipboard&#038;utm_medium=text&#038;utm_campaign=social_sharing\" width=\"\" height=\"\"><\/audio>[\/vc_column][vc_column width=&#8221;1\/6&#8243;][\/vc_column][\/vc_row]<\/p>\n<\/div>","protected":false},"excerpt":{"rendered":"<p>[vc_row el_id=&#8221;SUBTITULAR_NOTICIA&#8221;][vc_column][vc_column_text] La regidora de Cultura, Marga Ant\u00f3n, destaca que aquesta edici\u00f3 comptar\u00e0 amb una programaci\u00f3 principalment per als joves i les activitats s\u00f3n gratu\u00eftes a excepci\u00f3 del concert de [&hellip;]<\/p>\n","protected":false},"author":131,"featured_media":197102,"comment_status":"closed","ping_status":"closed","sticky":false,"template":"","format":"standard","meta":{"footnotes":""},"categories":[193,209,391,215,2755],"tags":[],"class_list":["post-197177","post","type-post","status-publish","format-standard","has-post-thumbnail","hentry","category-cultura-va","category-igualtat-va","category-home-va","category-joventut","category-lgtbi-va"],"_links":{"self":[{"href":"https:\/\/www.elche.es\/va\/wp-json\/wp\/v2\/posts\/197177","targetHints":{"allow":["GET"]}}],"collection":[{"href":"https:\/\/www.elche.es\/va\/wp-json\/wp\/v2\/posts"}],"about":[{"href":"https:\/\/www.elche.es\/va\/wp-json\/wp\/v2\/types\/post"}],"author":[{"embeddable":true,"href":"https:\/\/www.elche.es\/va\/wp-json\/wp\/v2\/users\/131"}],"replies":[{"embeddable":true,"href":"https:\/\/www.elche.es\/va\/wp-json\/wp\/v2\/comments?post=197177"}],"version-history":[{"count":0,"href":"https:\/\/www.elche.es\/va\/wp-json\/wp\/v2\/posts\/197177\/revisions"}],"wp:featuredmedia":[{"embeddable":true,"href":"https:\/\/www.elche.es\/va\/wp-json\/wp\/v2\/media\/197102"}],"wp:attachment":[{"href":"https:\/\/www.elche.es\/va\/wp-json\/wp\/v2\/media?parent=197177"}],"wp:term":[{"taxonomy":"category","embeddable":true,"href":"https:\/\/www.elche.es\/va\/wp-json\/wp\/v2\/categories?post=197177"},{"taxonomy":"post_tag","embeddable":true,"href":"https:\/\/www.elche.es\/va\/wp-json\/wp\/v2\/tags?post=197177"}],"curies":[{"name":"wp","href":"https:\/\/api.w.org\/{rel}","templated":true}]}}