{"id":197301,"date":"2022-05-17T09:36:06","date_gmt":"2022-05-17T08:36:06","guid":{"rendered":"https:\/\/www.elche.es\/2022\/05\/condecorats-a-elx-mes-de-tres-cents-agents-de-la-policia-autonomica-i-locals-de-la-provincia-per-la-seua-labor-de-seguretat-ciutadana\/"},"modified":"2022-05-17T09:36:07","modified_gmt":"2022-05-17T08:36:07","slug":"condecorats-a-elx-mes-de-tres-cents-agents-de-la-policia-autonomica-i-locals-de-la-provincia-per-la-seua-labor-de-seguretat-ciutadana","status":"publish","type":"post","link":"https:\/\/www.elche.es\/va\/2022\/05\/condecorats-a-elx-mes-de-tres-cents-agents-de-la-policia-autonomica-i-locals-de-la-provincia-per-la-seua-labor-de-seguretat-ciutadana\/","title":{"rendered":"Condecorats a Elx m\u00e9s de tres-cents agents de la policia auton\u00f2mica i locals de la prov\u00edncia per la seua labor de seguretat ciutadana"},"content":{"rendered":"<div class=\"wpb-content-wrapper\"><p>[vc_row el_id=&#8221;SUBTITULAR_NOTICIA&#8221;][vc_column][vc_column_text]<\/p>\n<hr \/>\n<h4>El secretari auton\u00f2mic de Seguretat i Emerg\u00e8ncies, Jos\u00e9 Mar\u00eda \u00c1ngel Batalla, presideix l&#8217;acte en el passeig de l&#8217;Estaci\u00f3 al costat de l&#8217;alcalde, Carlos Gonz\u00e1lez; la subdelegada del Govern d&#8217;Alacant, Araceli Poblador; l&#8217;edil de Seguretat Ciutadana, Ram\u00f3n Abad; el cap de la Policia Local d&#8217;Elx, C\u00e9sar Zaragoza; el director general d&#8217;Interior, Salvador Almenar, i altres autoritats<\/h4>\n<hr \/>\n<p>[\/vc_column_text][\/vc_column][\/vc_row][vc_row el_id=&#8221;TEXTO_NOTICIA&#8221;][vc_column][vc_column_text]El passeig de l&#8217;Estaci\u00f3 d&#8217;Elx ha albergat <strong>l&#8217;acte de lliurament d&#8217;un total de 309 condecoracions, diplomes i distincions a diferents agents de la Policia de la Generalitat i de diverses policies locals de la prov\u00edncia d&#8217;Alacant<\/strong>, en reconeixement al treball i m\u00e8rits d&#8217;aquests professionals de la seguretat p\u00fablica durant la seua labor policial.<\/p>\n<p>El secretari auton\u00f2mic de Seguretat i Emerg\u00e8ncies, Jos\u00e9 Mar\u00eda \u00c1ngel Batalla, ha presidit l&#8217;acte al costat de l&#8217;alcalde, Carlos Gonz\u00e1lez; la subdelegada de Govern d&#8217;Alacant, Araceli Poblador; l&#8217;edil de Seguretat Ciutadana, Ram\u00f3n Abad; el cap de la Policia Local d&#8217;Elx, C\u00e9sar Zaragoza; el director general d&#8217;Interior, Salvador Almenar; la comiss\u00e0ria de la Policia de la Generalitat, Marisol Conde; el comissari del Cos de Policia Nacional a Elx, Pedro Morote, aix\u00ed com membres de l&#8217;Equip de Govern i de la Corporaci\u00f3 Municipal de l&#8217;Ajuntament d&#8217;Elx i altres alts c\u00e0rrecs municipals i de les forces i cossos de seguretat de l&#8217;Estat.[\/vc_column_text][\/vc_column][\/vc_row][vc_row type=&#8221;flexslider_slide&#8221; interval=&#8221;5&#8243; source=&#8221;media_library&#8221; images=&#8221;&#8221; img_size=&#8221;full&#8221; external_img_size=&#8221;&#8221; onclick=&#8221;link_image&#8221; custom_links_target=&#8221;_self&#8221; el_class=&#8221;galerianoticia&#8221; title=&#8221;&#8221; custom_srcs=&#8221;&#8221; custom_links=&#8221;&#8221;][vc_column][vc_gallery type=&#8221;flexslider_slide&#8221; interval=&#8221;5&#8243; images=&#8221;197192,197194,197198,197200,197202,197204,197206,197208,197210,197212,197214,197216,197218,197220,197222,197224,197226,197228,197230,197232&#8243; img_size=&#8221;full&#8221; el_class=&#8221;galerianoticia&#8221;][\/vc_column][\/vc_row][vc_row][vc_column][vc_column_text]Durant l&#8217;acte s&#8217;ha fet lliurament de <strong>dues creus al M\u00e8rit Policial amb Distintiu Roig, 63 amb Distintiu Blau i 62 amb Distintiu Blanc; 168 felicitacions p\u00fabliques a t\u00edtol individual, una felicitaci\u00f3 col\u00b7lectiva, huit condecoracions honor\u00edfiques i cinc diplomes de jubilaci\u00f3. <\/strong>Destaca la Creu del M\u00e8rit amb Distintiu Blau que han rebut dos agents de la Policia de la Generalitat en reconeixement a la seua traject\u00f2ria professional i la Condecoraci\u00f3 Honor\u00edfica que ha rebut un altre agent del mateix cos per la seua actuaci\u00f3 heroica durant la DANA del Baix Segura.<\/p>\n<p>En el cas de la Policia Local il\u00b7licitana, de la qual Batalla ha recordat que \u201c\u00e9s un cos que recull el canvi tecnol\u00f2gic del quefer diari\u201d, s\u00f3n quatre els distingits amb Felicitaci\u00f3 P\u00fablica a T\u00edtol Individual. En concret, <strong>l&#8217;inspector Pedro Antonio Mart\u00ednez P\u00e9rez i els agents Manuel Antonio Mart\u00ednez Cerd\u00e0, Manuel Saura Rives i C\u00e9sar L\u00f3pez Pinel<\/strong>. Reconeixements amb els quals la Generalitat premia l&#8217;activitat policial d&#8217;estudi, promoci\u00f3 i dignificaci\u00f3 de la funci\u00f3 i dels cossos policials, aix\u00ed com els serveis meritoris d&#8217;\u00e0mplia repercussi\u00f3 social, protecci\u00f3 civil o en l&#8217;\u00e0mbit de la seguretat ciutadana i tr\u00e0nsit.[\/vc_column_text][\/vc_column][\/vc_row][vc_row el_id=&#8221;DESTACADO_NOTICIA&#8221;][vc_column][vc_column_text el_class=&#8221;cuadronoticia&#8221;]<\/p>\n<h5>L&#8217;inspector Pedro Antonio Mart\u00ednez P\u00e9rez i els agents Manuel Antonio Mart\u00ednez Cerd\u00e0, Manuel Saura Rives i C\u00e9sar L\u00f3pez Pinel de la Policia Local d&#8217;Elx reben la Felicitaci\u00f3 P\u00fablica a T\u00edtol Individual<\/h5>\n<p>[\/vc_column_text][\/vc_column][\/vc_row][vc_row el_id=&#8221;TEXTO_FIN_NOTICIA&#8221;][vc_column][vc_column_text]\u201cHui reconeixem a aquests 309 agents de la Policia de la Generalitat i de les policies locals de la prov\u00edncia per la seua exemplaritat i serveis a la comunitat imprescindibles per a resoldre problemes i crisis\u201d, ha manifestat l&#8217;alcalde, que ha felicitat tots els agents i <strong>ha recalcat que la seguretat ciutadana \u00e9s un \u201cservei p\u00fablic essencial\u201d per a la capital del Baix Vinalop\u00f3 i per a tots els pobles i ciutats de la Comunitat Valenciana<\/strong> en l&#8217;objectiu de construir \u201cbenestar, qualitat de vida i prosperitat\u201d. I que la Policia Local d&#8217;Elx desenvolupa \u201cuna labor aut\u00e8nticament excepcional\u201d, cosa que fa que la localitat \u201c<strong>siga de les m\u00e9s segures de la Comunitat i del conjunt d&#8217;Espanya<\/strong>\u201d.<\/p>\n<p>\u201cD&#8217;alguna forma\u201d, ha prosseguit Gonz\u00e1lez, \u201cque hui a Elx celebrem aquest acte d&#8217;homenatge als agents ve a reafirmar el treball que fan les policies locals de manera di\u00e0ria i que \u00e9s tan important per a la conveni\u00e8ncia democr\u00e0tica, en pau i amb seguretat\u201d.<\/p>\n<p>Quant al cap de la Policia Local d&#8217;Elx, ha fet una crida a l&#8217;impuls pol\u00edtic en l&#8217;\u00e0mbit nacional de la Llei de Seguretat Local, ja que les policies locals es troben \u201cal mateix nivell que la resta de forces i cossos de seguretat\u201d, ha dit. Aix\u00ed mateix, Zaragoza ha lloat els qui fan el treball quotidi\u00e0 al carrer: \u201cEls agents i els comandaments intermedis\u201d. I als policies distingits els ha llan\u00e7at un missatge: \u201cNo deixen de focalitzar la seua atenci\u00f3 en el veritablement important: la \u2018condecoraci\u00f3\u2019 que la gent ens posa cada dia; la satisfacci\u00f3 del deure compliment\u201d.<\/p>\n<p>Per part seua, el secretari auton\u00f2mic ha agra\u00eft la implicaci\u00f3 de les policies locals durant la pand\u00e8mia: \u201cEl treball d&#8217;aquests professionals durant la pand\u00e8mia ha sigut fonamental per a minimitzar els seus efectes. En moments de vertadera angoixa de la ciutadania, han redoblat el seu esfor\u00e7 per a continuar prestant el millor servei i alleujar el sotsobre que s&#8217;estava vivint\u201d, ha afirmat. Batalla tamb\u00e9 ha destacat que aquestes condecoracions posen en valor \u201cel lliurament i servei de tants professionals que no dubten a fer el seu treball, que moltes vegades posa en risc la seua integritat f\u00edsica, per a millorar la seguretat i la qualitat de vida dels ciutadans\u201d.<\/p>\n<p>\u201cLa Policia Local o policia de proximitat \u00e9s un dels serveis que formen part de la primera cadena de confian\u00e7a dels nostres ciutadans. \u00c9s important que se&#8217;ls conega pel carrer i que la gent se senta segura al carrer quan es troben amb un uniforme\u201d, ha concl\u00f2s Batalla.<\/p>\n<hr \/>\n<p>[\/vc_column_text][\/vc_column][\/vc_row][vc_row][vc_column width=&#8221;1\/2&#8243;]<audio class=\"sc_audio\" src=\"https:\/\/soundcloud.com\/ayuntamiento-de-elche\/entrega-de-de-condecoraciones-de-la-generalitat-a-la-policia-carlos?utm_source=clipboard&#038;utm_medium=text&#038;utm_campaign=social_sharing\" width=\"\" height=\"\"><\/audio>[\/vc_column][vc_column width=&#8221;1\/2&#8243;]<audio class=\"sc_audio\" src=\"https:\/\/soundcloud.com\/ayuntamiento-de-elche\/entrega-de-de-condecoraciones-de-la-generalitat-a-los-cuerpos-de-la-policial-de-la-provincia-cesar?utm_source=clipboard&#038;utm_medium=text&#038;utm_campaign=social_sharing\" width=\"\" height=\"\"><\/audio>[\/vc_column][\/vc_row][vc_row][vc_column width=&#8221;1\/2&#8243;]<audio class=\"sc_audio\" src=\"https:\/\/soundcloud.com\/ayuntamiento-de-elche\/entrega-de-de-condecoraciones-de-la-generalitat-a-la-policia-araceli?utm_source=clipboard&#038;utm_medium=text&#038;utm_campaign=social_sharing\" width=\"\" height=\"\"><\/audio>[\/vc_column][vc_column width=&#8221;1\/2&#8243;]<audio class=\"sc_audio\" src=\"https:\/\/soundcloud.com\/ayuntamiento-de-elche\/entrega-de-de-condecoraciones-de-la-generalitat-a-los-cuerpos-de-la-policial-de-la-provincia-angel?utm_source=clipboard&#038;utm_medium=text&#038;utm_campaign=social_sharing\" width=\"\" height=\"\"><\/audio>[\/vc_column][\/vc_row]<\/p>\n<\/div>","protected":false},"excerpt":{"rendered":"<p>[vc_row el_id=&#8221;SUBTITULAR_NOTICIA&#8221;][vc_column][vc_column_text] El secretari auton\u00f2mic de Seguretat i Emerg\u00e8ncies, Jos\u00e9 Mar\u00eda \u00c1ngel Batalla, presideix l&#8217;acte en el passeig de l&#8217;Estaci\u00f3 al costat de l&#8217;alcalde, Carlos Gonz\u00e1lez; la subdelegada del Govern [&hellip;]<\/p>\n","protected":false},"author":131,"featured_media":197197,"comment_status":"closed","ping_status":"closed","sticky":false,"template":"","format":"standard","meta":{"footnotes":""},"categories":[391,1312,2772],"tags":[],"class_list":["post-197301","post","type-post","status-publish","format-standard","has-post-thumbnail","hentry","category-home-va","category-noticias-va","category-seguretat-ciutadana"],"_links":{"self":[{"href":"https:\/\/www.elche.es\/va\/wp-json\/wp\/v2\/posts\/197301","targetHints":{"allow":["GET"]}}],"collection":[{"href":"https:\/\/www.elche.es\/va\/wp-json\/wp\/v2\/posts"}],"about":[{"href":"https:\/\/www.elche.es\/va\/wp-json\/wp\/v2\/types\/post"}],"author":[{"embeddable":true,"href":"https:\/\/www.elche.es\/va\/wp-json\/wp\/v2\/users\/131"}],"replies":[{"embeddable":true,"href":"https:\/\/www.elche.es\/va\/wp-json\/wp\/v2\/comments?post=197301"}],"version-history":[{"count":0,"href":"https:\/\/www.elche.es\/va\/wp-json\/wp\/v2\/posts\/197301\/revisions"}],"wp:featuredmedia":[{"embeddable":true,"href":"https:\/\/www.elche.es\/va\/wp-json\/wp\/v2\/media\/197197"}],"wp:attachment":[{"href":"https:\/\/www.elche.es\/va\/wp-json\/wp\/v2\/media?parent=197301"}],"wp:term":[{"taxonomy":"category","embeddable":true,"href":"https:\/\/www.elche.es\/va\/wp-json\/wp\/v2\/categories?post=197301"},{"taxonomy":"post_tag","embeddable":true,"href":"https:\/\/www.elche.es\/va\/wp-json\/wp\/v2\/tags?post=197301"}],"curies":[{"name":"wp","href":"https:\/\/api.w.org\/{rel}","templated":true}]}}