{"id":197792,"date":"2022-05-19T13:28:52","date_gmt":"2022-05-19T12:28:52","guid":{"rendered":"https:\/\/www.elche.es\/2022\/05\/elx-celebra-el-dia-internacional-dels-museus-amb-jornades-de-portes-obertes-i-activitats-familiars\/"},"modified":"2022-05-19T13:28:53","modified_gmt":"2022-05-19T12:28:53","slug":"elx-celebra-el-dia-internacional-dels-museus-amb-jornades-de-portes-obertes-i-activitats-familiars","status":"publish","type":"post","link":"https:\/\/www.elche.es\/va\/2022\/05\/elx-celebra-el-dia-internacional-dels-museus-amb-jornades-de-portes-obertes-i-activitats-familiars\/","title":{"rendered":"Elx celebra el Dia Internacional dels Museus amb jornades de portes obertes i activitats familiars"},"content":{"rendered":"<div class=\"wpb-content-wrapper\"><p>[vc_row][vc_column][vc_column_text css=&#8221;.vc_custom_1652950448970{padding-top: 25px !important;padding-bottom: 25px !important;}&#8221;]<\/p>\n<h4>Ni\u00f1o de Elche presenta divendres en el Gran Teatre la gira de presentaci\u00f3 del seu nou disc La exclusi\u00f3n<\/h4>\n<p>[\/vc_column_text][vc_column_text]Amb motiu del Dia Internacional dels Museus, que se celebra el 18 de maig, la majoria dels existents a Elx han programat activitats familiars i jornades de portes obertes fins al diumenge dia 22 perqu\u00e8 tot aquell que ho desitge puga gaudir de la cultura d&#8217;una forma diferent.<\/p>\n<p>El Gran Teatre, per part seua, celebra el dijous 19 a partir de les 21 hores <em>la XXII Marat\u00f3 de teatre amateur<\/em> que comptar\u00e0 enguany amb sis mini obres diferents. El divendres a les 20 hores, Ni\u00f1o de Elche prendr\u00e0 l&#8217;escenari i oferir\u00e0 un concert amb aires flamencs <em>La exclusi\u00f3n<\/em>. A m\u00e9s, el diumenge a la vesprada, la companyia de teatre &#8220;Producciones Teatrales Contempor\u00e1neas&#8221; oferir\u00e0 l&#8217;obra <em>El hombre almohada<\/em>, amb la participaci\u00f3 de Bel\u00e9n Cuesta.<\/p>\n<p>La proposta dels Cinemes Od\u00e8on per a aquesta setmana \u00e9s el thriller fant\u00e0stic <em>Licorice pizza<\/em>, del director Paul Thomas Anderson, que es podr\u00e0 veure des del dimecres 18 fins al diumenge 22 de maig. El dijous 19 a les 19 hores, es projectar\u00e0 <em>Matrix<\/em> que comptar\u00e0 a m\u00e9s amb un col\u00b7loqui a c\u00e0rrec de Rosa Belmonte. Per part seua, els m\u00e9s xicotets de la casa podran gaudir de la pel\u00b7l\u00edcula <em>Ainbo, la guerrera del Amazonas<\/em> el dissabte i el diumenge.<\/p>\n<p>En el Centre de Cultura Contempor\u00e0nia L\u2019Escorxador el dimecres 18 a les 19 hores tindr\u00e0 lloc el concert de Mart\u00edn Casado Blanco i Percussions d\u2019Elx. A m\u00e9s, continua l&#8217;exposici\u00f3 de Manu Sanz: <em>Espais Improbables<\/em>. En el mateix centre, el dissabte al mat\u00ed, els xiquets i les xiquetes podran assistir al taller de <em>Tipi Art<\/em> impartit per Loly Mise.<\/p>\n<p>L&#8217;obra del pintor de Ja\u00e9n Rafael Zabaleta s&#8217;exposa a la sala de l&#8217;Orde Tercer des del 10 de maig fins al 10 de juliol. L&#8217;exposici\u00f3 \u00e9s un conjunt de 24 obres germanades amb els versos de l&#8217;escriptor Miguel Hern\u00e1ndez, i commemora el 80\u00e9 aniversari de la mort del poeta<\/p>\n<p>Finalment, en la Llotja Medieval i en L\u2019Escorxador, continua fins al 12 de juny pot visitar-se la nova exposici\u00f3 <em>Consorci de Museus de la Comunitat Valenciana.<\/em>[\/vc_column_text][\/vc_column][\/vc_row][vc_row][vc_column][vc_column_text css=&#8221;.vc_custom_1652950590046{padding-top: 25px !important;}&#8221;]<\/p>\n<h4>Gran Teatre<\/h4>\n<p>[\/vc_column_text][\/vc_column][\/vc_row][vc_row][vc_column][vc_column_text css=&#8221;.vc_custom_1652951013448{padding-top: 25px !important;}&#8221;]<strong>Teatre:<\/strong><em> XXII Marat\u00f3 de teatre amateur<\/em><\/p>\n<p><strong>Hora:<\/strong> 21 hores.<\/p>\n<p><strong> Entrades:<\/strong> <a href=\"https:\/\/www.instanticket.es\/xxii-maraton-de-teatre-amateur\/?id=XXIIMARATON\">Instanticket,<\/a> en la taquilla del Gran Teatre.<\/p>\n<p><strong>Informaci\u00f3:<\/strong> Diverses companyies i associacions de teatre de la ciutat participaran en la Marat\u00f3 representant xicotetes peces teatrals de menys de huit minuts de duraci\u00f3.<\/p>\n<p><strong>Obres:<\/strong><em> La Esencia de la Dama<\/em> per Associaci\u00f3 de teatre de la tercera joventut; <em>La vuelta al proscenic<\/em> per Grup proscenic; <em>El reencuentro<\/em> per Soy Artista; <em>Una entrevista peculiar<\/em> per Galapizarte; <em>Libidine<\/em> per Sentido Macbeth; <em>Sois como ni\u00f1os<\/em> per Teatreta Teatre.<\/p>\n<p>\u00b7<strong> Divendres 20 de maig.<\/strong><\/p>\n<p><strong>Concert:<\/strong> <em>La exclusi\u00f3n<\/em> per Ni\u00f1o de Elche.<\/p>\n<p><strong>Hora:<\/strong> 20 hores.<\/p>\n<p><strong>Entrades:<\/strong> en <a href=\"https:\/\/www.instanticket.es\/nino-de-elche\/?id=200522NINO\">Instanticket<\/a> i en la taquilla del Gran Teatro.<\/p>\n<p><strong>Informaci\u00f3:<\/strong> Ni\u00f1o de Elche presenta en aquesta gira, titulada <em>La exclusi\u00f3n<\/em>, el disco del mateix nom que acaba de publicar.<\/p>\n<p><strong>Sinopsi:<\/strong> Una proposta esc\u00e8nica on es reuneixen disciplines diverses i s&#8217;esborren fronteres formals. L&#8217;exclusi\u00f3 busca un cam\u00ed que transite pels l\u00edmits de la modernitat.<\/p>\n<p><strong>\u00b7 Dissabte 21 de maig.<\/strong><\/p>\n<p><strong>Teatre:<\/strong> <em>El hombre almohada<\/em>, per &#8220;Producciones Teatrales Contempor\u00e1neas&#8221;.<\/p>\n<p><strong>Hora:<\/strong> 20 hores.<\/p>\n<p><strong> Entrades:<\/strong> en <a href=\"https:\/\/www.instanticket.es\/el-hombre-almohada\/?id=200522ELHOMBRE\">Instanticket<\/a> i en la taquilla del Gran Teatre.<\/p>\n<p><strong>Informaci\u00f3:<\/strong> L&#8217;elenc de l&#8217;obra estar\u00e0 format per Bel\u00e9n Cuesta, Ricardo G\u00f3mez, Juan Codina, Manuela Paso i David Serrano<\/p>\n<p><strong>Sinopsi:<\/strong> Katurian, una escriptora de relats curts en els quals es descriuen maltractaments cap a menors, \u00e9s arrestada per la policia. Les seues hist\u00f2ries s&#8217;assemblen sospitosament a una s\u00e8rie de crims que s&#8217;han succe\u00eft en els \u00faltims temps&#8230;[\/vc_column_text][\/vc_column][\/vc_row][vc_row][vc_column][vc_single_image image=&#8221;197700&#8243; img_size=&#8221;medium&#8221; alignment=&#8221;center&#8221; onclick=&#8221;link_image&#8221; el_class=&#8221;fotounicanoticiavertical&#8221;][\/vc_column][\/vc_row][vc_row][vc_column][vc_column_text css=&#8221;.vc_custom_1652951248372{padding-top: 25px !important;}&#8221;]<\/p>\n<h4>Cinemes Odeon<\/h4>\n<p>[\/vc_column_text][\/vc_column][\/vc_row][vc_row][vc_column][vc_column_text css=&#8221;.vc_custom_1652951654976{padding-top: 25px !important;}&#8221;]<strong>\u00b7 Del dimecres 18 al diumenge 22 de maig.<\/strong><\/p>\n<p><strong>Cine:<\/strong> <em>Licorice Pizza<\/em> de Paul Thomas Anderson (Estats Units d&#8217;Am\u00e8rica).<\/p>\n<p><strong>Entrades:<\/strong> en <a href=\"https:\/\/www.instanticket.es\/licore-pizza\/?id=180522LICORE\">Instanticke<\/a>t i en la taquilla.<\/p>\n<p><strong>Sessions:<\/strong> 17.30, 20.30 hores.<\/p>\n<p><strong>Informaci\u00f3<\/strong>: Una com\u00e8dia rom\u00e0ntica a la qual donaran vida actors com Bradley Cooper, Sean Penn o Alana Haim.<\/p>\n<p><strong>Sinopsi:<\/strong> \u00c9s la hist\u00f2ria d&#8217;Alana Kane i Gary Valentine, de com es coneixen, passen el temps junts i acaben enamorant-se a la Vall de Sant Ferran en 1973.<\/p>\n<p><strong>\u00b7 Dijous 19 de maig.<\/strong><\/p>\n<p><strong>Cine:<\/strong> <em>Matrix<\/em> de Lilly Wachowski, Lana Wachowski (Estats Units d&#8217;Am\u00e8rica).<\/p>\n<p><strong> Entrades:<\/strong> en <a href=\"https:\/\/www.instanticket.es\/matrix-incluye-coloquio\/?id=190522MATRIX\">Instanticket<\/a> i en la taquilla.<\/p>\n<p><strong>Sessions:<\/strong> 19.00 hores.<\/p>\n<p><strong>Informaci\u00f3:<\/strong> la projecci\u00f3 compta amb un col\u00b7loqui amb la ponent Rosa Belmonte, professora de literatura en la UNED.<\/p>\n<p><strong>Sinopsi:<\/strong> Thomas Anderson \u00e9s un brillant programador d&#8217;una respectable companyia de programari. Per\u00f2 fora del treball \u00e9s Neo, un hacker que un dia rep una misteriosa visita i \u00e9s convocat pel moviment de resist\u00e8ncia liderat per Morfeo, que lluita contra la dominaci\u00f3 dels \u00e9ssers humans per les m\u00e0quines. Morfeo li ofereix dues pastilles de diferents colors: amb una continuar\u00e0 en la il\u00b7lusi\u00f3, amb l&#8217;altra descobrir\u00e0 la veritat.<\/p>\n<p><strong>\u00b7 Dissabte 21 i diumenge 22 de maig.<\/strong><\/p>\n<p><strong>Cine:<\/strong> A<em>inbo, la guerrera del Amazonas<\/em> deChelo Loureiro (Per\u00fa).<\/p>\n<p><strong>Entrades:<\/strong> en <a href=\"https:\/\/www.instanticket.es\/ainbo,-la-guerrera-del-amazonas\/?id=210522AINBO\">Instanticket<\/a> i en la taquilla.<\/p>\n<p><strong>Sessi\u00f3:<\/strong> 17.30 hores.<\/p>\n<p><strong>Sinopsi:<\/strong> La xicoteta Ainbo viu en la zona m\u00e9s profunda de la selva amaz\u00f2nica. Despr\u00e9s de perdre sa mare i barallar-se amb els adults de la seua aldea, aquesta jove arquera empr\u00e9n un viatge per a salvar al seu poble del poder destructor de l&#8217;home blanc. L&#8217;acompanyen els seus dos guies espirituals, un espavilat armadillo i un tapir bona\u00e7.[\/vc_column_text][\/vc_column][\/vc_row][vc_row][vc_column][vc_single_image image=&#8221;197702&#8243; img_size=&#8221;medium&#8221; alignment=&#8221;center&#8221; onclick=&#8221;link_image&#8221; el_class=&#8221;fotounicanoticiavertical&#8221; css=&#8221;.vc_custom_1652951689196{padding-top: 25px !important;}&#8221;][\/vc_column][\/vc_row][vc_row][vc_column][vc_column_text css=&#8221;.vc_custom_1652952010625{padding-top: 25px !important;}&#8221;]<\/p>\n<h4>L&#8217;Escorxador<\/h4>\n<p>[\/vc_column_text][\/vc_column][\/vc_row][vc_row][vc_column][vc_column_text css=&#8221;.vc_custom_1652952137090{padding-top: 25px !important;}&#8221;]<strong>\u00b7 Dissabte 21 de maig.<\/strong><\/p>\n<p><strong>Formaci\u00f3:<\/strong> Tallers<em> Tipi Art.<\/em><\/p>\n<p><strong>Inscripcions:<\/strong> a partir del dilluns anterior al taller a les 9.00 hores en zonalibre.arteterapia@gmail.com<\/p>\n<p><strong>Hora<\/strong>: 11.00 hores.<\/p>\n<p><strong>Informaci\u00f3:<\/strong> Taller infantil i familiar impartit per Loly Mise, artista especialista en &#8220;artterapia&#8221; per al desenvolupament hum\u00e0, i Llu\u00eds Mart\u00ednez Quiles, m\u00fasic i llicenciat en Belles arts.<\/p>\n<p><strong>\u00b7 Dimecres 18 de maig.<\/strong><\/p>\n<p><strong>Recital:<\/strong> Mart\u00edn Casado Blanco i Percussions d\u2019Elx<\/p>\n<p><strong>Entrades:<\/strong> invitaci\u00f3 una hora abans en la taquilla de L\u2019Escorxador.<\/p>\n<p><strong>Hora:<\/strong> 19 hores.<\/p>\n<p><strong>Informaci\u00f3:<\/strong> Mart\u00edn Casado Blanco interpretar\u00e0 un conjunt d&#8217;obres que tenen Jap\u00f3 com a fil conductor. Percussions d\u2019Elx, oferir\u00e0 un programa amb obres originals per a percussi\u00f3 del Segle XX d&#8217;estil minimalista<\/p>\n<p><strong>\u00b7 Fins al 12 de juny<\/strong>.<\/p>\n<p><strong>Exposici\u00f3:<\/strong> Consorci de Museus de la Comunitat Valenciana.<\/p>\n<p><strong>Horari:<\/strong> de dimarts a divendres de 17 a 21 hores. Dissabtes de 10 a 14 hores i de 17 a 20 hores. Diumenges i festius de 10 a 13.30 hores.<\/p>\n<p>\u00b7 <strong>Divendres 13 de maig al diumenge 12 de juny.<\/strong><\/p>\n<p><strong>Exposici\u00f3:<\/strong> Espais Improbables de Manu Sanz<\/p>\n<p><strong>Horari:<\/strong> De dilluns a divendres de 17 a 21 horas. Dissabtes d&#8217;11 a 14 horas i de 17 a 20 hores. Diumenges d&#8217;11 a 14 hores.<\/p>\n<p><strong>Informaci\u00f3:<\/strong> exposici\u00f3 basada en la construcci\u00f3 d&#8217;espais utilitzant diferents objectes i espills.<\/p>\n<p><strong>Sinopsi:<\/strong> aquesta mostra desafia l&#8217;evid\u00e8ncia i el prestigi de la presumpta objectivitat del sentit de la vista. Veiem amb claredat i entenem el que tenim davant, i en canviar de punt de vista, se&#8217;ns mostra una percepci\u00f3 contraposada amb l&#8217;anterior i tan real com aquesta.[\/vc_column_text][\/vc_column][\/vc_row][vc_row][vc_column][vc_column_text css=&#8221;.vc_custom_1652952206443{padding-top: 25px !important;}&#8221;]<\/p>\n<h4>Sala capilla Clarisses<\/h4>\n<p>[\/vc_column_text][\/vc_column][\/vc_row][vc_row][vc_column][vc_column_text css=&#8221;.vc_custom_1652952694755{padding-top: 25px !important;}&#8221;]<strong>\u00b7 Divendres 20 de maig.<\/strong><\/p>\n<p><strong>Presentaci\u00f3 llibre amb concert:<\/strong> <em>Solo pienso en tu boca <\/em>por\u00a0Paco Escudero.<\/p>\n<p><strong>Horari:<\/strong> 20 hores.<\/p>\n<p><strong>Entrada:<\/strong> lliure fins a completar aforament.[\/vc_column_text][\/vc_column][\/vc_row][vc_row][vc_column][vc_column_text]<\/p>\n<h4>Claustre Clarisses<\/h4>\n<p>[\/vc_column_text][\/vc_column][\/vc_row][vc_row][vc_column][vc_column_text css=&#8221;.vc_custom_1652952791684{padding-top: 25px !important;}&#8221;]<strong>\u00b7 Fins el 24 de maig.<\/strong><\/p>\n<p><strong>Exposici\u00f3:<\/strong> Col\u00b7legi d&#8217;arquitectes.<\/p>\n<p><strong>Horari:<\/strong> de dimarts a dissabte de 10 a 14 hores i de 15 a 18 hores. Diumenges i festius de 10 a 14 hores.<\/p>\n<p><strong>Informaci\u00f3:<\/strong> aquesta mostra t\u00e9 per objectiu con\u00e9ixer treballs seleccionats en la convocat\u00f2ria de la Mostra d&#8217;Arquitectura Recent a Alacant 2018-2019 en l&#8217;\u00e0rea geogr\u00e0fica que compr\u00e9n la demarcaci\u00f3 d&#8217;Elx.<\/p>\n<p><strong>\u00b7 Diumenge 22 de maig<\/strong>.<\/p>\n<p><strong>Concert:<\/strong> Elena Seti\u00e9n.<\/p>\n<p><strong>Horari:<\/strong> 12 hores.<\/p>\n<p><strong>Entrada:<\/strong> lliure<\/p>\n<p><strong>Informaci\u00f3:<\/strong> Elena ha editat cinc discos propis com a cantautora, cantant, improvisadora i arranjadora. Quatre dels \u00e0lbums van estar nominats als grammies danesos del jazz en les categories jazz vocal, estil cross-over i edici\u00f3 especial.[\/vc_column_text][\/vc_column][\/vc_row][vc_row][vc_column][vc_column_text css=&#8221;.vc_custom_1652952935887{padding-top: 25px !important;}&#8221;]<\/p>\n<h4>Orde Tercer<\/h4>\n<p>[\/vc_column_text][\/vc_column][\/vc_row][vc_row][vc_column][vc_column_text css=&#8221;.vc_custom_1652952982677{padding-top: 25px !important;}&#8221;]<strong>\u00b7 Del 10 de maig al 10 de juliol<\/strong><\/p>\n<p><strong>Exposici\u00f3:<\/strong> <em>Vers sobre llen\u00e7<\/em>\u00a0de Rafael Zabaleta.<\/p>\n<p><strong>Horari:<\/strong> de dimarts a dissabtes de 10 a 14 hores i de 15 a 18 hores. Diumenges i festius de 10 a 14 hores.[\/vc_column_text][\/vc_column][\/vc_row][vc_row][vc_column][vc_column_text css=&#8221;.vc_custom_1652953420563{padding-top: 25px !important;}&#8221;]<\/p>\n<h4>Llotja Medieval<\/h4>\n<p>[\/vc_column_text][\/vc_column][\/vc_row][vc_row][vc_column][vc_column_text css=&#8221;.vc_custom_1652953448872{padding-top: 25px !important;}&#8221;]<strong>\u00b7 Fins al 12 de juny.<\/strong><\/p>\n<p><strong>Exposici\u00f3:<\/strong> Consorci de Museus de la Comunitat Valenciana.<\/p>\n<p><strong>Horari:<\/strong> de dimarts a dissabtes de 10 a 14 hores i de 15 a 18 hores. Diumenges i festius de 10 a 14 hores.[\/vc_column_text][\/vc_column][\/vc_row][vc_row][vc_column][vc_column_text css=&#8221;.vc_custom_1652953484177{padding-top: 25px !important;}&#8221;]<\/p>\n<h4>Barris i pedanies<\/h4>\n<p>[\/vc_column_text][\/vc_column][\/vc_row][vc_row][vc_column][vc_column_text css=&#8221;.vc_custom_1652953519837{padding-top: 25px !important;}&#8221;]<strong>\u00b7 Dissabte 21 de maig PLA DE SANT JOSEP.<\/strong><\/p>\n<p><strong>M\u00e0gia:<\/strong> Anuska la Maga.<\/p>\n<p><strong>Horari:<\/strong> a les 19.30 hores.<\/p>\n<p><strong>Entrada:<\/strong> lliure.[\/vc_column_text][vc_column_text css=&#8221;.vc_custom_1652953613044{padding-top: 25px !important;}&#8221;]<\/p>\n<h4>Biblioteques<\/h4>\n<p>[\/vc_column_text][\/vc_column][\/vc_row][vc_row][vc_column][vc_column_text css=&#8221;.vc_custom_1652953586093{padding-top: 25px !important;}&#8221;]<strong>\u00b7 Dimecres 18, dijous 19 de maig.<\/strong><\/p>\n<p><strong>Formaci\u00f3:<\/strong> A la Biblioteca Gloria Fuertes. Formaci\u00f3 d&#8217;usuaris amb contacontes interactius \u201cEn un mundo de color hab\u00eda una vez\u2026 un mont\u00f3n de historias donde los colores son m\u00e1gicos y juegan entre s\u00ed\u201d.<\/p>\n<p><strong>Hora:<\/strong> 10 a 11 hores.<\/p>\n<p><strong>\u00b7 Divendres 20 de maig a la sala multiusos de la Biblioteca Pere Ibarra.<\/strong><\/p>\n<p><strong>Presentaci\u00f3:<\/strong> <em>Poemario estrafalario de palabras olvidadas<\/em> per Juan Clemente G\u00f3mez<\/p>\n<p><strong>Hora<\/strong>: 19 hores[\/vc_column_text][\/vc_column][\/vc_row][vc_row][vc_column][vc_column_text css=&#8221;.vc_custom_1652953644042{padding-top: 25px !important;}&#8221;]<\/p>\n<h4>DIA INTERNACIONAL DEL MUSEU<\/h4>\n<p>[\/vc_column_text][\/vc_column][\/vc_row][vc_row][vc_column][vc_column_text css=&#8221;.vc_custom_1652953884402{padding-top: 25px !important;}&#8221;]<\/p>\n<h4><span style=\"color: #00ccff;\">MAHE<\/span><\/h4>\n<p><strong>\u00b7 Dimecres 18<\/strong><\/p>\n<p><strong>11.30 h Visita interactiva en l\u00ednia \u201cPrehist\u00f2ria en el MAHE\u201d<\/strong> per a centres escolars. Galipat.<\/p>\n<p>A trav\u00e9s de la plataforma Genial.ly els centres educatius podran accedir a la sala de Prehist\u00f2ria del MAHE per a poder realitzar diferents activitats i jocs interactius. El centre docent ha de fer la petici\u00f3 de l&#8217;activitat per a donar-los acc\u00e9s als enlla\u00e7os d&#8217;aquesta plataforma.<\/p>\n<p><strong>12.00 h Visita guiada al MAHE<\/strong> (25 pax). (Duraci\u00f3: 45 min aprox.) Galipat.<\/p>\n<p><strong>13.00 h Visita guiada al MAHE<\/strong> (25 pax). (Duraci\u00f3: 45 min aprox.) Galipat.<\/p>\n<p><strong>\u00b7 Dissabte 21<\/strong><\/p>\n<p><strong>11.00 h Taller d&#8217;Arqueologia experimental \u201cAmulets feniciop\u00fanics\u201d<\/strong> (25 pax) (A partir de 6 anys). Sala de Did\u00e0ctica del MAHE (Duraci\u00f3: 1 hora aprox.). Juan P\u00e9rez Meca (Emporia Nea).<\/p>\n<p>Taller enfocat a con\u00e9ixer materials i t\u00e8cniques representatius de la cultura fen\u00edcia i la seua influ\u00e8ncia en el m\u00f3n ib\u00e8ric, en particular en l&#8217;\u00e0rea del sud-est peninsular. S&#8217;explicar\u00e0 la t\u00e8cnica del vidre en capes de colors propis dels ung\u00fcentaris amb una experi\u00e8ncia (demostraci\u00f3 amb argiles acolorides). Posteriorment, cada participant amb el seu motle (tots diferents) elaborar\u00e0 el seu propi amulet.<\/p>\n<p><strong>13.00 h Visita guiada al MAHE <\/strong>(25 pax). (Duraci\u00f3: 45 min aprox.). Galipat.<\/p>\n<p><strong>19.00 h Concert de Percussions del CPM d&#8217;Elx<\/strong>, a c\u00e0rrec dels alumnes de l&#8217;\u00faltim cicle d&#8217;Ensenyaments Professionals del Conservatori Professional de M\u00fasica d&#8217;Elx (Aforament m\u00e0x.: 70 persones) (Duraci\u00f3: 1 h aprox.).<\/p>\n<p>Alumnes dels \u00faltims cursos d&#8217;ensenyaments professionals oferiran un programa amb obres originals per a percussi\u00f3 del segle XX d&#8217;estil minimalista que ens introduir\u00e0 en la m\u00fasica com un mantra, traslladant el p\u00fablic a una altra dimensi\u00f3.<\/p>\n<p><strong>Programa<\/strong><\/p>\n<p>1. Music for Pieces of Wood (1973) \u2026\u2026\u2026\u2026\u2026\u2026\u2026\u2026\u2026\u2026..\u2026\u2026\u2026\u2026 Steve Reich (1936)<\/p>\n<p>2. Paisatge cub\u00e0 amb pluja (1984) \u2026\u2026\u2026\u2026\u2026\u2026\u2026\u2026\u2026\u2026.\u2026\u2026\u2026\u2026. Leo Brouwer<\/p>\n<p>3. Suma nul\u00b7la (2020) \u2026\u2026\u2026\u2026\u2026\u2026\u2026\u2026\u2026\u2026\u2026\u2026\u2026..\u2026..\u2026\u2026\u2026 Olivia Carri\u00f3n-Arteta (1984)<\/p>\n<p>4. On last bar then Joe can sing (1994) \u2026\u2026\u2026..\u2026\u2026\u2026\u2026\u2026\u2026\u2026\u2026.. Gavin Bryars (1955)<\/p>\n<p>5. Workers Union (1975) \u2026\u2026\u2026..\u2026\u2026\u2026\u2026\u2026\u2026\u2026.\u2026\u2026\u2026. Louis Andriessen (1938-2021)<\/p>\n<p><strong>\u00b7 Diumenge 22<\/strong><\/p>\n<p><strong>10.00 h Taller \u201cTeixidores iberes\u201d<\/strong> (15 pax) (A partir de 6 anys). Sala de Did\u00e0ctica del MAHE. (Duraci\u00f3: 1 hora aprox.) Galipat.<\/p>\n<p>Consistent en la creaci\u00f3 de teixit a partir d&#8217;un teler artesanal com es produ\u00efa en la cultura ibera utilitzant colors propis de pigments que usava aquesta cultura.<\/p>\n<p><strong>11.30 h Contacontes \u201cCuentos en el Museo\u201d<\/strong> (A partir de 3 anys). Sessions a les 11.30; 12.00; 12.30; 13.00 i 13.30 h. Mariano Mart\u00ednez.<\/p>\n<p>Les hist\u00f2ries, els embarbussaments, els jocs i les can\u00e7ons s&#8217;aniran entrella\u00e7ant per a atrapar-nos en la m\u00e0gia de les paraules, que ens traslladaran a mil i un llocs amb la nostra imaginaci\u00f3.<\/p>\n<p><strong>13.00 h Visita guiada al MAHE<\/strong> (25 pax). (Duraci\u00f3: 45 min aprox.). Galipat[\/vc_column_text][\/vc_column][\/vc_row][vc_row][vc_column][vc_column_text css=&#8221;.vc_custom_1652953977465{padding-top: 25px !important;}&#8221;]<span style=\"color: #339966;\">MUSEU EL PALMERAR<\/span><\/p>\n<p><strong>\u00b7 Dimecres 18<\/strong><\/p>\n<p><strong>11.30 h Visita guiada al Museu del Palmerar i demostraci\u00f3 d&#8217;enfilar-se a la palmera<\/strong> (25 pax) (Duraci\u00f3: 45 min aprox.) David Maci\u00e0, palmerer del museu.<\/p>\n<p><strong>\u00b7 Dissabte 21<\/strong><\/p>\n<p><strong>10.30 h Taller familiar: \u201cFets de d\u00e0tils i aigua\u201d<\/strong> (20 pax) (Sense rang d&#8217;edat) (Duraci\u00f3: 1 h aprox.) Hort de Sant Pl\u00e0cid. Galipat.<\/p>\n<p>En aquest taller es realitza una breu explicaci\u00f3 del context hist\u00f2ric i es valora l&#8217;evoluci\u00f3 de la tecnologia de materials i processos d&#8217;elaboraci\u00f3 i creaci\u00f3, aix\u00ed com el llegat que la cultura isl\u00e0mica ha deixat present en el territori il\u00b7licit\u00e0. La part pr\u00e0ctica del taller t\u00e9 dues parts. La primera consisteix en la plantaci\u00f3 d&#8217;un d\u00e0til en una jardinera biodegradable que s&#8217;emportar\u00e0 a casa per a poder seguir el creixement d&#8217;una palmera.<\/p>\n<p>La segona part \u00e9s un joc cooperatiu de cartes, en el qual per equips es posaran a prova els coneixements adquirits, les seues capacitats de comunicaci\u00f3 i habilitats cooperaci\u00f3.<\/p>\n<p><strong>11.30 h Visita guiada al Museu del Palmerar i demostraci\u00f3 d&#8217;enfilar-se a la palmera<\/strong> (25 pax) (Duraci\u00f3: 45 min aprox.) David Maci\u00e0, palmerer del museu.<\/p>\n<p><strong>\u00b7 Diumenge 22<\/strong><\/p>\n<p><strong>11.30 h Visita guiada al Museu del Palmerar i demostraci\u00f3 d&#8217;enfilar-se a la palmera<\/strong> (25 pax) (Duraci\u00f3: 45 min aprox.) David Maci\u00e0, palmerer del museu.[\/vc_column_text][\/vc_column][\/vc_row][vc_row][vc_column][vc_column_text css=&#8221;.vc_custom_1652954071853{padding-top: 25px !important;}&#8221;]<span style=\"color: #ff00ff;\">MUSEU DE LA FESTA<\/span><\/p>\n<p><strong>\u00b7 Dissabte 21<\/strong><\/p>\n<p><strong>12.00 h Visita guiada al Museu de la Festa<\/strong> (25 pax). (Duraci\u00f3: 45 min aprox.). Galipat.<\/p>\n<p><strong>\u00b7 Diumenge 22<\/strong><\/p>\n<p><strong>12.00 h Visita guiada al Museo de la Festa<\/strong> (25 pax). (Duraci\u00f3: 45 min aprox.). Galipat.[\/vc_column_text][\/vc_column][\/vc_row][vc_row][vc_column][vc_column_text css=&#8221;.vc_custom_1652954194494{padding-top: 25px !important;}&#8221;]<span style=\"color: #ff0000;\">Museu Escolar de Pu\u00e7ol<\/span><\/p>\n<p><strong>\u00b7 Dimecres 18<\/strong><\/p>\n<p><strong>De 9.00 a 13.30 h i de 16.00 a 18.00 h. Jornada de portes obertes<\/strong><\/p>\n<p>Joc de la pe\u00e7a intrusa: s&#8217;entregar\u00e0 a les i els visitants i hauran de seguir les pistes i trobar peces \u201canacr\u00f2niques\u201d, relacionades amb el lema del DIM d&#8217;enguany, exposades en diferents seccions del museu.<\/p>\n<p><strong>11.30 h. Visita guiada gratu\u00efta<\/strong> amb inscripci\u00f3 pr\u00e8via escrivint al correu comunicacion@museopusol.com o telefonant al 965 938 985.<\/p>\n<p><strong>\u00b7 S\u00e1bado 21<\/strong><\/p>\n<p><strong>D&#8217;11.00 a 14.00 h. Jornada de portes obertes<\/strong><\/p>\n<p>Joc de la pe\u00e7a intrusa: s&#8217;entregar\u00e0 a les i els visitants i hauran de seguir les pistes i trobar peces \u201canacr\u00f2niques\u201d, relacionades amb el lema del DIM d&#8217;enguany, exposades en diferents seccions del museu.<\/p>\n<p><strong>11.30 h. Visita guiada gratu\u00efta<\/strong> amb inscripci\u00f3 pr\u00e8via escrivint al correu comunicacion@museopusol.com o telefonant al 965 938 985.<\/p>\n<p><strong>\u00b7 Diumenge 22<\/strong><\/p>\n<p><strong>D&#8217;11.00 a 14.00 h. Jornada de portes obertes<\/strong><\/p>\n<p>Joc de la pe\u00e7a intrusa: s&#8217;entregar\u00e0 a les i els visitants i hauran de seguir les pistes i trobar peces \u201canacr\u00f2niques\u201d, relacionades amb el lema del DIM d&#8217;enguany, exposades en diferents seccions del museu.<\/p>\n<p><strong>11.30 h. Visita guiada gratu\u00efta<\/strong> amb inscripci\u00f3 pr\u00e8via escrivint al correu comunicacion@museopusol.com o telefonant al 965 938 985.[\/vc_column_text][\/vc_column][\/vc_row][vc_row][vc_column][vc_column_text css=&#8221;.vc_custom_1652954996944{padding-top: 25px !important;}&#8221;]<\/p>\n<h4>Espai Hernandi\u00e0<\/h4>\n<p>[\/vc_column_text][\/vc_column][\/vc_row][vc_row][vc_column][vc_column_text css=&#8221;.vc_custom_1652955060711{padding-top: 25px !important;}&#8221;]<strong>\u00b7 Dimecres 18 de maig<\/strong><\/p>\n<p><strong>Presentaci\u00f3 llibre:<\/strong> <em>Miguel Hern\u00e1ndez, Pasiones, c\u00e1rcel y muerte de un poeta,<\/em> amb Jos\u00e9 Luis Ferris. Hi participa Ni\u00f1o de Elche.<\/p>\n<p><strong>Entrada:<\/strong> lliure mitja hora abans del comen\u00e7ament de l&#8217;acte.<\/p>\n<p><strong>Hora:<\/strong> 20.00 hores.<\/p>\n<p><strong>\u00b7 Divendres 20 de maig<\/strong><\/p>\n<p><strong>Confer\u00e8ncia:<\/strong> Que tenemos que hablar de muchas cosas&#8230; amb Luis Bonmat\u00ed i Natxo Vidal.<\/p>\n<p><strong>Entrada:<\/strong> lliure mitja hora abans del comen\u00e7ament.<\/p>\n<p><strong>Hora: <\/strong>20.30 hores.<\/p>\n<p><strong>Informaci\u00f3:<\/strong> En la pen\u00faltima sessi\u00f3, conflueixen dues veus que reparteixen el seu temps de creaci\u00f3 entre la poesia, la narrativa i altres disciplines. D&#8217;una banda, Luis Bonmat\u00ed: poeta, narrador, assagista, traductor, editor\u2026; per un altre, Natxo Vidal: m\u00fasic, poeta i autor de relats. Podran conversar sobre aquest \u201cpessimisme esperan\u00e7at\u201d que impregna bona part de les seues obres.[\/vc_column_text][\/vc_column][\/vc_row][vc_row][vc_column][vc_column_text css=&#8221;.vc_custom_1652955097121{padding-top: 25px !important;}&#8221;]<\/p>\n<h4>La Llotja<\/h4>\n<p>[\/vc_column_text][\/vc_column][\/vc_row][vc_row][vc_column][vc_column_text css=&#8221;.vc_custom_1652955554251{padding-top: 25px !important;}&#8221;]<strong>\u00b7 Dissabte 21 de maig.<\/strong><\/p>\n<p><strong>Teatre:<\/strong> <em>Botox<\/em> per Pasi\u00f3n Irreversible Teatro<\/p>\n<p><strong> Entrada:<\/strong> en <a href=\"https:\/\/www.instanticket.es\/botox\/?id=210522BOTOX\">Instanticket,<\/a> en la taquilla del Gran Teatre o una hora abans en la taquilla de La Llotja.<\/p>\n<p><strong>Hora:<\/strong> 20 hores.<\/p>\n<p><strong>Informaci\u00f3:<\/strong> aquesta obra parla de la necessitat de comunicaci\u00f3.<\/p>\n<p><strong>Sinopsi:<\/strong> Eva i Candela, mare i filla, acudeixen a la consulta del prestigi\u00f3s i fam\u00f3s cirurgi\u00e0 pl\u00e0stic Leopoldo Mart\u00edn per a sotmetre&#8217;s a un tractament de Botox. La sala d&#8217;espera de la consulta es convertir\u00e0 en el seu lloc de trobada obligada per a posar-se al dia de les seues atrafegades vides i ser\u00e0 un testimoni fidel de les seues absurdes ocurr\u00e8ncies.[\/vc_column_text][\/vc_column][\/vc_row][vc_row][vc_column][vc_column_text css=&#8221;.vc_custom_1652955535422{padding-top: 25px !important;}&#8221;]<\/p>\n<h4>Santa Maria<\/h4>\n<p>[\/vc_column_text][\/vc_column][\/vc_row][vc_row][vc_column][vc_column_text css=&#8221;.vc_custom_1652955597188{padding-top: 25px !important;}&#8221;]<strong>Dissabte 21 de maig.<\/strong><\/p>\n<p><strong>Concert<\/strong>: XI edici\u00f3 de la Setmana Bach<\/p>\n<p><strong>Entrada:<\/strong> gratu\u00efta<\/p>\n<p><strong>Hora:<\/strong> 21 hores.<\/p>\n<p><strong>Sinopsi:<\/strong> s&#8217;interpretar\u00e0 l&#8217;obra Magnificat del compositor Johann Sebastian Bach[\/vc_column_text][\/vc_column][\/vc_row]<\/p>\n<\/div>","protected":false},"excerpt":{"rendered":"<p>[vc_row][vc_column][vc_column_text css=&#8221;.vc_custom_1652950448970{padding-top: 25px !important;padding-bottom: 25px !important;}&#8221;] Ni\u00f1o de Elche presenta divendres en el Gran Teatre la gira de presentaci\u00f3 del seu nou disc La exclusi\u00f3n [\/vc_column_text][vc_column_text]Amb motiu del Dia Internacional [&hellip;]<\/p>\n","protected":false},"author":131,"featured_media":197313,"comment_status":"closed","ping_status":"closed","sticky":false,"template":"","format":"standard","meta":{"footnotes":""},"categories":[193,454,1312,1341,2235,3060],"tags":[],"class_list":["post-197792","post","type-post","status-publish","format-standard","has-post-thumbnail","hentry","category-cultura-va","category-museus","category-noticias-va","category-ocio-y-cultura-va","category-pedania","category-sales-cultura"],"_links":{"self":[{"href":"https:\/\/www.elche.es\/va\/wp-json\/wp\/v2\/posts\/197792","targetHints":{"allow":["GET"]}}],"collection":[{"href":"https:\/\/www.elche.es\/va\/wp-json\/wp\/v2\/posts"}],"about":[{"href":"https:\/\/www.elche.es\/va\/wp-json\/wp\/v2\/types\/post"}],"author":[{"embeddable":true,"href":"https:\/\/www.elche.es\/va\/wp-json\/wp\/v2\/users\/131"}],"replies":[{"embeddable":true,"href":"https:\/\/www.elche.es\/va\/wp-json\/wp\/v2\/comments?post=197792"}],"version-history":[{"count":0,"href":"https:\/\/www.elche.es\/va\/wp-json\/wp\/v2\/posts\/197792\/revisions"}],"wp:featuredmedia":[{"embeddable":true,"href":"https:\/\/www.elche.es\/va\/wp-json\/wp\/v2\/media\/197313"}],"wp:attachment":[{"href":"https:\/\/www.elche.es\/va\/wp-json\/wp\/v2\/media?parent=197792"}],"wp:term":[{"taxonomy":"category","embeddable":true,"href":"https:\/\/www.elche.es\/va\/wp-json\/wp\/v2\/categories?post=197792"},{"taxonomy":"post_tag","embeddable":true,"href":"https:\/\/www.elche.es\/va\/wp-json\/wp\/v2\/tags?post=197792"}],"curies":[{"name":"wp","href":"https:\/\/api.w.org\/{rel}","templated":true}]}}